{"id":126302,"date":"2026-04-26T05:36:37","date_gmt":"2026-04-26T08:36:37","guid":{"rendered":"https:\/\/laurbedigital.com.ar\/noticias\/?p=126302"},"modified":"2026-04-26T05:54:55","modified_gmt":"2026-04-26T08:54:55","slug":"salud-bucal-infantil-el-habito-preventivo-debe-comenzar-antes-del-primer-diente","status":"publish","type":"post","link":"https:\/\/laurbedigital.com.ar\/noticias\/2026\/04\/26\/salud-bucal-infantil-el-habito-preventivo-debe-comenzar-antes-del-primer-diente\/","title":{"rendered":"Salud bucal infantil: el h\u00e1bito preventivo debe comenzar antes del primer diente"},"content":{"rendered":"<p data-path-to-node=\"3\">La salud bucodental se ha consolidado como un desaf\u00edo de salud p\u00fablica a nivel global, afectando a casi 3.700 millones de personas seg\u00fan la Organizaci\u00f3n Mundial de la Salud (OMS). En Argentina, el panorama es particularmente preocupante en la poblaci\u00f3n pedi\u00e1trica: siete de cada diez personas atraviesan cuadros de caries durante su ni\u00f1ez. Ante este escenario, diversos informes de salud enfatizan que la clave para revertir estas estad\u00edsticas reside en la prevenci\u00f3n temprana, un proceso que debe iniciarse incluso antes de que la primera pieza dental sea visible.<\/p>\n<h4 data-path-to-node=\"4\">La importancia de la consulta precoz<\/h4>\n<p data-path-to-node=\"5\">La caries es una enfermedad cr\u00f3nica infecciosa que puede prevenirse mediante la adopci\u00f3n de h\u00e1bitos saludables desde el hogar. Sin embargo, uno de los mayores obst\u00e1culos es la conducta reactiva de la poblaci\u00f3n frente a la atenci\u00f3n m\u00e9dica. Se estima que cuatro de cada diez argentinos visitan al dentista solo una vez al a\u00f1o o menos, y la gran mayor\u00eda solo concurre ante la presencia de dolor o una urgencia manifiesta que requiere intervenci\u00f3n inmediata.<\/p>\n<p data-path-to-node=\"6\">La recomendaci\u00f3n acad\u00e9mica es contundente: la primera consulta odontol\u00f3gica debe realizarse antes de cumplir el primer a\u00f1o de vida. Este contacto inicial permite a los profesionales detectar factores de riesgo espec\u00edficos y educar a las familias para prevenir la denominada \u00abcaries de la primera infancia\u00bb, una afecci\u00f3n que, a pesar de ser frecuente, resulta sumamente da\u00f1ina para el desarrollo bucal a largo plazo.<\/p>\n<h4 data-path-to-node=\"7\">Gu\u00eda para el cepillado y el uso de fl\u00faor<\/h4>\n<p data-path-to-node=\"8\">Una de las dudas m\u00e1s frecuentes en los hogares es cu\u00e1ndo y c\u00f3mo introducir la higiene mec\u00e1nica en los lactantes. La regla t\u00e9cnica es clara: apenas asoma el primer diente, debe incorporarse el uso del cepillo. Este debe ser de cabezal peque\u00f1o y cerdas muy suaves para proteger las enc\u00edas. Respecto a la pasta dental, la evidencia cient\u00edfica actual respalda el uso de fl\u00faor desde el inicio, siempre ajustando la dosificaci\u00f3n seg\u00fan la edad del ni\u00f1o:<\/p>\n<ul data-path-to-node=\"9\">\n<li>\n<p data-path-to-node=\"9,0,0\"><b data-path-to-node=\"9,0,0\" data-index-in-node=\"0\">Hasta los 3 a\u00f1os:<\/b> la cantidad debe ser equivalente al tama\u00f1o de un grano de arroz.<\/p>\n<\/li>\n<li>\n<p data-path-to-node=\"9,1,0\"><b data-path-to-node=\"9,1,0\" data-index-in-node=\"0\">De 3 a 6 a\u00f1os:<\/b> la porci\u00f3n debe ser similar al tama\u00f1o de una arveja.<\/p>\n<\/li>\n<\/ul>\n<p data-path-to-node=\"10\">Resulta fundamental que un adulto supervise el cepillado al menos dos veces al d\u00eda para asegurar que la limpieza sea efectiva y evitar que el menor ingiera excedentes de pasta dental de forma accidental.<\/p>\n<h4 data-path-to-node=\"11\">H\u00e1bitos de riesgo en la infancia temprana<\/h4>\n<p data-path-to-node=\"12\">M\u00e1s all\u00e1 de la higiene, la dieta y las costumbres nocturnas juegan un rol determinante en la formaci\u00f3n de cavidades. Expertos advierten sobre pr\u00e1cticas de riesgo muy extendidas que deben evitarse, tales como dormir a los ni\u00f1os con mamaderas que contengan l\u00edquidos azucarados o la pr\u00e1ctica de endulzar el chupete. Estas acciones prolongan la exposici\u00f3n de los dientes reci\u00e9n nacidos a \u00e1cidos que desmineralizan el esmalte de forma prematura.<\/p>\n<p data-path-to-node=\"13\">En \u00faltima instancia, la salud bucal no debe ser una reacci\u00f3n ante la enfermedad, sino una construcci\u00f3n diaria. Acciones preventivas peque\u00f1as implementadas hoy son la \u00fanica herramienta eficaz para evitar tratamientos odontol\u00f3gicos complejos y costosos en el futuro.<\/p>\n","protected":false},"excerpt":{"rendered":"<p>La salud bucodental se ha consolidado como un desaf\u00edo de salud p\u00fablica a nivel global, afectando a casi 3.700 millones<\/p>\n","protected":false},"author":1,"featured_media":126296,"comment_status":"closed","ping_status":"closed","sticky":false,"template":"","format":"standard","meta":{"kia_subtitle":"Especialistas advierten que siete de cada diez ni\u00f1os en Argentina sufren de caries y remarcan la importancia de iniciar la higiene y las consultas antes del a\u00f1o de vida.","footnotes":"","jetpack_publicize_message":"","jetpack_publicize_feature_enabled":true,"jetpack_social_post_already_shared":true,"jetpack_social_options":{"image_generator_settings":{"template":"highway","default_image_id":0,"font":"","enabled":false},"version":2}},"categories":[15,70],"tags":[],"class_list":["post-126302","post","type-post","status-publish","format-standard","has-post-thumbnail","hentry","category-tendencias","category-salud"],"jetpack_publicize_connections":[],"jetpack_featured_media_url":"https:\/\/laurbedigital.com.ar\/noticias\/wp-content\/uploads\/2026\/04\/20260426-salud.bucal-infantil.png","_links":{"self":[{"href":"https:\/\/laurbedigital.com.ar\/noticias\/wp-json\/wp\/v2\/posts\/126302","targetHints":{"allow":["GET"]}}],"collection":[{"href":"https:\/\/laurbedigital.com.ar\/noticias\/wp-json\/wp\/v2\/posts"}],"about":[{"href":"https:\/\/laurbedigital.com.ar\/noticias\/wp-json\/wp\/v2\/types\/post"}],"author":[{"embeddable":true,"href":"https:\/\/laurbedigital.com.ar\/noticias\/wp-json\/wp\/v2\/users\/1"}],"replies":[{"embeddable":true,"href":"https:\/\/laurbedigital.com.ar\/noticias\/wp-json\/wp\/v2\/comments?post=126302"}],"version-history":[{"count":2,"href":"https:\/\/laurbedigital.com.ar\/noticias\/wp-json\/wp\/v2\/posts\/126302\/revisions"}],"predecessor-version":[{"id":126304,"href":"https:\/\/laurbedigital.com.ar\/noticias\/wp-json\/wp\/v2\/posts\/126302\/revisions\/126304"}],"wp:featuredmedia":[{"embeddable":true,"href":"https:\/\/laurbedigital.com.ar\/noticias\/wp-json\/wp\/v2\/media\/126296"}],"wp:attachment":[{"href":"https:\/\/laurbedigital.com.ar\/noticias\/wp-json\/wp\/v2\/media?parent=126302"}],"wp:term":[{"taxonomy":"category","embeddable":true,"href":"https:\/\/laurbedigital.com.ar\/noticias\/wp-json\/wp\/v2\/categories?post=126302"},{"taxonomy":"post_tag","embeddable":true,"href":"https:\/\/laurbedigital.com.ar\/noticias\/wp-json\/wp\/v2\/tags?post=126302"}],"curies":[{"name":"wp","href":"https:\/\/api.w.org\/{rel}","templated":true}]}}