{"id":126300,"date":"2026-04-26T05:35:24","date_gmt":"2026-04-26T08:35:24","guid":{"rendered":"https:\/\/laurbedigital.com.ar\/noticias\/?p=126300"},"modified":"2026-04-26T05:35:24","modified_gmt":"2026-04-26T08:35:24","slug":"la-apertura-importadora-y-el-atraso-cambiario-aceleran-la-destruccion-de-empresas","status":"publish","type":"post","link":"https:\/\/laurbedigital.com.ar\/noticias\/2026\/04\/26\/la-apertura-importadora-y-el-atraso-cambiario-aceleran-la-destruccion-de-empresas\/","title":{"rendered":"La apertura importadora y el atraso cambiario aceleran la destrucci\u00f3n de empresas"},"content":{"rendered":"<p data-path-to-node=\"3\">La velocidad de la metamorfosis econ\u00f3mica en Argentina ha alcanzado un ritmo que los analistas califican de \u00abdram\u00e1tico\u00bb. A poco m\u00e1s de dos a\u00f1os del inicio de la gesti\u00f3n de La Libertad Avanza, el entramado socioproductivo del pa\u00eds enfrenta una de las crisis de sostenibilidad m\u00e1s agudas de su historia reciente. Seg\u00fan datos oficiales y reportes de consultoras privadas, la combinaci\u00f3n de una apertura comercial irrestricta, el atraso del tipo de cambio y un ajuste fiscal sin precedentes est\u00e1 configurando un escenario donde la producci\u00f3n local cede terreno frente a los bienes finales importados, dejando tras de s\u00ed un tendal de comercios cerrados y f\u00e1bricas inactivas.<\/p>\n<h4 data-path-to-node=\"4\">Un saldo alarmante: 24.000 empresas menos<\/h4>\n<p data-path-to-node=\"5\">El impacto del programa econ\u00f3mico se traduce en cifras que superan los registros de crisis previas. De acuerdo con un informe de <b data-path-to-node=\"5\" data-index-in-node=\"129\">Fundar<\/b>, basado en datos de la Superintendencia de Riesgos del Trabajo, desde el inicio del mandato de Milei se han perdido <b data-path-to-node=\"5\" data-index-in-node=\"252\">24.180 empresas<\/b>, lo que representa una ca\u00edda del <b data-path-to-node=\"5\" data-index-in-node=\"301\">4,7%<\/b> del total del universo productivo hasta principios de 2026. Esta sangr\u00eda empresarial se concentra mayoritariamente en sectores orientados al mercado interno: 14 de los 19 rubros econ\u00f3micos muestran descensos significativos, con un impacto que alcanza a 23 de las 24 provincias argentinas, siendo Neuqu\u00e9n la \u00fanica excepci\u00f3n gracias al dinamismo de Vaca Muerta.<\/p>\n<p data-path-to-node=\"6\">En t\u00e9rminos laborales, el panorama es igualmente desolador. El <b data-path-to-node=\"6\" data-index-in-node=\"63\">Centro de Econom\u00eda Pol\u00edtica Argentina (CEPA)<\/b> se\u00f1ala que la cantidad de trabajadores registrados en unidades productivas se redujo un <b data-path-to-node=\"6\" data-index-in-node=\"196\">3%<\/b>, lo que equivale a la desaparici\u00f3n de <b data-path-to-node=\"6\" data-index-in-node=\"237\">290.123 puestos de trabajo<\/b>. Si se incluye al personal de casas particulares, la cifra de empleo privado registrado destruido asciende a m\u00e1s de <b data-path-to-node=\"6\" data-index-in-node=\"380\">317.000 personas<\/b>. Los especialistas advierten que este proceso no solo reduce la cantidad de empleo, sino que degrada su calidad, empujando a miles de trabajadores hacia la informalidad y la precariedad salarial.<\/p>\n<h4 data-path-to-node=\"7\">Importaciones vs. producci\u00f3n nacional<\/h4>\n<p data-path-to-node=\"8\">Uno de los ejes centrales del diagn\u00f3stico cr\u00edtico refiere al desplazamiento de la industria local por productos extranjeros. El <b data-path-to-node=\"8\" data-index-in-node=\"128\">Banco Provincia<\/b> detall\u00f3 en su \u00faltimo informe que la participaci\u00f3n de bienes finales (consumo y veh\u00edculos) alcanz\u00f3 el <b data-path-to-node=\"8\" data-index-in-node=\"245\">24,5%<\/b> de la canasta importadora en los \u00faltimos doce meses. Esta cifra es superior a los promedios registrados durante la convertibilidad de los a\u00f1os 90 y el gobierno de Mauricio Macri.<\/p>\n<p data-path-to-node=\"9\">Mientras las compras al exterior de productos terminados aumentaron un <b data-path-to-node=\"9\" data-index-in-node=\"71\">80%<\/b> entre 2023 y 2025, las importaciones de insumos productivos \u2014piezas y accesorios necesarios para fabricar localmente\u2014 cayeron un <b data-path-to-node=\"9\" data-index-in-node=\"204\">25%<\/b>. Esta asimetr\u00eda evidencia una estrategia de desmantelamiento deliberado del valor agregado nacional. El discurso oficial, que suele tildar de \u00abineficientes\u00bb a los empresarios locales, parece ignorar que la competencia se da en un marco de asimetr\u00eda cambiaria y costos financieros que asfixian la operatividad diaria.<\/p>\n<h4 data-path-to-node=\"10\">La dicotom\u00eda de los ganadores y perdedores<\/h4>\n<p data-path-to-node=\"11\">El modelo actual parece haber consolidado una econom\u00eda de dos velocidades. Por un lado, un sector externo robusto impulsado por r\u00e9cords en exportaciones de commodities (agro, miner\u00eda y energ\u00eda) que genera super\u00e1vit comercial. Por otro lado, una econom\u00eda dom\u00e9stica en ruinas que no recibe el \u00abderrame\u00bb de esas divisas. Los \u00fanicos ganadores claros en este esquema son el <b data-path-to-node=\"11\" data-index-in-node=\"369\">sector financiero<\/b>, los exportadores de materias primas y los grandes importadores de bienes terminados.<\/p>\n<h4 data-path-to-node=\"12\">Perspectivas y riesgo de sostenibilidad<\/h4>\n<p data-path-to-node=\"13\">A pesar de las promesas del ministro de Econom\u00eda, Luis Caputo, sobre una inminente recuperaci\u00f3n hist\u00f3rica, los indicadores de actividad de febrero de 2026 muestran una ca\u00edda del <b data-path-to-node=\"13\" data-index-in-node=\"178\">2,6%<\/b>, ubic\u00e1ndose como uno de los peores registros mensuales desde 2004 (excluyendo la pandemia). El arrastre estad\u00edstico negativo pone en duda incluso la posibilidad de crecimiento para el cierre de este a\u00f1o.<\/p>\n<p data-path-to-node=\"14\">El riesgo que asume el Ejecutivo es, en \u00faltima instancia, pol\u00edtico y social. Cuando la ca\u00edda del consumo y la p\u00e9rdida de empleo superen la barrera de la tolerancia social, el relato de la \u00abeficiencia de mercado\u00bb podr\u00eda enfrentarse a un shock de realidad. El hundimiento de la clase media comercial e industrial representa un desaf\u00edo para la sostenibilidad de un modelo que, hasta ahora, ha avanzado a una velocidad de destrucci\u00f3n superior a cualquier ciclo previo de apertura liberal.<\/p>\n","protected":false},"excerpt":{"rendered":"<p>La velocidad de la metamorfosis econ\u00f3mica en Argentina ha alcanzado un ritmo que los analistas califican de \u00abdram\u00e1tico\u00bb. A poco<\/p>\n","protected":false},"author":1,"featured_media":126293,"comment_status":"closed","ping_status":"closed","sticky":false,"template":"","format":"standard","meta":{"kia_subtitle":"El modelo econ\u00f3mico de Javier Milei registra una p\u00e9rdida in\u00e9dita de unidades productivas y puestos de trabajo, impulsada por un esquema que privilegia las finanzas sobre la industria nacional.","footnotes":"","jetpack_publicize_message":"","jetpack_publicize_feature_enabled":true,"jetpack_social_post_already_shared":true,"jetpack_social_options":{"image_generator_settings":{"template":"highway","default_image_id":0,"font":"","enabled":false},"version":2}},"categories":[3,41],"tags":[],"class_list":["post-126300","post","type-post","status-publish","format-standard","has-post-thumbnail","hentry","category-actualidad","category-nacionales"],"jetpack_publicize_connections":[],"jetpack_featured_media_url":"https:\/\/laurbedigital.com.ar\/noticias\/wp-content\/uploads\/2026\/04\/20260426-milei.png","_links":{"self":[{"href":"https:\/\/laurbedigital.com.ar\/noticias\/wp-json\/wp\/v2\/posts\/126300","targetHints":{"allow":["GET"]}}],"collection":[{"href":"https:\/\/laurbedigital.com.ar\/noticias\/wp-json\/wp\/v2\/posts"}],"about":[{"href":"https:\/\/laurbedigital.com.ar\/noticias\/wp-json\/wp\/v2\/types\/post"}],"author":[{"embeddable":true,"href":"https:\/\/laurbedigital.com.ar\/noticias\/wp-json\/wp\/v2\/users\/1"}],"replies":[{"embeddable":true,"href":"https:\/\/laurbedigital.com.ar\/noticias\/wp-json\/wp\/v2\/comments?post=126300"}],"version-history":[{"count":1,"href":"https:\/\/laurbedigital.com.ar\/noticias\/wp-json\/wp\/v2\/posts\/126300\/revisions"}],"predecessor-version":[{"id":126301,"href":"https:\/\/laurbedigital.com.ar\/noticias\/wp-json\/wp\/v2\/posts\/126300\/revisions\/126301"}],"wp:featuredmedia":[{"embeddable":true,"href":"https:\/\/laurbedigital.com.ar\/noticias\/wp-json\/wp\/v2\/media\/126293"}],"wp:attachment":[{"href":"https:\/\/laurbedigital.com.ar\/noticias\/wp-json\/wp\/v2\/media?parent=126300"}],"wp:term":[{"taxonomy":"category","embeddable":true,"href":"https:\/\/laurbedigital.com.ar\/noticias\/wp-json\/wp\/v2\/categories?post=126300"},{"taxonomy":"post_tag","embeddable":true,"href":"https:\/\/laurbedigital.com.ar\/noticias\/wp-json\/wp\/v2\/tags?post=126300"}],"curies":[{"name":"wp","href":"https:\/\/api.w.org\/{rel}","templated":true}]}}