{"id":126298,"date":"2026-04-26T05:33:32","date_gmt":"2026-04-26T08:33:32","guid":{"rendered":"https:\/\/laurbedigital.com.ar\/noticias\/?p=126298"},"modified":"2026-04-26T05:33:32","modified_gmt":"2026-04-26T08:33:32","slug":"mentiras-el-drama-espanol-de-netflix-que-cuestiona-la-verdad-en-solo-seis-episodios","status":"publish","type":"post","link":"https:\/\/laurbedigital.com.ar\/noticias\/2026\/04\/26\/mentiras-el-drama-espanol-de-netflix-que-cuestiona-la-verdad-en-solo-seis-episodios\/","title":{"rendered":"Mentiras: el drama espa\u00f1ol de Netflix que cuestiona la verdad en solo seis episodios"},"content":{"rendered":"<p data-path-to-node=\"3\">Netflix ha vuelto a encontrar el \u00e9xito en el cat\u00e1logo europeo con el estreno de <b data-path-to-node=\"3\" data-index-in-node=\"80\">\u00abMentiras\u00bb<\/b>, una miniserie espa\u00f1ola que, con apenas seis cap\u00edtulos, se ha posicionado como uno de los contenidos m\u00e1s vistos de la plataforma. La producci\u00f3n, que destaca por su ritmo vertiginoso y una tem\u00e1tica de profunda relevancia social, est\u00e1 protagonizada por <b data-path-to-node=\"3\" data-index-in-node=\"342\">Javier Rey<\/b> y <b data-path-to-node=\"3\" data-index-in-node=\"355\">\u00c1ngela Cremonte<\/b>, quienes se sumergen en un relato donde la manipulaci\u00f3n psicol\u00f3gica y la ambig\u00fcedad moral son las piezas centrales del tablero.<\/p>\n<h4 data-path-to-node=\"4\">Un duelo de perspectivas: \u00bfqui\u00e9n dice la verdad?<\/h4>\n<p data-path-to-node=\"5\">La trama de <b data-path-to-node=\"5\" data-index-in-node=\"12\">\u00abMentiras\u00bb<\/b> es una adaptaci\u00f3n de la aclamada serie brit\u00e1nica <i data-path-to-node=\"5\" data-index-in-node=\"72\">Liar<\/i>. La historia se dispara cuando Laura Munar, una profesora de literatura, acepta una cita con Xavier Vera, un cirujano de gran prestigio y padre de uno de sus alumnos. Lo que comienza como una velada aparentemente normal termina de forma traum\u00e1tica: a la ma\u00f1ana siguiente, Laura se despierta en su cama desorientada, con n\u00e1useas y lagunas mentales que sugieren haber sido drogada.<\/p>\n<p data-path-to-node=\"6\">A partir de all\u00ed, la serie se convierte en un laberinto judicial. Laura denuncia a Xavier por agresi\u00f3n sexual, pero se choca de frente con un sistema que prioriza la evidencia f\u00edsica contundente, la cual es inexistente en su caso. Ante el escepticismo de las autoridades y el peso del <b data-path-to-node=\"6\" data-index-in-node=\"285\">\u00abbeneficio de la duda\u00bb<\/b> que protege al cirujano, la protagonista decide iniciar una cruzada personal para exponer al hombre que, detr\u00e1s de su fachada de profesional ejemplar, oculta una naturaleza depredadora.<\/p>\n<h4 data-path-to-node=\"7\">Protagonistas de una tensi\u00f3n asfixiante<\/h4>\n<p data-path-to-node=\"8\">El \u00e9xito de la serie descansa en las interpretaciones de su dupla central. <b data-path-to-node=\"8\" data-index-in-node=\"75\">Javier Rey<\/b> logra encarnar a un Xavier Vera que transita entre la caballerosidad y la inquietante frialdad de quien se sabe poderoso. Su interpretaci\u00f3n obliga al espectador a dudar constantemente, analizando cada gesto en busca de una grieta en su coartada.<\/p>\n<p data-path-to-node=\"9\">Por otro lado, <b data-path-to-node=\"9\" data-index-in-node=\"15\">\u00c1ngela Cremonte<\/b> entrega una actuaci\u00f3n desgarradora como Laura. Su personaje no es una v\u00edctima pasiva; es una mujer que, ante la desprotecci\u00f3n institucional, se ve obligada a tomar riesgos \u00e9ticos para que su voz sea escuchada. El despliegue emocional de Cremonte captura la frustraci\u00f3n de quien es juzgado por una sociedad que, muchas veces, prefiere cuestionar a la denunciante antes que al denunciado.<\/p>\n<h4 data-path-to-node=\"10\">El auge de las miniseries de marat\u00f3n<\/h4>\n<p data-path-to-node=\"11\">Con solo seis episodios, <b data-path-to-node=\"11\" data-index-in-node=\"25\">\u00abMentiras\u00bb<\/b> se ajusta perfectamente a la tendencia actual de consumo bajo demanda: historias potentes, sin rellenos innecesarios y con una estructura dise\u00f1ada para ser vista de un solo tir\u00f3n. La serie no solo funciona como un thriller policial de alta factura, sino que tambi\u00e9n funciona como un disparador de debate sobre el consentimiento, el peso de la reputaci\u00f3n y los prejuicios sociales.<\/p>\n<h4 data-path-to-node=\"12\">Ficha t\u00e9cnica y visualizaci\u00f3n<\/h4>\n<p data-path-to-node=\"13\">Para los suscriptores que buscan un drama adulto y maduro, esta producci\u00f3n espa\u00f1ola es una recomendaci\u00f3n ineludible. Sin embargo, debido a su crudeza y las tem\u00e1ticas que aborda, la plataforma la ha calificado como <b data-path-to-node=\"13\" data-index-in-node=\"214\">no apta para menores de edad<\/b>, asegurando as\u00ed que el p\u00fablico est\u00e9 preparado para un relato que no escatima en tensi\u00f3n emocional.<\/p>\n","protected":false},"excerpt":{"rendered":"<p>Netflix ha vuelto a encontrar el \u00e9xito en el cat\u00e1logo europeo con el estreno de \u00abMentiras\u00bb, una miniserie espa\u00f1ola que,<\/p>\n","protected":false},"author":1,"featured_media":126292,"comment_status":"closed","ping_status":"closed","sticky":false,"template":"","format":"standard","meta":{"kia_subtitle":"Protagonizada por \u00c1ngela Cremonte y Javier Rey, la serie aborda un complejo caso de abuso sexual y justicia por mano propia que divide a la opini\u00f3n p\u00fablica.","footnotes":"","jetpack_publicize_message":"","jetpack_publicize_feature_enabled":true,"jetpack_social_post_already_shared":true,"jetpack_social_options":{"image_generator_settings":{"template":"highway","default_image_id":0,"font":"","enabled":false},"version":2}},"categories":[2600,68],"tags":[],"class_list":["post-126298","post","type-post","status-publish","format-standard","has-post-thumbnail","hentry","category-espectaculo","category-cine-y-series"],"jetpack_publicize_connections":[],"jetpack_featured_media_url":"https:\/\/laurbedigital.com.ar\/noticias\/wp-content\/uploads\/2026\/04\/20260426-MENTIRAS.png","_links":{"self":[{"href":"https:\/\/laurbedigital.com.ar\/noticias\/wp-json\/wp\/v2\/posts\/126298","targetHints":{"allow":["GET"]}}],"collection":[{"href":"https:\/\/laurbedigital.com.ar\/noticias\/wp-json\/wp\/v2\/posts"}],"about":[{"href":"https:\/\/laurbedigital.com.ar\/noticias\/wp-json\/wp\/v2\/types\/post"}],"author":[{"embeddable":true,"href":"https:\/\/laurbedigital.com.ar\/noticias\/wp-json\/wp\/v2\/users\/1"}],"replies":[{"embeddable":true,"href":"https:\/\/laurbedigital.com.ar\/noticias\/wp-json\/wp\/v2\/comments?post=126298"}],"version-history":[{"count":1,"href":"https:\/\/laurbedigital.com.ar\/noticias\/wp-json\/wp\/v2\/posts\/126298\/revisions"}],"predecessor-version":[{"id":126299,"href":"https:\/\/laurbedigital.com.ar\/noticias\/wp-json\/wp\/v2\/posts\/126298\/revisions\/126299"}],"wp:featuredmedia":[{"embeddable":true,"href":"https:\/\/laurbedigital.com.ar\/noticias\/wp-json\/wp\/v2\/media\/126292"}],"wp:attachment":[{"href":"https:\/\/laurbedigital.com.ar\/noticias\/wp-json\/wp\/v2\/media?parent=126298"}],"wp:term":[{"taxonomy":"category","embeddable":true,"href":"https:\/\/laurbedigital.com.ar\/noticias\/wp-json\/wp\/v2\/categories?post=126298"},{"taxonomy":"post_tag","embeddable":true,"href":"https:\/\/laurbedigital.com.ar\/noticias\/wp-json\/wp\/v2\/tags?post=126298"}],"curies":[{"name":"wp","href":"https:\/\/api.w.org\/{rel}","templated":true}]}}