{"id":126290,"date":"2026-04-26T05:31:44","date_gmt":"2026-04-26T08:31:44","guid":{"rendered":"https:\/\/laurbedigital.com.ar\/noticias\/?p=126290"},"modified":"2026-04-26T05:31:44","modified_gmt":"2026-04-26T08:31:44","slug":"nissan-abandona-el-pais-vende-su-filial-en-argentina-y-el-negocio-queda-en-manos-de-un-grupo-importador","status":"publish","type":"post","link":"https:\/\/laurbedigital.com.ar\/noticias\/2026\/04\/26\/nissan-abandona-el-pais-vende-su-filial-en-argentina-y-el-negocio-queda-en-manos-de-un-grupo-importador\/","title":{"rendered":"Nissan abandona el pa\u00eds: vende su filial en Argentina y el negocio queda en manos de un grupo importador"},"content":{"rendered":"<p data-path-to-node=\"3\">La crisis del sector automotriz argentino sum\u00f3 un cap\u00edtulo determinante con la confirmaci\u00f3n oficial de que <b data-path-to-node=\"3\" data-index-in-node=\"107\">Nissan<\/b> se encuentra en un proceso avanzado para vender su filial local. Tras meses de especulaciones y una reestructuraci\u00f3n que comenz\u00f3 con el cese de su producci\u00f3n en C\u00f3rdoba durante 2025, el presidente de la firma en el pa\u00eds, Ricardo Flammini, ratific\u00f3 que la operaci\u00f3n comercial ser\u00e1 transferida al <b data-path-to-node=\"3\" data-index-in-node=\"409\">Grupo Simpa<\/b>. Este movimiento estrat\u00e9gico desplaza a la marca de su rol como terminal directa para integrarla a una unidad de mercados importadores, una decisi\u00f3n que refleja la fragilidad de la industria nacional y el avance de un plan de ajuste global de la compa\u00f1\u00eda nipona.<\/p>\n<h4 data-path-to-node=\"4\">El fin de una era industrial en Santa Isabel<\/h4>\n<p data-path-to-node=\"5\">El anuncio de la venta no es un evento fortuito, sino la conclusi\u00f3n de una retirada que tuvo su punto de inflexi\u00f3n en octubre de 2025. En esa fecha, Nissan detuvo definitivamente la fabricaci\u00f3n de la pick-up Frontier en la hist\u00f3rica planta de Santa Isabel, en la provincia de C\u00f3rdoba. Los factores que sentenciaron la l\u00ednea de montaje fueron la falta de competitividad exportadora frente a otros polos regionales y los elevados costos operativos internos, que hac\u00edan insostenible el mantenimiento de una estructura de producci\u00f3n a gran escala.<\/p>\n<p data-path-to-node=\"6\">Con este traspaso, Nissan Argentina dejar\u00e1 de reportar como filial directa para pasar a formar parte de <b data-path-to-node=\"6\" data-index-in-node=\"104\">NIBU (Nissan Importers Business Unit)<\/b>. Esta divisi\u00f3n ya gestiona 36 mercados en Am\u00e9rica Latina bajo un modelo de distribuidor, esquema que la marca ya aplica con \u00e9xito en pa\u00edses como Chile y Per\u00fa. Al ceder el control al Grupo Simpa \u2014que cuenta con la participaci\u00f3n del Grupo Tagle\u2014, la automotriz busca alivianar su balance financiero y reducir su exposici\u00f3n ante la volatilidad econ\u00f3mica del Cono Sur.<\/p>\n<h4 data-path-to-node=\"7\">Re:Nissan: un ajuste con impacto global<\/h4>\n<p data-path-to-node=\"8\">La decisi\u00f3n se alinea con el ambicioso pero doloroso plan de reestructuraci\u00f3n mundial denominado <b data-path-to-node=\"8\" data-index-in-node=\"97\">\u201cRe:Nissan\u201d<\/b>. La corporaci\u00f3n japonesa atraviesa una etapa cr\u00edtica de rentabilidad y ventas a nivel global, lo que la ha obligado a priorizar mercados de alto volumen y abandonar esquemas de inversi\u00f3n directa en pa\u00edses con inestabilidad arancelaria o baja escala de producci\u00f3n.<\/p>\n<p data-path-to-node=\"9\">En el contexto local, el escenario se volvi\u00f3 particularmente adverso debido a dos factores externos:<\/p>\n<ol start=\"1\" data-path-to-node=\"10\">\n<li>\n<p data-path-to-node=\"10,0,0\"><b data-path-to-node=\"10,0,0\" data-index-in-node=\"0\">Desbalance en el Mercosur:<\/b> La asimetr\u00eda comercial con Brasil dificult\u00f3 los intercambios compensados.<\/p>\n<\/li>\n<li>\n<p data-path-to-node=\"10,1,0\"><b data-path-to-node=\"10,1,0\" data-index-in-node=\"0\">Conflicto arancelario con M\u00e9xico:<\/b> La ca\u00edda de acuerdos clave con el pa\u00eds azteca \u2014desde donde ahora se importa la Frontier para el mercado interno\u2014 puso en jaque la competitividad de los precios locales.<\/p>\n<\/li>\n<\/ol>\n<p data-path-to-node=\"11\">A este panorama se suma la irrupci\u00f3n de competidores asi\u00e1ticos. La marca china <b data-path-to-node=\"11\" data-index-in-node=\"79\">BYD<\/b> desplaz\u00f3 recientemente a Nissan en el ranking de ventas, evidenciando un cambio de paradigma donde los nuevos jugadores aprovechan la retirada de las terminales tradicionales para ganar cuota de mercado con estructuras m\u00e1s \u00e1giles y agresivas.<\/p>\n<h4 data-path-to-node=\"12\">Incertidumbre en la red comercial y laboral<\/h4>\n<p data-path-to-node=\"13\">Aunque la comunicaci\u00f3n oficial de Nissan intenta llevar tranquilidad asegurando que los servicios de posventa, las garant\u00edas y los planes de ahorro vigentes continuar\u00e1n operando con normalidad, la realidad puertas adentro de las concesionarias es de cautela. El traspaso a un grupo privado local como <b data-path-to-node=\"13\" data-index-in-node=\"301\">Simpa<\/b> \u2014cuya fortaleza hist\u00f3rica reside en el sector de las motocicletas y la industria pl\u00e1stica\u2014 plantea interrogantes sobre la continuidad de los 3.000 empleos directos e indirectos vinculados a la red.<\/p>\n<p data-path-to-node=\"14\">El portafolio de productos tambi\u00e9n queda bajo la lupa. Modelos emblem\u00e1ticos como el <b data-path-to-node=\"14\" data-index-in-node=\"84\">Versa<\/b> y el <b data-path-to-node=\"14\" data-index-in-node=\"95\">Sentra<\/b>, que ingresan al pa\u00eds desde M\u00e9xico, podr\u00edan enfrentar un escenario cr\u00edtico. Si las negociaciones diplom\u00e1ticas no logran revertir el fin de los beneficios arancelarios, estos veh\u00edculos pasar\u00edan a estar gravados con un arancel del <b data-path-to-node=\"14\" data-index-in-node=\"331\">35% extrazona<\/b>. Bajo un esquema de importador puro, dicho sobrecosto podr\u00eda volver inviable su comercializaci\u00f3n, limitando la oferta de la marca a unos pocos modelos de nicho.<\/p>\n<h4 data-path-to-node=\"15\">Perspectivas de un mercado en transici\u00f3n<\/h4>\n<p data-path-to-node=\"16\">Por el momento, el acuerdo entre Nissan y el Grupo Simpa se encuentra en la etapa de \u00abDue Diligence\u00bb, un an\u00e1lisis exhaustivo de activos y pasivos previo a la firma del contrato definitivo. Este periodo de transici\u00f3n es seguido de cerca por el Gobierno y los sindicatos, dado que representa un s\u00edntoma de la \u00abprimarizaci\u00f3n\u00bb comercial del sector automotor, donde las marcas prefieren ser simples importadoras antes que fabricantes.<\/p>\n<p data-path-to-node=\"17\">La salida de Nissan como terminal directa cierra un ciclo de inversiones que alguna vez prometi\u00f3 convertir a Argentina en un polo exportador de pick-ups para toda la regi\u00f3n. Hoy, la realidad dicta una narrativa diferente: la de una retirada estrat\u00e9gica en busca de supervivencia financiera, dejando el futuro de la marca en manos de capitales nacionales que deber\u00e1n navegar un mercado cada vez m\u00e1s complejo y competitivo.<\/p>\n","protected":false},"excerpt":{"rendered":"<p>La crisis del sector automotriz argentino sum\u00f3 un cap\u00edtulo determinante con la confirmaci\u00f3n oficial de que Nissan se encuentra en<\/p>\n","protected":false},"author":1,"featured_media":126291,"comment_status":"closed","ping_status":"closed","sticky":false,"template":"","format":"standard","meta":{"kia_subtitle":"La automotriz japonesa confirm\u00f3 la firma de un memorando para transferir su operaci\u00f3n comercial a un distribuidor local, marcando el fin de su presencia directa tras el cierre industrial.","footnotes":"","jetpack_publicize_message":"","jetpack_publicize_feature_enabled":true,"jetpack_social_post_already_shared":true,"jetpack_social_options":{"image_generator_settings":{"template":"highway","default_image_id":0,"font":"","enabled":false},"version":2}},"categories":[3,41],"tags":[],"class_list":["post-126290","post","type-post","status-publish","format-standard","has-post-thumbnail","hentry","category-actualidad","category-nacionales"],"jetpack_publicize_connections":[],"jetpack_featured_media_url":"https:\/\/laurbedigital.com.ar\/noticias\/wp-content\/uploads\/2026\/04\/20260426-.png","_links":{"self":[{"href":"https:\/\/laurbedigital.com.ar\/noticias\/wp-json\/wp\/v2\/posts\/126290","targetHints":{"allow":["GET"]}}],"collection":[{"href":"https:\/\/laurbedigital.com.ar\/noticias\/wp-json\/wp\/v2\/posts"}],"about":[{"href":"https:\/\/laurbedigital.com.ar\/noticias\/wp-json\/wp\/v2\/types\/post"}],"author":[{"embeddable":true,"href":"https:\/\/laurbedigital.com.ar\/noticias\/wp-json\/wp\/v2\/users\/1"}],"replies":[{"embeddable":true,"href":"https:\/\/laurbedigital.com.ar\/noticias\/wp-json\/wp\/v2\/comments?post=126290"}],"version-history":[{"count":1,"href":"https:\/\/laurbedigital.com.ar\/noticias\/wp-json\/wp\/v2\/posts\/126290\/revisions"}],"predecessor-version":[{"id":126297,"href":"https:\/\/laurbedigital.com.ar\/noticias\/wp-json\/wp\/v2\/posts\/126290\/revisions\/126297"}],"wp:featuredmedia":[{"embeddable":true,"href":"https:\/\/laurbedigital.com.ar\/noticias\/wp-json\/wp\/v2\/media\/126291"}],"wp:attachment":[{"href":"https:\/\/laurbedigital.com.ar\/noticias\/wp-json\/wp\/v2\/media?parent=126290"}],"wp:term":[{"taxonomy":"category","embeddable":true,"href":"https:\/\/laurbedigital.com.ar\/noticias\/wp-json\/wp\/v2\/categories?post=126290"},{"taxonomy":"post_tag","embeddable":true,"href":"https:\/\/laurbedigital.com.ar\/noticias\/wp-json\/wp\/v2\/tags?post=126290"}],"curies":[{"name":"wp","href":"https:\/\/api.w.org\/{rel}","templated":true}]}}