{"id":125368,"date":"2026-03-19T04:38:24","date_gmt":"2026-03-19T07:38:24","guid":{"rendered":"https:\/\/laurbedigital.com.ar\/noticias\/?p=125368"},"modified":"2026-03-19T04:38:24","modified_gmt":"2026-03-19T07:38:24","slug":"furor-por-atrapados-la-miniserie-argentina-de-solo-6-capitulos-que-conquista-netflix","status":"publish","type":"post","link":"https:\/\/laurbedigital.com.ar\/noticias\/2026\/03\/19\/furor-por-atrapados-la-miniserie-argentina-de-solo-6-capitulos-que-conquista-netflix\/","title":{"rendered":"Furor por \u00abAtrapados\u00bb: la miniserie argentina de solo 6 cap\u00edtulos que conquista Netflix"},"content":{"rendered":"<p data-path-to-node=\"2\">La industria audiovisual argentina vuelve a golpear la mesa del <i data-path-to-node=\"2\" data-index-in-node=\"64\">streaming<\/i> global. Con una propuesta de narrativa intensa y una est\u00e9tica g\u00e9lida, <b data-path-to-node=\"2\" data-index-in-node=\"144\">\u00abAtrapados\u00bb<\/b> se ha convertido en el fen\u00f3meno del momento en <b data-path-to-node=\"2\" data-index-in-node=\"203\">Netflix<\/b>. La producci\u00f3n no solo destaca por su elenco de estrellas \u2014encabezado por <b data-path-to-node=\"2\" data-index-in-node=\"285\">Juan Minuj\u00edn<\/b>, <b data-path-to-node=\"2\" data-index-in-node=\"299\">Soledad Villamil<\/b> y el ganador del Goya, <b data-path-to-node=\"2\" data-index-in-node=\"339\">Alberto Ammann<\/b>\u2014 sino por ser la primera adaptaci\u00f3n latinoamericana de una obra del c\u00e9lebre escritor estadounidense <b data-path-to-node=\"2\" data-index-in-node=\"454\">Harlan Coben<\/b>.<\/p>\n<p data-path-to-node=\"3\">A lo largo de seis episodios, la miniserie logra amalgamar el suspenso cl\u00e1sico del autor con la idiosincrasia y los paisajes imponentes de San Carlos de Bariloche, construyendo una atm\u00f3sfera donde los secretos pesan tanto como la nieve que rodea a los personajes.<\/p>\n<h4 data-path-to-node=\"5\">Una trama de secretos y periodismo de investigaci\u00f3n<\/h4>\n<p data-path-to-node=\"6\">La historia sigue los pasos de <b data-path-to-node=\"6\" data-index-in-node=\"31\">Ema Garay<\/b> (Villamil), una periodista de investigaci\u00f3n implacable cuya carrera se ha forjado exponiendo criminales que lograron eludir los tribunales. Su m\u00e9todo, basado en pruebas irrefutables y testimonios directos, la ha convertido en una figura respetada y temida por igual.<\/p>\n<p data-path-to-node=\"7\">Sin embargo, su estabilidad profesional y emocional se quiebra ante la desaparici\u00f3n de una adolescente de 16 a\u00f1os. Lo que comienza como una cr\u00f3nica policial est\u00e1ndar para los medios locales se transforma r\u00e1pidamente en una obsesi\u00f3n personal para Ema. A medida que indaga en las grietas de la comunidad de Bariloche, la periodista descubre que la verdad es un rompecabezas de piezas ensangrentadas donde nadie es lo que parece.<\/p>\n<h4 data-path-to-node=\"8\">El sello de Harlan Coben en clave nacional<\/h4>\n<p data-path-to-node=\"9\">El \u00e9xito de \u00abAtrapados\u00bb radica en la efectiva transposici\u00f3n del universo Coben al contexto argentino. El autor es conocido mundialmente por sus historias de desapariciones y pasados oscuros que regresan para cobrar facturas, f\u00f3rmulas que ya han triunfado en versiones brit\u00e1nicas (<i data-path-to-node=\"9\" data-index-in-node=\"280\">The Stranger<\/i>), polacas (<i data-path-to-node=\"9\" data-index-in-node=\"304\">Hold Tight<\/i>) y espa\u00f1olas (<i data-path-to-node=\"9\" data-index-in-node=\"329\">The Innocent<\/i>).<\/p>\n<p data-path-to-node=\"10\">En esta versi\u00f3n, el guion aprovecha la geograf\u00eda del sur argentino no solo como decorado, sino como un elemento narrativo de aislamiento. El elenco se completa con figuras de peso como <b data-path-to-node=\"10\" data-index-in-node=\"185\">Fern\u00e1n Mir\u00e1s<\/b> y <b data-path-to-node=\"10\" data-index-in-node=\"200\">Mike Amigorena<\/b>, quienes aportan matices de ambig\u00fcedad a una trama donde el espectador es desafiado a desconfiar de cada gesto.<\/p>\n<blockquote data-path-to-node=\"11\">\n<p data-path-to-node=\"11,0\"><b data-path-to-node=\"11,0\" data-index-in-node=\"0\">El dato:<\/b> La serie forma parte del plan de Netflix por potenciar el contenido \u00abHecho en Argentina\u00bb, sum\u00e1ndose a otros \u00e9xitos recientes que han logrado trascender las fronteras regionales.<\/p>\n<\/blockquote>\n<h4 data-path-to-node=\"12\">Por qu\u00e9 verla: brevedad y ritmo vertiginoso<\/h4>\n<p data-path-to-node=\"13\">En una era de contenidos extensos, \u00abAtrapados\u00bb apuesta por el formato de <b data-path-to-node=\"13\" data-index-in-node=\"73\">miniserie compacta<\/b>. Sus seis cap\u00edtulos est\u00e1n dise\u00f1ados para ser consumidos en una sola jornada, manteniendo un ritmo que no da respiro y que cierra cada entrega con un <i data-path-to-node=\"13\" data-index-in-node=\"241\">cliffhanger<\/i> (gancho) que obliga a seguir adelante.<\/p>\n<p data-path-to-node=\"14\">La direcci\u00f3n logra equilibrar el drama humano de una madre desesperada con la frialdad t\u00e9cnica de la investigaci\u00f3n period\u00edstica, ofreciendo una mirada cr\u00edtica sobre c\u00f3mo los medios y la justicia interact\u00faan ante tragedias que sacuden a sociedades peque\u00f1as.<\/p>\n","protected":false},"excerpt":{"rendered":"<p>La industria audiovisual argentina vuelve a golpear la mesa del streaming global. Con una propuesta de narrativa intensa y una<\/p>\n","protected":false},"author":1,"featured_media":125352,"comment_status":"closed","ping_status":"closed","sticky":false,"template":"","format":"standard","meta":{"kia_subtitle":"Protagonizada por Juan Minuj\u00edn y Soledad Villamil, la adaptaci\u00f3n del bestseller de Harlan Coben se posiciona como lo m\u00e1s visto. Un thriller oscuro ambientado en Bariloche que redefine el suspenso local.","footnotes":"","jetpack_publicize_message":"","jetpack_publicize_feature_enabled":true,"jetpack_social_post_already_shared":true,"jetpack_social_options":{"image_generator_settings":{"template":"highway","default_image_id":0,"font":"","enabled":false},"version":2}},"categories":[2600,68],"tags":[],"class_list":["post-125368","post","type-post","status-publish","format-standard","has-post-thumbnail","hentry","category-espectaculo","category-cine-y-series"],"jetpack_publicize_connections":[],"jetpack_featured_media_url":"https:\/\/laurbedigital.com.ar\/noticias\/wp-content\/uploads\/2026\/03\/20220319-ATRAPADOS.png","_links":{"self":[{"href":"https:\/\/laurbedigital.com.ar\/noticias\/wp-json\/wp\/v2\/posts\/125368","targetHints":{"allow":["GET"]}}],"collection":[{"href":"https:\/\/laurbedigital.com.ar\/noticias\/wp-json\/wp\/v2\/posts"}],"about":[{"href":"https:\/\/laurbedigital.com.ar\/noticias\/wp-json\/wp\/v2\/types\/post"}],"author":[{"embeddable":true,"href":"https:\/\/laurbedigital.com.ar\/noticias\/wp-json\/wp\/v2\/users\/1"}],"replies":[{"embeddable":true,"href":"https:\/\/laurbedigital.com.ar\/noticias\/wp-json\/wp\/v2\/comments?post=125368"}],"version-history":[{"count":2,"href":"https:\/\/laurbedigital.com.ar\/noticias\/wp-json\/wp\/v2\/posts\/125368\/revisions"}],"predecessor-version":[{"id":125370,"href":"https:\/\/laurbedigital.com.ar\/noticias\/wp-json\/wp\/v2\/posts\/125368\/revisions\/125370"}],"wp:featuredmedia":[{"embeddable":true,"href":"https:\/\/laurbedigital.com.ar\/noticias\/wp-json\/wp\/v2\/media\/125352"}],"wp:attachment":[{"href":"https:\/\/laurbedigital.com.ar\/noticias\/wp-json\/wp\/v2\/media?parent=125368"}],"wp:term":[{"taxonomy":"category","embeddable":true,"href":"https:\/\/laurbedigital.com.ar\/noticias\/wp-json\/wp\/v2\/categories?post=125368"},{"taxonomy":"post_tag","embeddable":true,"href":"https:\/\/laurbedigital.com.ar\/noticias\/wp-json\/wp\/v2\/tags?post=125368"}],"curies":[{"name":"wp","href":"https:\/\/api.w.org\/{rel}","templated":true}]}}