{"id":125365,"date":"2026-03-19T04:36:50","date_gmt":"2026-03-19T07:36:50","guid":{"rendered":"https:\/\/laurbedigital.com.ar\/noticias\/?p=125365"},"modified":"2026-03-19T04:36:50","modified_gmt":"2026-03-19T07:36:50","slug":"el-mercado-laboral-cerro-un-2025-critico-el-desempleo-salto-al-75-y-afecta-a-3-millones-de-personas","status":"publish","type":"post","link":"https:\/\/laurbedigital.com.ar\/noticias\/2026\/03\/19\/el-mercado-laboral-cerro-un-2025-critico-el-desempleo-salto-al-75-y-afecta-a-3-millones-de-personas\/","title":{"rendered":"El mercado laboral cerr\u00f3 un 2025 cr\u00edtico: el desempleo salt\u00f3 al 7,5% y afecta a 3 millones de personas"},"content":{"rendered":"<p data-path-to-node=\"2\">El escenario laboral en Argentina termin\u00f3 el 2025 con se\u00f1ales de alarma roja. Seg\u00fan el \u00faltimo informe del <b data-path-to-node=\"2\" data-index-in-node=\"106\">Instituto Nacional de Estad\u00edstica y Censos (INDEC)<\/b>, la tasa de desocupaci\u00f3n escal\u00f3 al <b data-path-to-node=\"2\" data-index-in-node=\"192\">7,5%<\/b> en el cuarto trimestre, lo que representa un incremento de 1,1 puntos porcentuales respecto al mismo periodo del a\u00f1o anterior. Traducido a n\u00fameros concretos, hoy existen m\u00e1s de <b data-path-to-node=\"2\" data-index-in-node=\"374\">3 millones de personas<\/b> que buscan activamente un sustento y no logran insertarse en el sistema productivo.<\/p>\n<p data-path-to-node=\"3\">Este deterioro no es un hecho aislado, sino la consecuencia directa de un proceso recesivo que ha paralizado la creaci\u00f3n de puestos de trabajo genuinos. En comparaci\u00f3n con el tercer trimestre de 2025, el salto fue de 0,9 puntos, evidenciando una aceleraci\u00f3n del desempleo en el tramo final del a\u00f1o que coincide con la ca\u00edda del consumo y la actividad industrial.<\/p>\n<h4 data-path-to-node=\"5\">Menos oportunidades y se\u00f1ales de estancamiento<\/h4>\n<p data-path-to-node=\"6\">Los indicadores oficiales revelan un combo peligroso: una alta voluntad de trabajo frente a una oferta privada retra\u00edda. La <b data-path-to-node=\"6\" data-index-in-node=\"124\">tasa de actividad<\/b> se mantuvo en un 48,6%, lo que demuestra que la poblaci\u00f3n no ha dejado de buscar ingresos. Sin embargo, la <b data-path-to-node=\"6\" data-index-in-node=\"249\">tasa de empleo<\/b> descendi\u00f3 al 45%, confirmando que la econom\u00eda actual no tiene capacidad de absorci\u00f3n para quienes ingresan al mercado o para quienes fueron despedidos recientemente.<\/p>\n<p data-path-to-node=\"7\">El estancamiento se siente con mayor rigor en sectores clave como la construcci\u00f3n y el comercio, motores hist\u00f3ricos del empleo en Argentina, que hoy operan al m\u00ednimo de su capacidad instalada.<\/p>\n<h4 data-path-to-node=\"8\">La crisis de la \u00abpresi\u00f3n laboral\u00bb y el subempleo<\/h4>\n<p data-path-to-node=\"9\">Uno de los datos m\u00e1s reveladores del reporte es el aumento de la <b data-path-to-node=\"9\" data-index-in-node=\"65\">presi\u00f3n sobre el mercado de trabajo<\/b>, que ya alcanza al <b data-path-to-node=\"9\" data-index-in-node=\"120\">30% de la poblaci\u00f3n econ\u00f3micamente activa<\/b>. Este \u00edndice es fundamental para entender la profundidad de la crisis, ya que no solo contempla a quienes est\u00e1n desocupados, sino tambi\u00e9n a:<\/p>\n<ul data-path-to-node=\"10\">\n<li>\n<p data-path-to-node=\"10,0,0\"><b data-path-to-node=\"10,0,0\" data-index-in-node=\"0\">Ocupados demandantes (16,5%):<\/b> Personas que tienen un empleo pero necesitan otro (pluriempleo) porque su sueldo actual no cubre la canasta b\u00e1sica.<\/p>\n<\/li>\n<li>\n<p data-path-to-node=\"10,1,0\"><b data-path-to-node=\"10,1,0\" data-index-in-node=\"0\">Subocupados:<\/b> Trabajadores que cumplen menos de 35 horas semanales por causas involuntarias y desean trabajar m\u00e1s.<\/p>\n<\/li>\n<\/ul>\n<p data-path-to-node=\"11\">Esta \u00abinsatisfacci\u00f3n laboral\u00bb refleja que el problema argentino ya no es solo la cantidad de puestos, sino la <b data-path-to-node=\"11\" data-index-in-node=\"110\">pauperizaci\u00f3n del salario<\/b> y la degradaci\u00f3n de las condiciones de contrataci\u00f3n.<\/p>\n<blockquote data-path-to-node=\"12\">\n<p data-path-to-node=\"12,0\">\u00abNo se trata solo de los que no tienen trabajo; el drama hoy es el trabajador pobre que, aun con empleo formal, debe seguir buscando otra fuente de ingresos para subsistir\u00bb.<\/p>\n<\/blockquote>\n<h4 data-path-to-node=\"13\">Informalidad: el refugio de la vulnerabilidad<\/h4>\n<p data-path-to-node=\"14\">El informe del INDEC vuelve a poner el foco en la <b data-path-to-node=\"14\" data-index-in-node=\"50\">informalidad estructural<\/b>. Una porci\u00f3n mayoritaria de los nuevos puestos generados en el \u00faltimo a\u00f1o carece de aportes jubilatorios, cobertura de salud y protecci\u00f3n ante despidos. Esta fragilidad extrema deja a millones de trabajadores a merced de la coyuntura econ\u00f3mica, sin red de contenci\u00f3n frente a una inflaci\u00f3n que erosiona el poder adquisitivo mes a mes.<\/p>\n<p data-path-to-node=\"15\">En conclusi\u00f3n, el balance anual del mercado de trabajo deja una herencia compleja para el inicio de 2026. Con un desempleo en alza y una informalidad que no cede, el desaf\u00edo del Gobierno pasa por reactivar el consumo interno para detener la sangr\u00eda de puestos en el sector servicios y pymes.<\/p>\n","protected":false},"excerpt":{"rendered":"<p>El escenario laboral en Argentina termin\u00f3 el 2025 con se\u00f1ales de alarma roja. Seg\u00fan el \u00faltimo informe del Instituto Nacional<\/p>\n","protected":false},"author":1,"featured_media":125354,"comment_status":"closed","ping_status":"closed","sticky":false,"template":"","format":"standard","meta":{"kia_subtitle":"La desocupaci\u00f3n aument\u00f3 1,1 puntos en el \u00faltimo a\u00f1o bajo un contexto de fuerte recesi\u00f3n. La falta de vacantes y la p\u00e9rdida de calidad del empleo marcan un cierre de ciclo preocupante.","footnotes":"","jetpack_publicize_message":"","jetpack_publicize_feature_enabled":true,"jetpack_social_post_already_shared":true,"jetpack_social_options":{"image_generator_settings":{"template":"highway","default_image_id":0,"font":"","enabled":false},"version":2}},"categories":[3,41],"tags":[],"class_list":["post-125365","post","type-post","status-publish","format-standard","has-post-thumbnail","hentry","category-actualidad","category-nacionales"],"jetpack_publicize_connections":[],"jetpack_featured_media_url":"https:\/\/laurbedigital.com.ar\/noticias\/wp-content\/uploads\/2026\/03\/20220319-desempleo.png","_links":{"self":[{"href":"https:\/\/laurbedigital.com.ar\/noticias\/wp-json\/wp\/v2\/posts\/125365","targetHints":{"allow":["GET"]}}],"collection":[{"href":"https:\/\/laurbedigital.com.ar\/noticias\/wp-json\/wp\/v2\/posts"}],"about":[{"href":"https:\/\/laurbedigital.com.ar\/noticias\/wp-json\/wp\/v2\/types\/post"}],"author":[{"embeddable":true,"href":"https:\/\/laurbedigital.com.ar\/noticias\/wp-json\/wp\/v2\/users\/1"}],"replies":[{"embeddable":true,"href":"https:\/\/laurbedigital.com.ar\/noticias\/wp-json\/wp\/v2\/comments?post=125365"}],"version-history":[{"count":2,"href":"https:\/\/laurbedigital.com.ar\/noticias\/wp-json\/wp\/v2\/posts\/125365\/revisions"}],"predecessor-version":[{"id":125367,"href":"https:\/\/laurbedigital.com.ar\/noticias\/wp-json\/wp\/v2\/posts\/125365\/revisions\/125367"}],"wp:featuredmedia":[{"embeddable":true,"href":"https:\/\/laurbedigital.com.ar\/noticias\/wp-json\/wp\/v2\/media\/125354"}],"wp:attachment":[{"href":"https:\/\/laurbedigital.com.ar\/noticias\/wp-json\/wp\/v2\/media?parent=125365"}],"wp:term":[{"taxonomy":"category","embeddable":true,"href":"https:\/\/laurbedigital.com.ar\/noticias\/wp-json\/wp\/v2\/categories?post=125365"},{"taxonomy":"post_tag","embeddable":true,"href":"https:\/\/laurbedigital.com.ar\/noticias\/wp-json\/wp\/v2\/tags?post=125365"}],"curies":[{"name":"wp","href":"https:\/\/api.w.org\/{rel}","templated":true}]}}