{"id":125359,"date":"2026-03-19T04:32:32","date_gmt":"2026-03-19T07:32:32","guid":{"rendered":"https:\/\/laurbedigital.com.ar\/noticias\/?p=125359"},"modified":"2026-03-19T04:32:32","modified_gmt":"2026-03-19T07:32:32","slug":"el-futuro-de-la-causa-andis-en-manos-de-la-camara-audiencias-clave-tras-el-escandalo-de-los-audios","status":"publish","type":"post","link":"https:\/\/laurbedigital.com.ar\/noticias\/2026\/03\/19\/el-futuro-de-la-causa-andis-en-manos-de-la-camara-audiencias-clave-tras-el-escandalo-de-los-audios\/","title":{"rendered":"El futuro de la causa Andis en manos de la C\u00e1mara: audiencias clave tras el esc\u00e1ndalo de los audios"},"content":{"rendered":"<p data-path-to-node=\"2\">En una semana determinante para el entorno judicial del Gobierno, la <b data-path-to-node=\"2\" data-index-in-node=\"69\">C\u00e1mara Federal<\/b> inici\u00f3 una serie de audiencias que marcar\u00e1n el destino de la <b data-path-to-node=\"2\" data-index-in-node=\"145\">Causa Andis<\/b>. El tribunal debe resolver dos ejes que mantienen en vilo a la Casa Rosada: la nulidad de los audios que destaparon el esc\u00e1ndalo de sobreprecios en medicamentos y la confirmaci\u00f3n \u2014o revocaci\u00f3n\u2014 de los procesamientos dictados en febrero pasado.<\/p>\n<p data-path-to-node=\"3\">La atenci\u00f3n est\u00e1 puesta en los jueces <b data-path-to-node=\"3\" data-index-in-node=\"38\">Roberto Boico, Mart\u00edn Irurzun y Eduardo Farah<\/b>, quienes escucharon este martes los planteos de las defensas contra las grabaciones del streaming <i data-path-to-node=\"3\" data-index-in-node=\"182\">Carnaval<\/i>. En dichos audios, una voz atribuida al ex titular de la Agencia Nacional de Discapacidad (Andis), <b data-path-to-node=\"3\" data-index-in-node=\"290\">Diego Spagnuolo<\/b>, detalla un esquema de retornos millonarios y beneficios a droguer\u00edas amigas.<\/p>\n<h4 data-path-to-node=\"5\">La batalla por la validez de los audios<\/h4>\n<p data-path-to-node=\"6\">El n\u00facleo de la estrategia de la defensa, encabezada por Mauricio D\u2019Alessandro, es lograr la <b data-path-to-node=\"6\" data-index-in-node=\"93\">nulidad de los audios<\/b>. Argumentan que el material tiene un origen incierto y que no puede ser la base de una persecuci\u00f3n penal.<\/p>\n<p data-path-to-node=\"7\">Por su parte, el fiscal <b data-path-to-node=\"7\" data-index-in-node=\"24\">Franco Picardi<\/b> sostiene una postura t\u00e9cnica para blindar la causa: afirma que, si bien los audios fueron el disparador medi\u00e1tico, la investigaci\u00f3n avanz\u00f3 recolectando pruebas independientes (documentaci\u00f3n del sistema SIIPFIS, peritajes contables y testimonios) que sostienen las imputaciones por s\u00ed mismas.<\/p>\n<blockquote data-path-to-node=\"8\">\n<p data-path-to-node=\"8,0\"><b data-path-to-node=\"8,0\" data-index-in-node=\"0\">El dato clave:<\/b> Si la C\u00e1mara declara nulos los audios, las defensas buscar\u00e1n un efecto domin\u00f3 para que se caigan los procesamientos, alegando que toda la prueba posterior est\u00e1 \u00abcontaminada\u00bb.<\/p>\n<\/blockquote>\n<h4 data-path-to-node=\"9\">Un desfile de defensas y un cambio de magistrado<\/h4>\n<p data-path-to-node=\"10\">A partir de este jueves 19 de marzo, comenzar\u00e1 la ronda de exposiciones para los <b data-path-to-node=\"10\" data-index-in-node=\"81\">19 procesados<\/b>. El cronograma se extender\u00e1 hasta fines de abril e incluye figuras centrales:<\/p>\n<ol start=\"1\" data-path-to-node=\"11\">\n<li>\n<p data-path-to-node=\"11,0,0\"><b data-path-to-node=\"11,0,0\" data-index-in-node=\"0\">Diego Spagnuolo:<\/b> Procesado como jefe de asociaci\u00f3n il\u00edcita, cohecho y administraci\u00f3n fraudulenta.<\/p>\n<\/li>\n<li>\n<p data-path-to-node=\"11,1,0\"><b data-path-to-node=\"11,1,0\" data-index-in-node=\"0\">Roger Grant:<\/b> Ex funcionario del organismo bajo sospecha.<\/p>\n<\/li>\n<li>\n<p data-path-to-node=\"11,2,0\"><b data-path-to-node=\"11,2,0\" data-index-in-node=\"0\">Empresarios del sector farmac\u00e9utico:<\/b> Acusados de participar en la cartelizaci\u00f3n de compras con sobreprecios.<\/p>\n<\/li>\n<\/ol>\n<p data-path-to-node=\"12\">El escenario sum\u00f3 un condimento pol\u00edtico extra: la causa pas\u00f3 a manos del juez <b data-path-to-node=\"12\" data-index-in-node=\"79\">Ariel Lijo<\/b>, luego de que Sebasti\u00e1n Casanello dejara la subrogancia del juzgado vacante. En los pasillos de tribunales, algunas defensas especulan con que este recambio, sumado al desgaste del Gobierno por el caso <b data-path-to-node=\"12\" data-index-in-node=\"292\">$Libra<\/b>, podr\u00eda generar una ventana de oportunidad para que la C\u00e1mara ordene revisar los procesamientos desde cero.<\/p>\n<h4 data-path-to-node=\"14\">Lo que est\u00e1 en juego: El esquema de los medicamentos<\/h4>\n<p data-path-to-node=\"15\">La justicia investiga una <b data-path-to-node=\"15\" data-index-in-node=\"26\">asociaci\u00f3n il\u00edcita<\/b> que habr\u00eda operado dentro de la Andis para direccionar licitaciones. Seg\u00fan el auto de procesamiento original:<\/p>\n<ul data-path-to-node=\"16\">\n<li>\n<p data-path-to-node=\"16,0,0\">Se detect\u00f3 la <b data-path-to-node=\"16,0,0\" data-index-in-node=\"14\">intromisi\u00f3n de personas ajenas<\/b> al organismo en el sistema inform\u00e1tico SIIPFIS.<\/p>\n<\/li>\n<li>\n<p data-path-to-node=\"16,1,0\">Hubo una <b data-path-to-node=\"16,1,0\" data-index-in-node=\"9\">manipulaci\u00f3n ilegal<\/b> para favorecer a un pu\u00f1ado de droguer\u00edas.<\/p>\n<\/li>\n<li>\n<p data-path-to-node=\"16,2,0\">Se pagaron <b data-path-to-node=\"16,2,0\" data-index-in-node=\"11\">\u00abelevados sobreprecios\u00bb<\/b> en medicamentos e insumos cr\u00edticos para personas con discapacidad.<\/p>\n<\/li>\n<\/ul>\n<h4 data-path-to-node=\"17\">Un abril de alto voltaje judicial<\/h4>\n<p data-path-to-node=\"18\">La resoluci\u00f3n de la Sala II no solo determinar\u00e1 si Spagnuolo y el resto de los implicados caminan hacia el juicio oral, sino que tambi\u00e9n medir\u00e1 el \u00abterm\u00f3metro judicial\u00bb para el Poder Ejecutivo en un momento de fragilidad por otros frentes abiertos. Para las defensas, la nulidad es la \u00faltima esperanza; para la fiscal\u00eda, el expediente tiene cuerpo propio m\u00e1s all\u00e1 de las grabaciones.<\/p>\n","protected":false},"excerpt":{"rendered":"<p>En una semana determinante para el entorno judicial del Gobierno, la C\u00e1mara Federal inici\u00f3 una serie de audiencias que marcar\u00e1n<\/p>\n","protected":false},"author":1,"featured_media":125351,"comment_status":"closed","ping_status":"closed","sticky":false,"template":"","format":"standard","meta":{"kia_subtitle":"La Sala II de la C\u00e1mara Federal define la validez de las pruebas que involucran a Diego Spagnuolo y el destino de 19 procesamientos por corrupci\u00f3n. El cambio de juez y la presi\u00f3n del caso $Libra marcan el pulso de Comodoro Py.","footnotes":"","jetpack_publicize_message":"","jetpack_publicize_feature_enabled":true,"jetpack_social_post_already_shared":true,"jetpack_social_options":{"image_generator_settings":{"template":"highway","default_image_id":0,"font":"","enabled":false},"version":2}},"categories":[3,41],"tags":[],"class_list":["post-125359","post","type-post","status-publish","format-standard","has-post-thumbnail","hentry","category-actualidad","category-nacionales"],"jetpack_publicize_connections":[],"jetpack_featured_media_url":"https:\/\/laurbedigital.com.ar\/noticias\/wp-content\/uploads\/2026\/03\/20220319-andis.png","_links":{"self":[{"href":"https:\/\/laurbedigital.com.ar\/noticias\/wp-json\/wp\/v2\/posts\/125359","targetHints":{"allow":["GET"]}}],"collection":[{"href":"https:\/\/laurbedigital.com.ar\/noticias\/wp-json\/wp\/v2\/posts"}],"about":[{"href":"https:\/\/laurbedigital.com.ar\/noticias\/wp-json\/wp\/v2\/types\/post"}],"author":[{"embeddable":true,"href":"https:\/\/laurbedigital.com.ar\/noticias\/wp-json\/wp\/v2\/users\/1"}],"replies":[{"embeddable":true,"href":"https:\/\/laurbedigital.com.ar\/noticias\/wp-json\/wp\/v2\/comments?post=125359"}],"version-history":[{"count":2,"href":"https:\/\/laurbedigital.com.ar\/noticias\/wp-json\/wp\/v2\/posts\/125359\/revisions"}],"predecessor-version":[{"id":125361,"href":"https:\/\/laurbedigital.com.ar\/noticias\/wp-json\/wp\/v2\/posts\/125359\/revisions\/125361"}],"wp:featuredmedia":[{"embeddable":true,"href":"https:\/\/laurbedigital.com.ar\/noticias\/wp-json\/wp\/v2\/media\/125351"}],"wp:attachment":[{"href":"https:\/\/laurbedigital.com.ar\/noticias\/wp-json\/wp\/v2\/media?parent=125359"}],"wp:term":[{"taxonomy":"category","embeddable":true,"href":"https:\/\/laurbedigital.com.ar\/noticias\/wp-json\/wp\/v2\/categories?post=125359"},{"taxonomy":"post_tag","embeddable":true,"href":"https:\/\/laurbedigital.com.ar\/noticias\/wp-json\/wp\/v2\/tags?post=125359"}],"curies":[{"name":"wp","href":"https:\/\/api.w.org\/{rel}","templated":true}]}}