{"id":125301,"date":"2026-03-17T01:43:00","date_gmt":"2026-03-17T04:43:00","guid":{"rendered":"https:\/\/laurbedigital.com.ar\/noticias\/?p=125301"},"modified":"2026-03-17T01:43:00","modified_gmt":"2026-03-17T04:43:00","slug":"thriller-en-netflix-la-miniserie-espanola-de-8-capitulos-que-es-tendencia","status":"publish","type":"post","link":"https:\/\/laurbedigital.com.ar\/noticias\/2026\/03\/17\/thriller-en-netflix-la-miniserie-espanola-de-8-capitulos-que-es-tendencia\/","title":{"rendered":"Thriller en Netflix: la miniserie espa\u00f1ola de 8 cap\u00edtulos que es tendencia"},"content":{"rendered":"<p data-path-to-node=\"3\">El g\u00e9nero del suspenso espa\u00f1ol ha encontrado un nuevo estandarte en el cat\u00e1logo de <b data-path-to-node=\"3\" data-index-in-node=\"83\">Netflix<\/b>. Se trata de <b data-path-to-node=\"3\" data-index-in-node=\"104\">\u00abLa \u00faltima noche en Tremor\u00bb<\/b>, una miniserie de ocho episodios que ha logrado posicionarse entre lo m\u00e1s visto de la plataforma. Bajo la direcci\u00f3n de <b data-path-to-node=\"3\" data-index-in-node=\"251\">Oriol Paulo<\/b> \u2014reconocido por \u00e9xitos como <i data-path-to-node=\"3\" data-index-in-node=\"291\">Contratiempo<\/i> y <i data-path-to-node=\"3\" data-index-in-node=\"306\">Los renglones torcidos de Dios<\/i>\u2014, la producci\u00f3n adapta la atm\u00f3sfera opresiva y los enigmas de la novela hom\u00f3nima de Mikel Santiago, \u00abLa \u00faltima noche en Tremore Beach\u00bb.<\/p>\n<h4 data-path-to-node=\"4\">Una atm\u00f3sfera de aislamiento y misterio<\/h4>\n<p data-path-to-node=\"5\">La trama se centra en <b data-path-to-node=\"5\" data-index-in-node=\"22\">Alex<\/b>, un pianista y compositor de bandas sonoras que, tras un divorcio traum\u00e1tico y una profunda crisis creativa, busca refugio en la soledad. Su destino es una casa aislada en <b data-path-to-node=\"5\" data-index-in-node=\"199\">Tremor<\/b>, un peque\u00f1o pueblo costero en el norte de Espa\u00f1a. Lo que comienza como un retiro espiritual para recuperar la inspiraci\u00f3n se transforma r\u00e1pidamente en una pesadilla tras una violenta tormenta el\u00e9ctrica.<\/p>\n<p data-path-to-node=\"6\">A ra\u00edz de un accidente sufrido durante el fen\u00f3meno clim\u00e1tico, el protagonista comienza a experimentar <b data-path-to-node=\"6\" data-index-in-node=\"102\">visiones aterradoras<\/b> y v\u00edvidas. Estos episodios, que Alex no logra clasificar entre premoniciones reales o delirios psic\u00f3ticos derivados del trauma, se enfocan sistem\u00e1ticamente en sus \u00fanicos vecinos, una pareja que parece ocultar m\u00e1s de lo que muestra.<\/p>\n<h4 data-path-to-node=\"7\">El sello de Oriol Paulo: giros y tensi\u00f3n<\/h4>\n<p data-path-to-node=\"8\">Fiel al estilo de su creador, la serie juega constantemente con el discernimiento del espectador. La narrativa est\u00e1 construida para que el p\u00fablico acompa\u00f1e la confusi\u00f3n de Alex: \u00bfSon sus visiones una advertencia del futuro o el colapso de su salud mental?<\/p>\n<blockquote data-path-to-node=\"9\">\n<p data-path-to-node=\"9,0\">\u00abLa serie logra capturar la esencia del terror psicol\u00f3gico donde el verdadero peligro no siempre es lo que se ve, sino lo que se intuye en la oscuridad del pasado\u00bb, se\u00f1alan los cr\u00edticos especializados.<\/p>\n<\/blockquote>\n<p data-path-to-node=\"10\">A medida que avanzan los cap\u00edtulos, el id\u00edlico paisaje costero se vuelve asfixiante. La producci\u00f3n destaca no solo por su guion lleno de <i data-path-to-node=\"10\" data-index-in-node=\"137\">plot twists<\/i>, sino tambi\u00e9n por una fotograf\u00eda que aprovecha la rudeza del clima del norte espa\u00f1ol para acentuar el drama sobrenatural.<\/p>\n<h4 data-path-to-node=\"11\">\u00c9xito de formato: el auge de las miniseries<\/h4>\n<p data-path-to-node=\"12\">El fen\u00f3meno de <b data-path-to-node=\"12\" data-index-in-node=\"15\">\u00abLa \u00faltima noche en Tremor\u00bb<\/b> reafirma la preferencia de los usuarios de streaming por las historias autoconclusivas. Con solo ocho episodios, la serie ofrece un desarrollo completo sin rellenos innecesarios, lo que facilita el consumo tipo <i data-path-to-node=\"12\" data-index-in-node=\"254\">marat\u00f3n<\/i>. Para los amantes del g\u00e9nero, la obra representa una pieza clave que combina la calidad t\u00e9cnica del cine espa\u00f1ol con el ritmo vertiginoso que demanda el p\u00fablico digital actual.<\/p>\n","protected":false},"excerpt":{"rendered":"<p>El g\u00e9nero del suspenso espa\u00f1ol ha encontrado un nuevo estandarte en el cat\u00e1logo de Netflix. Se trata de \u00abLa \u00faltima<\/p>\n","protected":false},"author":1,"featured_media":125290,"comment_status":"closed","ping_status":"closed","sticky":false,"template":"","format":"standard","meta":{"kia_subtitle":"\"La \u00faltima noche en Tremor\", dirigida por Oriol Paulo, combina el terror psicol\u00f3gico con lo sobrenatural. La adaptaci\u00f3n de la novela de Mikel Santiago atrapa al p\u00fablico con giros inesperados.","footnotes":"","jetpack_publicize_message":"","jetpack_publicize_feature_enabled":true,"jetpack_social_post_already_shared":true,"jetpack_social_options":{"image_generator_settings":{"template":"highway","default_image_id":0,"font":"","enabled":false},"version":2}},"categories":[2600,68],"tags":[],"class_list":["post-125301","post","type-post","status-publish","format-standard","has-post-thumbnail","hentry","category-espectaculo","category-cine-y-series"],"jetpack_publicize_connections":[],"jetpack_featured_media_url":"https:\/\/laurbedigital.com.ar\/noticias\/wp-content\/uploads\/2026\/03\/20220317-tremor.png","_links":{"self":[{"href":"https:\/\/laurbedigital.com.ar\/noticias\/wp-json\/wp\/v2\/posts\/125301","targetHints":{"allow":["GET"]}}],"collection":[{"href":"https:\/\/laurbedigital.com.ar\/noticias\/wp-json\/wp\/v2\/posts"}],"about":[{"href":"https:\/\/laurbedigital.com.ar\/noticias\/wp-json\/wp\/v2\/types\/post"}],"author":[{"embeddable":true,"href":"https:\/\/laurbedigital.com.ar\/noticias\/wp-json\/wp\/v2\/users\/1"}],"replies":[{"embeddable":true,"href":"https:\/\/laurbedigital.com.ar\/noticias\/wp-json\/wp\/v2\/comments?post=125301"}],"version-history":[{"count":2,"href":"https:\/\/laurbedigital.com.ar\/noticias\/wp-json\/wp\/v2\/posts\/125301\/revisions"}],"predecessor-version":[{"id":125303,"href":"https:\/\/laurbedigital.com.ar\/noticias\/wp-json\/wp\/v2\/posts\/125301\/revisions\/125303"}],"wp:featuredmedia":[{"embeddable":true,"href":"https:\/\/laurbedigital.com.ar\/noticias\/wp-json\/wp\/v2\/media\/125290"}],"wp:attachment":[{"href":"https:\/\/laurbedigital.com.ar\/noticias\/wp-json\/wp\/v2\/media?parent=125301"}],"wp:term":[{"taxonomy":"category","embeddable":true,"href":"https:\/\/laurbedigital.com.ar\/noticias\/wp-json\/wp\/v2\/categories?post=125301"},{"taxonomy":"post_tag","embeddable":true,"href":"https:\/\/laurbedigital.com.ar\/noticias\/wp-json\/wp\/v2\/tags?post=125301"}],"curies":[{"name":"wp","href":"https:\/\/api.w.org\/{rel}","templated":true}]}}