{"id":125293,"date":"2026-03-17T01:38:26","date_gmt":"2026-03-17T04:38:26","guid":{"rendered":"https:\/\/laurbedigital.com.ar\/noticias\/?p=125293"},"modified":"2026-03-17T01:38:26","modified_gmt":"2026-03-17T04:38:26","slug":"adios-al-usb-la-tecnologia-que-marca-el-fin-de-los-pendrives-en-2026","status":"publish","type":"post","link":"https:\/\/laurbedigital.com.ar\/noticias\/2026\/03\/17\/adios-al-usb-la-tecnologia-que-marca-el-fin-de-los-pendrives-en-2026\/","title":{"rendered":"Adi\u00f3s al USB: la tecnolog\u00eda que marca el fin de los pendrives en 2026"},"content":{"rendered":"<p data-path-to-node=\"3\">El ic\u00f3nico pendrive, que durante m\u00e1s de dos d\u00e9cadas fue el est\u00e1ndar indiscutido para el transporte de datos, enfrenta en 2026 su etapa final como herramienta masiva. Lo que comenz\u00f3 como una revoluci\u00f3n frente al disquete y el CD, hoy se ve superado por un ecosistema digital que prioriza la velocidad extrema y la ubicuidad sin hardware. El declive del <b data-path-to-node=\"3\" data-index-in-node=\"352\">USB<\/b> tradicional (especialmente el formato USB-A) no es solo una cuesti\u00f3n de capacidad, sino una consecuencia directa de la transformaci\u00f3n en el dise\u00f1o de computadoras, tablets y smartphones, que han migrado casi en su totalidad hacia est\u00e1ndares m\u00e1s avanzados y conexiones inal\u00e1mbricas.<\/p>\n<h4 data-path-to-node=\"4\">El conflicto de la incompatibilidad f\u00edsica<\/h4>\n<p data-path-to-node=\"5\">Uno de los principales verdugos de la memoria USB convencional es el puerto <b data-path-to-node=\"5\" data-index-in-node=\"76\">USB-C<\/b>. Mientras que la mayor\u00eda de los pendrives que circulan en el mercado mantienen el antiguo conector rectangular (USB-A), la industria de hardware ha estandarizado conectores m\u00e1s delgados y reversibles. Esta brecha obliga a los usuarios a depender de adaptadores que no solo resultan inc\u00f3modos, sino que a menudo limitan las tasas de transferencia de datos.<\/p>\n<p data-path-to-node=\"6\">Adem\u00e1s, el peso de los archivos actuales ha dejado obsoletas las capacidades est\u00e1ndar. En un mundo donde los videos en resoluci\u00f3n 4K y las bibliotecas de fotos de alta fidelidad son la norma, los 64 GB o 128 GB de un pendrive promedio resultan insuficientes para el flujo de trabajo profesional y el uso recreativo intensivo.<\/p>\n<h4 data-path-to-node=\"7\">Los sucesores: SSD externos y la nube<\/h4>\n<p data-path-to-node=\"8\">La sucesi\u00f3n del trono del almacenamiento port\u00e1til se divide en dos frentes claros: el rendimiento f\u00edsico y la intangibilidad digital.<\/p>\n<ol start=\"1\" data-path-to-node=\"9\">\n<li>\n<p data-path-to-node=\"9,0,0\"><b data-path-to-node=\"9,0,0\" data-index-in-node=\"0\">Discos SSD Externos:<\/b> Se han consolidado como la alternativa superior para quienes requieren movilidad. A diferencia de los pendrives, los SSD ofrecen velocidades de lectura y escritura que pueden superar los 1.000 MB\/s, permitiendo trabajar con archivos pesados directamente desde la unidad. Sus capacidades, que ya alcanzan varios terabytes, los hacen ideales para respaldos masivos.<\/p>\n<\/li>\n<li>\n<p data-path-to-node=\"9,1,0\"><b data-path-to-node=\"9,1,0\" data-index-in-node=\"0\">Almacenamiento en la Nube:<\/b> Plataformas como iCloud, Google Drive y Dropbox han eliminado la necesidad de cargar con un objeto f\u00edsico. La sincronizaci\u00f3n autom\u00e1tica y la posibilidad de acceder a documentos desde cualquier parte del mundo con conexi\u00f3n a internet han transformado la colaboraci\u00f3n en tiempo real, desplazando al pendrive de las oficinas y universidades.<\/p>\n<\/li>\n<\/ol>\n<h4 data-path-to-node=\"10\">El \u00faltimo refugio del pendrive<\/h4>\n<p data-path-to-node=\"11\">A pesar de su retirada del mercado masivo, la tecnolog\u00eda <b data-path-to-node=\"11\" data-index-in-node=\"57\">USB<\/b> no desaparecer\u00e1 por completo de forma inmediata. Su supervivencia quedar\u00e1 relegada a nichos t\u00e9cnicos espec\u00edficos. Los expertos coinciden en que seguir\u00e1n siendo vitales para tareas de mantenimiento de sistemas, como la creaci\u00f3n de unidades de arranque para instalar sistemas operativos (bootables) o la actualizaci\u00f3n de firmware en dispositivos que no cuentan con acceso a red.<\/p>\n<p data-path-to-node=\"12\">El legado del pendrive es innegable: democratiz\u00f3 el acceso a la informaci\u00f3n port\u00e1til y defini\u00f3 una era de la inform\u00e1tica. Sin embargo, en 2026, la b\u00fasqueda de eficiencia y la integraci\u00f3n total de la nube parecen haber dictado la sentencia final para el peque\u00f1o dispositivo que alguna vez llevamos en todos nuestros llaveros.<\/p>\n","protected":false},"excerpt":{"rendered":"<p>El ic\u00f3nico pendrive, que durante m\u00e1s de dos d\u00e9cadas fue el est\u00e1ndar indiscutido para el transporte de datos, enfrenta en<\/p>\n","protected":false},"author":1,"featured_media":125291,"comment_status":"closed","ping_status":"closed","sticky":false,"template":"","format":"standard","meta":{"kia_subtitle":"La evoluci\u00f3n del almacenamiento hacia la nube y los discos SSD desplaza a las memorias tradicionales. El cambio de puertos y la demanda de velocidad aceleran la obsolescencia del dispositivo.","footnotes":"","jetpack_publicize_message":"","jetpack_publicize_feature_enabled":true,"jetpack_social_post_already_shared":true,"jetpack_social_options":{"image_generator_settings":{"template":"highway","default_image_id":0,"font":"","enabled":false},"version":2}},"categories":[15],"tags":[],"class_list":["post-125293","post","type-post","status-publish","format-standard","has-post-thumbnail","hentry","category-tendencias"],"jetpack_publicize_connections":[],"jetpack_featured_media_url":"https:\/\/laurbedigital.com.ar\/noticias\/wp-content\/uploads\/2026\/03\/20220317-USB.png","_links":{"self":[{"href":"https:\/\/laurbedigital.com.ar\/noticias\/wp-json\/wp\/v2\/posts\/125293","targetHints":{"allow":["GET"]}}],"collection":[{"href":"https:\/\/laurbedigital.com.ar\/noticias\/wp-json\/wp\/v2\/posts"}],"about":[{"href":"https:\/\/laurbedigital.com.ar\/noticias\/wp-json\/wp\/v2\/types\/post"}],"author":[{"embeddable":true,"href":"https:\/\/laurbedigital.com.ar\/noticias\/wp-json\/wp\/v2\/users\/1"}],"replies":[{"embeddable":true,"href":"https:\/\/laurbedigital.com.ar\/noticias\/wp-json\/wp\/v2\/comments?post=125293"}],"version-history":[{"count":1,"href":"https:\/\/laurbedigital.com.ar\/noticias\/wp-json\/wp\/v2\/posts\/125293\/revisions"}],"predecessor-version":[{"id":125294,"href":"https:\/\/laurbedigital.com.ar\/noticias\/wp-json\/wp\/v2\/posts\/125293\/revisions\/125294"}],"wp:featuredmedia":[{"embeddable":true,"href":"https:\/\/laurbedigital.com.ar\/noticias\/wp-json\/wp\/v2\/media\/125291"}],"wp:attachment":[{"href":"https:\/\/laurbedigital.com.ar\/noticias\/wp-json\/wp\/v2\/media?parent=125293"}],"wp:term":[{"taxonomy":"category","embeddable":true,"href":"https:\/\/laurbedigital.com.ar\/noticias\/wp-json\/wp\/v2\/categories?post=125293"},{"taxonomy":"post_tag","embeddable":true,"href":"https:\/\/laurbedigital.com.ar\/noticias\/wp-json\/wp\/v2\/tags?post=125293"}],"curies":[{"name":"wp","href":"https:\/\/api.w.org\/{rel}","templated":true}]}}