{"id":125270,"date":"2026-03-16T03:25:59","date_gmt":"2026-03-16T06:25:59","guid":{"rendered":"https:\/\/laurbedigital.com.ar\/noticias\/?p=125270"},"modified":"2026-03-16T03:25:59","modified_gmt":"2026-03-16T06:25:59","slug":"busqueda-nacional-ordenan-la-restitucion-urgente-de-una-nena-de-7-anos-desaparecida","status":"publish","type":"post","link":"https:\/\/laurbedigital.com.ar\/noticias\/2026\/03\/16\/busqueda-nacional-ordenan-la-restitucion-urgente-de-una-nena-de-7-anos-desaparecida\/","title":{"rendered":"B\u00fasqueda nacional: Ordenan la restituci\u00f3n urgente de una nena de 7 a\u00f1os desaparecida"},"content":{"rendered":"<p data-path-to-node=\"3\">La Justicia de Mendoza ha emitido una orden de <b data-path-to-node=\"3\" data-index-in-node=\"47\">restituci\u00f3n inmediata<\/b> para <b data-path-to-node=\"3\" data-index-in-node=\"74\">Sur \u00c1lvarez Tovar<\/b>, una ni\u00f1a de 7 a\u00f1os cuyo paradero es desconocido desde que su madre, Sof\u00eda Micaela Tovar, incumpliera una resoluci\u00f3n judicial. Seg\u00fan las principales hip\u00f3tesis de los investigadores, la menor estar\u00eda siendo ocultada en el norte del Gran Buenos Aires, espec\u00edficamente en el partido de <b data-path-to-node=\"3\" data-index-in-node=\"375\">San Isidro<\/b>, donde se detect\u00f3 su \u00faltimo rastro firme.<\/p>\n<p data-path-to-node=\"4\">La medida fue dictada por la jueza de familia <b data-path-to-node=\"4\" data-index-in-node=\"46\">Natalia Lorena Vila<\/b>, luego de que el padre de la ni\u00f1a, identificado como A.A., denunciara que la madre interrumpi\u00f3 de manera unilateral todos los reg\u00edmenes de contacto establecidos. La situaci\u00f3n escal\u00f3 a una b\u00fasqueda de alcance nacional tras confirmarse que la menor fue retirada de los \u00e1mbitos donde desarrollaba su vida cotidiana en territorio mendocino.<\/p>\n<h4 data-path-to-node=\"5\">Alerta por posibles cambios de identidad<\/h4>\n<p data-path-to-node=\"6\">Las autoridades judiciales y policiales advirtieron a la poblaci\u00f3n que la ni\u00f1a podr\u00eda estar siendo llamada con <b data-path-to-node=\"6\" data-index-in-node=\"111\">otro nombre<\/b> o presentar <b data-path-to-node=\"6\" data-index-in-node=\"135\">cambios f\u00edsicos<\/b> deliberados, como cortes o tintura de cabello, con el objetivo de evadir los controles y no ser reconocida en la v\u00eda p\u00fablica. El \u00faltimo dato concreto que maneja la justicia es una inscripci\u00f3n escolar previa en la zona de San Isidro, pero desde ese momento se perdi\u00f3 el rastro de ambas.<\/p>\n<p data-path-to-node=\"7\">Ante la gravedad del caso y el riesgo de que la menor permanezca en la clandestinidad, la magistrada autoriz\u00f3 la <b data-path-to-node=\"7\" data-index-in-node=\"113\">difusi\u00f3n p\u00fablica de su imagen<\/b>. El Ministerio P\u00fablico Pupilar ya ha tomado intervenci\u00f3n directa para velar por los derechos de Sur, mientras se coordinan tareas de inteligencia entre la polic\u00eda mendocina y la bonaerense para localizarla en el conurbano.<\/p>\n<h4 data-path-to-node=\"8\">C\u00f3mo colaborar con la b\u00fasqueda<\/h4>\n<p data-path-to-node=\"9\">El caso ha generado una fuerte movilizaci\u00f3n en redes sociales, donde se insta a la comunidad a compartir la informaci\u00f3n para agilizar el hallazgo. Las autoridades solicitan que cualquier persona que tenga datos relevantes, haya visto a la menor o a su madre, o sospeche de una situaci\u00f3n irregular de escolarizaci\u00f3n o vivienda que involucre a una ni\u00f1a de caracter\u00edsticas similares, se comunique de inmediato:<\/p>\n<ul data-path-to-node=\"10\">\n<li>\n<p data-path-to-node=\"10,0,0\"><b data-path-to-node=\"10,0,0\" data-index-in-node=\"0\">L\u00ednea de emergencias 911<\/b><\/p>\n<\/li>\n<li>\n<p data-path-to-node=\"10,1,0\"><b data-path-to-node=\"10,1,0\" data-index-in-node=\"0\">Comisar\u00eda m\u00e1s cercana<\/b><\/p>\n<\/li>\n<li>\n<p data-path-to-node=\"10,2,0\"><b data-path-to-node=\"10,2,0\" data-index-in-node=\"0\">Ministerio P\u00fablico Fiscal de Mendoza<\/b><\/p>\n<\/li>\n<\/ul>\n","protected":false},"excerpt":{"rendered":"<p>La Justicia de Mendoza ha emitido una orden de restituci\u00f3n inmediata para Sur \u00c1lvarez Tovar, una ni\u00f1a de 7 a\u00f1os<\/p>\n","protected":false},"author":1,"featured_media":125256,"comment_status":"closed","ping_status":"closed","sticky":false,"template":"","format":"standard","meta":{"kia_subtitle":"Sur \u00c1lvarez Tovar habr\u00eda sido ocultada por su madre tras un fallo de la Justicia de Mendoza. Se sospecha que ambas se encuentran en la zona de San Isidro.","footnotes":"","jetpack_publicize_message":"","jetpack_publicize_feature_enabled":true,"jetpack_social_post_already_shared":true,"jetpack_social_options":{"image_generator_settings":{"template":"highway","default_image_id":0,"font":"","enabled":false},"version":2}},"categories":[8],"tags":[],"class_list":["post-125270","post","type-post","status-publish","format-standard","has-post-thumbnail","hentry","category-policiales"],"jetpack_publicize_connections":[],"jetpack_featured_media_url":"https:\/\/laurbedigital.com.ar\/noticias\/wp-content\/uploads\/2026\/03\/20220315-Sur-Alvarez-Tovar.png","_links":{"self":[{"href":"https:\/\/laurbedigital.com.ar\/noticias\/wp-json\/wp\/v2\/posts\/125270","targetHints":{"allow":["GET"]}}],"collection":[{"href":"https:\/\/laurbedigital.com.ar\/noticias\/wp-json\/wp\/v2\/posts"}],"about":[{"href":"https:\/\/laurbedigital.com.ar\/noticias\/wp-json\/wp\/v2\/types\/post"}],"author":[{"embeddable":true,"href":"https:\/\/laurbedigital.com.ar\/noticias\/wp-json\/wp\/v2\/users\/1"}],"replies":[{"embeddable":true,"href":"https:\/\/laurbedigital.com.ar\/noticias\/wp-json\/wp\/v2\/comments?post=125270"}],"version-history":[{"count":2,"href":"https:\/\/laurbedigital.com.ar\/noticias\/wp-json\/wp\/v2\/posts\/125270\/revisions"}],"predecessor-version":[{"id":125272,"href":"https:\/\/laurbedigital.com.ar\/noticias\/wp-json\/wp\/v2\/posts\/125270\/revisions\/125272"}],"wp:featuredmedia":[{"embeddable":true,"href":"https:\/\/laurbedigital.com.ar\/noticias\/wp-json\/wp\/v2\/media\/125256"}],"wp:attachment":[{"href":"https:\/\/laurbedigital.com.ar\/noticias\/wp-json\/wp\/v2\/media?parent=125270"}],"wp:term":[{"taxonomy":"category","embeddable":true,"href":"https:\/\/laurbedigital.com.ar\/noticias\/wp-json\/wp\/v2\/categories?post=125270"},{"taxonomy":"post_tag","embeddable":true,"href":"https:\/\/laurbedigital.com.ar\/noticias\/wp-json\/wp\/v2\/tags?post=125270"}],"curies":[{"name":"wp","href":"https:\/\/api.w.org\/{rel}","templated":true}]}}