{"id":125268,"date":"2026-03-16T03:24:14","date_gmt":"2026-03-16T06:24:14","guid":{"rendered":"https:\/\/laurbedigital.com.ar\/noticias\/?p=125268"},"modified":"2026-03-16T03:24:14","modified_gmt":"2026-03-16T06:24:14","slug":"nuevo-golpe-al-bolsillo-en-el-amba-el-boleto-minimo-de-colectivo-sube-a-700-pesos","status":"publish","type":"post","link":"https:\/\/laurbedigital.com.ar\/noticias\/2026\/03\/16\/nuevo-golpe-al-bolsillo-en-el-amba-el-boleto-minimo-de-colectivo-sube-a-700-pesos\/","title":{"rendered":"Nuevo golpe al bolsillo en el AMBA: El boleto m\u00ednimo de colectivo sube a 700 pesos"},"content":{"rendered":"<p data-path-to-node=\"3\">Los usuarios de transporte p\u00fablico en el \u00c1rea Metropolitana de Buenos Aires (AMBA) enfrentan desde las primeras horas de este lunes un nuevo ajuste en las tarifas. El cuadro tarifario para las <b data-path-to-node=\"3\" data-index-in-node=\"193\">104 l\u00edneas de colectivos de jurisdicci\u00f3n nacional<\/b> sufri\u00f3 un incremento del <b data-path-to-node=\"3\" data-index-in-node=\"268\">7,6%<\/b>, llevando el boleto m\u00ednimo \u2014v\u00e1lido para recorridos de hasta 3 kil\u00f3metros\u2014 de los 650 pesos anteriores a un nuevo piso de <b data-path-to-node=\"3\" data-index-in-node=\"394\">700 pesos<\/b>.<\/p>\n<p data-path-to-node=\"4\">Esta actualizaci\u00f3n impacta directamente en las unidades que conectan la Ciudad Aut\u00f3noma de Buenos Aires con el conurbano bonaerense. Seg\u00fan fuentes oficiales, la suba se inscribe en la estrategia de la administraci\u00f3n de <b data-path-to-node=\"4\" data-index-in-node=\"219\">Javier Milei<\/b> orientada al \u00absinceramiento de tarifas\u00bb y la reducci\u00f3n gradual de los subsidios estatales, buscando que el costo del pasaje acompa\u00f1e el ritmo inflacionario para evitar un retraso que obligue a mayores erogaciones del Tesoro Nacional.<\/p>\n<h4 data-path-to-node=\"5\">Disparidades en el mapa tarifario<\/h4>\n<p data-path-to-node=\"6\">A pesar del incremento, el sistema de transporte en la regi\u00f3n presenta una fragmentaci\u00f3n de precios que genera confusi\u00f3n entre los pasajeros. Actualmente, el costo del viaje var\u00eda significativamente seg\u00fan la jurisdicci\u00f3n de la l\u00ednea:<\/p>\n<ul data-path-to-node=\"7\">\n<li>\n<p data-path-to-node=\"7,0,0\"><b data-path-to-node=\"7,0,0\" data-index-in-node=\"0\">L\u00edneas Nacionales (AMBA):<\/b> 700 pesos (m\u00ednimo actualizado).<\/p>\n<\/li>\n<li>\n<p data-path-to-node=\"7,1,0\"><b data-path-to-node=\"7,1,0\" data-index-in-node=\"0\">L\u00edneas de CABA:<\/b> 681,85 pesos (m\u00ednimo vigente).<\/p>\n<\/li>\n<li>\n<p data-path-to-node=\"7,2,0\"><b data-path-to-node=\"7,2,0\" data-index-in-node=\"0\">L\u00edneas de la Provincia de Buenos Aires:<\/b> 832,57 pesos (el pasaje m\u00e1s costoso de la regi\u00f3n).<\/p>\n<\/li>\n<\/ul>\n<p data-path-to-node=\"8\">Esta brecha de precios evidencia que, aun con el ajuste nacional, los colectivos que cruzan la General Paz o el Riachuelo contin\u00faan operando con valores inferiores a los que rigen para los servicios que circulan exclusivamente dentro del territorio bonaerense.<\/p>\n<h4 data-path-to-node=\"9\">Impacto en la econom\u00eda familiar<\/h4>\n<p data-path-to-node=\"10\">El aumento llega en un contexto de alta sensibilidad social, donde el costo del transporte se ha convertido en una de las variables que m\u00e1s presiona sobre el poder adquisitivo. Para un trabajador que utiliza dos colectivos diarios de ida y vuelta, el presupuesto mensual solo en transporte nacional superar\u00e1 los <b data-path-to-node=\"10\" data-index-in-node=\"312\">30.000 pesos<\/b>, cifra que se incrementa si debe combinar con otros medios o si las distancias superan los 3 kil\u00f3metros.<\/p>\n<p data-path-to-node=\"11\">Desde el sector empresario advierten que, si bien la suba alivia parcialmente los costos operativos, la ca\u00edda en la cantidad de pasajeros transportados es una tendencia que se viene acentuando tras cada ajuste. La gesti\u00f3n libertaria, por su parte, mantiene firme su hoja de ruta: eliminar la distorsi\u00f3n de precios relativos, aunque esto implique un costo pol\u00edtico directo en el principal centro urbano del pa\u00eds.<\/p>\n","protected":false},"excerpt":{"rendered":"<p>Los usuarios de transporte p\u00fablico en el \u00c1rea Metropolitana de Buenos Aires (AMBA) enfrentan desde las primeras horas de este<\/p>\n","protected":false},"author":1,"featured_media":125255,"comment_status":"closed","ping_status":"closed","sticky":false,"template":"","format":"standard","meta":{"kia_subtitle":"A partir de este lunes rige un aumento del 7,6% para 104 l\u00edneas de jurisdicci\u00f3n nacional. La medida profundiza el plan de quita de subsidios del gobierno de Javier Milei.","footnotes":"","jetpack_publicize_message":"","jetpack_publicize_feature_enabled":true,"jetpack_social_post_already_shared":true,"jetpack_social_options":{"image_generator_settings":{"template":"highway","default_image_id":0,"font":"","enabled":false},"version":2}},"categories":[3,13],"tags":[],"class_list":["post-125268","post","type-post","status-publish","format-standard","has-post-thumbnail","hentry","category-actualidad","category-region"],"jetpack_publicize_connections":[],"jetpack_featured_media_url":"https:\/\/laurbedigital.com.ar\/noticias\/wp-content\/uploads\/2026\/03\/20220315-SUBE.png","_links":{"self":[{"href":"https:\/\/laurbedigital.com.ar\/noticias\/wp-json\/wp\/v2\/posts\/125268","targetHints":{"allow":["GET"]}}],"collection":[{"href":"https:\/\/laurbedigital.com.ar\/noticias\/wp-json\/wp\/v2\/posts"}],"about":[{"href":"https:\/\/laurbedigital.com.ar\/noticias\/wp-json\/wp\/v2\/types\/post"}],"author":[{"embeddable":true,"href":"https:\/\/laurbedigital.com.ar\/noticias\/wp-json\/wp\/v2\/users\/1"}],"replies":[{"embeddable":true,"href":"https:\/\/laurbedigital.com.ar\/noticias\/wp-json\/wp\/v2\/comments?post=125268"}],"version-history":[{"count":1,"href":"https:\/\/laurbedigital.com.ar\/noticias\/wp-json\/wp\/v2\/posts\/125268\/revisions"}],"predecessor-version":[{"id":125269,"href":"https:\/\/laurbedigital.com.ar\/noticias\/wp-json\/wp\/v2\/posts\/125268\/revisions\/125269"}],"wp:featuredmedia":[{"embeddable":true,"href":"https:\/\/laurbedigital.com.ar\/noticias\/wp-json\/wp\/v2\/media\/125255"}],"wp:attachment":[{"href":"https:\/\/laurbedigital.com.ar\/noticias\/wp-json\/wp\/v2\/media?parent=125268"}],"wp:term":[{"taxonomy":"category","embeddable":true,"href":"https:\/\/laurbedigital.com.ar\/noticias\/wp-json\/wp\/v2\/categories?post=125268"},{"taxonomy":"post_tag","embeddable":true,"href":"https:\/\/laurbedigital.com.ar\/noticias\/wp-json\/wp\/v2\/tags?post=125268"}],"curies":[{"name":"wp","href":"https:\/\/api.w.org\/{rel}","templated":true}]}}