{"id":125265,"date":"2026-03-16T03:21:42","date_gmt":"2026-03-16T06:21:42","guid":{"rendered":"https:\/\/laurbedigital.com.ar\/noticias\/?p=125265"},"modified":"2026-03-16T03:21:42","modified_gmt":"2026-03-16T06:21:42","slug":"corrupcion-y-adorni-week-el-capital-politico-de-milei-entra-en-zona-de-riesgo","status":"publish","type":"post","link":"https:\/\/laurbedigital.com.ar\/noticias\/2026\/03\/16\/corrupcion-y-adorni-week-el-capital-politico-de-milei-entra-en-zona-de-riesgo\/","title":{"rendered":"Corrupci\u00f3n y \u00abAdorni Week\u00bb: El capital pol\u00edtico de Milei entra en zona de riesgo"},"content":{"rendered":"<p data-path-to-node=\"3\">La administraci\u00f3n de Javier Milei atraviesa su momento m\u00e1s cr\u00edtico en t\u00e9rminos de opini\u00f3n p\u00fablica desde el inicio de la gesti\u00f3n. Lo que el oficialismo intent\u00f3 instalar como la \u00abArgentina Week\u00bb en el exterior termin\u00f3 mutando en la \u00abAdorni Week\u00bb, un fen\u00f3meno comunicacional negativo que ha puesto al jefe de Gabinete y vocero, Manuel Adorni, en el ojo de la tormenta. Seg\u00fan informes de una prestigiosa encuestadora que circulan en los despachos de Balcarce 50, la <b data-path-to-node=\"3\" data-index-in-node=\"462\">corrupci\u00f3n oficial<\/b> ha desplazado a la inflaci\u00f3n como la principal preocupaci\u00f3n de los argentinos, alcanzando un alarmante <b data-path-to-node=\"3\" data-index-in-node=\"584\">40% de menciones<\/b> en el mapa de calor social.<\/p>\n<h4 data-path-to-node=\"4\">El quiebre de la narrativa libertaria<\/h4>\n<p data-path-to-node=\"5\">El detonante de esta crisis de imagen fue el viaje presidencial a Nueva York, donde Adorni decidi\u00f3 incluir a su esposa bajo el argumento de que ella iba a \u00abdeslomarse\u00bb durante la gira. Esta justificaci\u00f3n, lejos de aplacar las cr\u00edticas, rompi\u00f3 el espejo de austeridad que el Gobierno intenta proyectar. El error autoinfligido es particularmente costoso porque impacta directamente en la franja de <b data-path-to-node=\"5\" data-index-in-node=\"396\">votantes j\u00f3venes<\/b>, el sector que constituye el cimiento electoral de La Libertad Avanza y que hoy manifiesta una creciente inquietud por la transparencia gubernamental.<\/p>\n<p data-path-to-node=\"6\">Detr\u00e1s de la corrupci\u00f3n, el sistema pol\u00edtico, el endeudamiento y el desempleo completan el cuadro de prioridades de una sociedad que empieza a mostrar signos de agotamiento. La estrategia de reivindicar una inflaci\u00f3n mesetada en el <b data-path-to-node=\"6\" data-index-in-node=\"232\">3%<\/b> \u2014cifra que no logra perforarse desde hace siete meses\u2014 ya no es suficiente para contener el malhumor social ante el cierre de puestos de trabajo y las dificultades para llegar a fin de mes.<\/p>\n<h4 data-path-to-node=\"7\">Internas en ebullici\u00f3n y el \u00abfactor Karina\u00bb<\/h4>\n<p data-path-to-node=\"8\">En el entorno presidencial, la desconfianza es absoluta. Fuentes cercanas al \u00abkarinismo\u00bb aseguran que la filtraci\u00f3n de los detalles del viaje provino del propio ri\u00f1\u00f3n oficialista, apuntando las sospechas hacia el asesor Santiago Caputo. Sin embargo, el margen de maniobra es escaso: en la l\u00f3gica de poder de la Casa Rosada, <b data-path-to-node=\"8\" data-index-in-node=\"324\">\u00abentregar a Adorni es entregar a Karina\u00bb<\/b>. Esta m\u00e1xima obliga a los distintos sectores internos a sostener al ministro coordinador, a pesar de que su figura ha quedado asociada a una \u00abcostra que no cicatriza\u00bb.<\/p>\n<p data-path-to-node=\"9\">El problema para Milei es que la crisis de Adorni ocurre en un a\u00f1o no electoral, lo que acelera el consumo del capital pol\u00edtico acumulado. Al ser Adorni uno de los arquitectos de la comunicaci\u00f3n libertaria, su p\u00e9rdida de credibilidad triza uno de los pilares fundamentales del modelo. Cada vez que el vocero tome la palabra, la sombra del esc\u00e1ndalo empa\u00f1ar\u00e1 la agenda oficial, dificultando la tarea de cauterizar una herida que, por ahora, sigue abierta.<\/p>\n<h4 data-path-to-node=\"10\">Conclusi\u00f3n<\/h4>\n<p data-path-to-node=\"11\">El Gobierno se encuentra jaqueado por una realidad que sus propios n\u00fameros confirman: el microclima de optimismo posterior a la victoria electoral se est\u00e1 disipando frente a una agenda de corrupci\u00f3n y crisis econ\u00f3mica. La \u00abmotosierra\u00bb ya no garantiza el apoyo popular si el ajuste no se aplica de manera equitativa entre la ciudadan\u00eda y la clase dirigente. Sin una agenda positiva que logre desplazar el affaire Adorni, el oficialismo corre el riesgo de transitar el resto de su tercer a\u00f1o de gesti\u00f3n con una imagen p\u00fablica en franco retroceso.<\/p>\n","protected":false},"excerpt":{"rendered":"<p>La administraci\u00f3n de Javier Milei atraviesa su momento m\u00e1s cr\u00edtico en t\u00e9rminos de opini\u00f3n p\u00fablica desde el inicio de la<\/p>\n","protected":false},"author":1,"featured_media":125260,"comment_status":"closed","ping_status":"closed","sticky":false,"template":"","format":"standard","meta":{"kia_subtitle":"El esc\u00e1ndalo del viaje a Nueva York del jefe de Gabinete dispara la preocupaci\u00f3n por la \u00e9tica p\u00fablica al 40%, superando a la inflaci\u00f3n y golpeando el n\u00facleo joven de La Libertad Avanza.","footnotes":"","jetpack_publicize_message":"","jetpack_publicize_feature_enabled":true,"jetpack_social_post_already_shared":true,"jetpack_social_options":{"image_generator_settings":{"template":"highway","default_image_id":0,"font":"","enabled":false},"version":2}},"categories":[3,41],"tags":[],"class_list":["post-125265","post","type-post","status-publish","format-standard","has-post-thumbnail","hentry","category-actualidad","category-nacionales"],"jetpack_publicize_connections":[],"jetpack_featured_media_url":"https:\/\/laurbedigital.com.ar\/noticias\/wp-content\/uploads\/2026\/03\/20220315-ADORNI.png","_links":{"self":[{"href":"https:\/\/laurbedigital.com.ar\/noticias\/wp-json\/wp\/v2\/posts\/125265","targetHints":{"allow":["GET"]}}],"collection":[{"href":"https:\/\/laurbedigital.com.ar\/noticias\/wp-json\/wp\/v2\/posts"}],"about":[{"href":"https:\/\/laurbedigital.com.ar\/noticias\/wp-json\/wp\/v2\/types\/post"}],"author":[{"embeddable":true,"href":"https:\/\/laurbedigital.com.ar\/noticias\/wp-json\/wp\/v2\/users\/1"}],"replies":[{"embeddable":true,"href":"https:\/\/laurbedigital.com.ar\/noticias\/wp-json\/wp\/v2\/comments?post=125265"}],"version-history":[{"count":2,"href":"https:\/\/laurbedigital.com.ar\/noticias\/wp-json\/wp\/v2\/posts\/125265\/revisions"}],"predecessor-version":[{"id":125267,"href":"https:\/\/laurbedigital.com.ar\/noticias\/wp-json\/wp\/v2\/posts\/125265\/revisions\/125267"}],"wp:featuredmedia":[{"embeddable":true,"href":"https:\/\/laurbedigital.com.ar\/noticias\/wp-json\/wp\/v2\/media\/125260"}],"wp:attachment":[{"href":"https:\/\/laurbedigital.com.ar\/noticias\/wp-json\/wp\/v2\/media?parent=125265"}],"wp:term":[{"taxonomy":"category","embeddable":true,"href":"https:\/\/laurbedigital.com.ar\/noticias\/wp-json\/wp\/v2\/categories?post=125265"},{"taxonomy":"post_tag","embeddable":true,"href":"https:\/\/laurbedigital.com.ar\/noticias\/wp-json\/wp\/v2\/tags?post=125265"}],"curies":[{"name":"wp","href":"https:\/\/api.w.org\/{rel}","templated":true}]}}