{"id":125251,"date":"2026-03-16T02:19:01","date_gmt":"2026-03-16T05:19:01","guid":{"rendered":"https:\/\/laurbedigital.com.ar\/noticias\/?p=125251"},"modified":"2026-03-16T02:19:01","modified_gmt":"2026-03-16T05:19:01","slug":"cascallares-y-fabiani-acompanaron-a-cientos-de-vecinas-brownianas-en-una-jornada-integral-de-salud","status":"publish","type":"post","link":"https:\/\/laurbedigital.com.ar\/noticias\/2026\/03\/16\/cascallares-y-fabiani-acompanaron-a-cientos-de-vecinas-brownianas-en-una-jornada-integral-de-salud\/","title":{"rendered":"Cascallares y Fabiani acompa\u00f1aron a cientos de vecinas brownianas en una jornada integral de salud"},"content":{"rendered":"<p>Se trat\u00f3 de una jornada de prevenci\u00f3n y promoci\u00f3n de la salud integral destinada a las mujeres brownianas y que cont\u00f3 con la participaci\u00f3n de todo el equipo de la Secretar\u00eda de Salud de la Comuna, y del acompa\u00f1amiento de Mariano Cascallares y del intendente interino Juan Fabiani.<\/p>\n<p>La propuesta se desarroll\u00f3 en el Parque Saludable Ram\u00f3n Carrillo, ubicado sobre la calle Erezcano N\u00b0 1850 jutso en el l\u00edmite entre Burzaco, Calzada y Adrogu\u00e9, y cont\u00f3 con distintas actividades orientadas al bienestar f\u00edsico y emocional de las participantes.<\/p>\n<p>En ese marco se destac\u00f3 que la Comuna browniana contin\u00faa impulsando espacios de encuentro y cuidado que fortalecen la prevenci\u00f3n y el acceso a la salud, mientras que se valor\u00f3 que estas jornadas permiten acompa\u00f1ar a las mujeres de nuestro distrito con actividades que promueven el bienestar integral y la vida saludable.<\/p>\n<p><img loading=\"lazy\" decoding=\"async\" class=\"alignnone size-full wp-image-125253\" src=\"https:\/\/laurbedigital.com.ar\/noticias\/wp-content\/uploads\/2026\/03\/20220315-salud-ramon-Carrillo.png\" alt=\"\" width=\"768\" height=\"510\" title=\"\" srcset=\"https:\/\/laurbedigital.com.ar\/noticias\/wp-content\/uploads\/2026\/03\/20220315-salud-ramon-Carrillo.png 768w, https:\/\/laurbedigital.com.ar\/noticias\/wp-content\/uploads\/2026\/03\/20220315-salud-ramon-Carrillo-300x199.png 300w\" sizes=\"auto, (max-width: 768px) 100vw, 768px\" \/><\/p>\n<p>Durante gran parte del s\u00e1bado se desarrollaron talleres de yoga y meditaci\u00f3n, una correcaminata por el parque, juegos interactivos, testeos de salud, sorteos y premios, entre otras propuestas abiertas a la comunidad.<\/p>\n<p>La actividad fue organizada por el Municipio de Almirante Brown a trav\u00e9s de la Secretar\u00eda de Salud, con la participaci\u00f3n del Hospital Lucio Mel\u00e9ndez y el Hospital Dr. Arturo O\u00f1ativia (ambos provinciales), en el marco de un abanico de propuestas impulsadas por el Mes de la Mujer en Almirante Brown.<\/p>\n","protected":false},"excerpt":{"rendered":"<p>Se trat\u00f3 de una jornada de prevenci\u00f3n y promoci\u00f3n de la salud integral destinada a las mujeres brownianas y que<\/p>\n","protected":false},"author":1,"featured_media":125254,"comment_status":"closed","ping_status":"closed","sticky":false,"template":"","format":"standard","meta":{"kia_subtitle":"En el marco de las actividades organizadas por el Municipio de Almirante Brown por el Mes de la Mujer, cientos de vecinas de nuestro distrito participaron este s\u00e1bado de\u00a0la actividad \u201cMujeres que se cuidan, comunidades que florecen\u201d.\u00a0","footnotes":"","jetpack_publicize_message":"","jetpack_publicize_feature_enabled":true,"jetpack_social_post_already_shared":true,"jetpack_social_options":{"image_generator_settings":{"template":"highway","default_image_id":0,"font":"","enabled":false},"version":2}},"categories":[2,33],"tags":[],"class_list":["post-125251","post","type-post","status-publish","format-standard","has-post-thumbnail","hentry","category-alte-brown","category-alte-brown-alte-brown"],"jetpack_publicize_connections":[],"jetpack_featured_media_url":"https:\/\/laurbedigital.com.ar\/noticias\/wp-content\/uploads\/2026\/03\/20220315-salud-ramon-Carrillo1.png","_links":{"self":[{"href":"https:\/\/laurbedigital.com.ar\/noticias\/wp-json\/wp\/v2\/posts\/125251","targetHints":{"allow":["GET"]}}],"collection":[{"href":"https:\/\/laurbedigital.com.ar\/noticias\/wp-json\/wp\/v2\/posts"}],"about":[{"href":"https:\/\/laurbedigital.com.ar\/noticias\/wp-json\/wp\/v2\/types\/post"}],"author":[{"embeddable":true,"href":"https:\/\/laurbedigital.com.ar\/noticias\/wp-json\/wp\/v2\/users\/1"}],"replies":[{"embeddable":true,"href":"https:\/\/laurbedigital.com.ar\/noticias\/wp-json\/wp\/v2\/comments?post=125251"}],"version-history":[{"count":2,"href":"https:\/\/laurbedigital.com.ar\/noticias\/wp-json\/wp\/v2\/posts\/125251\/revisions"}],"predecessor-version":[{"id":125258,"href":"https:\/\/laurbedigital.com.ar\/noticias\/wp-json\/wp\/v2\/posts\/125251\/revisions\/125258"}],"wp:featuredmedia":[{"embeddable":true,"href":"https:\/\/laurbedigital.com.ar\/noticias\/wp-json\/wp\/v2\/media\/125254"}],"wp:attachment":[{"href":"https:\/\/laurbedigital.com.ar\/noticias\/wp-json\/wp\/v2\/media?parent=125251"}],"wp:term":[{"taxonomy":"category","embeddable":true,"href":"https:\/\/laurbedigital.com.ar\/noticias\/wp-json\/wp\/v2\/categories?post=125251"},{"taxonomy":"post_tag","embeddable":true,"href":"https:\/\/laurbedigital.com.ar\/noticias\/wp-json\/wp\/v2\/tags?post=125251"}],"curies":[{"name":"wp","href":"https:\/\/api.w.org\/{rel}","templated":true}]}}