{"id":125246,"date":"2026-03-14T12:31:29","date_gmt":"2026-03-14T15:31:29","guid":{"rendered":"https:\/\/laurbedigital.com.ar\/noticias\/?p=125246"},"modified":"2026-03-14T12:31:29","modified_gmt":"2026-03-14T15:31:29","slug":"el-municipio-acompano-la-colocacion-de-placas-en-los-hospitales-provinciales-a-50-anos-del-golpe-civico-militar","status":"publish","type":"post","link":"https:\/\/laurbedigital.com.ar\/noticias\/2026\/03\/14\/el-municipio-acompano-la-colocacion-de-placas-en-los-hospitales-provinciales-a-50-anos-del-golpe-civico-militar\/","title":{"rendered":"El Municipio acompa\u00f1\u00f3 la colocaci\u00f3n de placas en los hospitales provinciales a 50 a\u00f1os del golpe c\u00edvico-militar"},"content":{"rendered":"<p>La primera actividad se llev\u00f3 adelante en el Lucio Mel\u00e9ndez, ubicado en Juan Domingo Per\u00f3n 859, donde la comitiva municipal encabezada por el secretario de Salud, Walter G\u00f3mez, y la secretaria de Desarrollo, Seguridad Social y Derechos Humanos, B\u00e1rbara Mi\u00f1\u00e1n, fue recibida por la directora del establecimiento, Viviana Heevel, y la directora asociada, Silvina Antoniani.<\/p>\n<p>Posteriormente se realiz\u00f3 un segundo descubrimiento de placa en el Hospital de Rehabilitaci\u00f3n Dr. Jos\u00e9 Mar\u00eda Jorge, situado en la avenida Presidente Juan Domingo Per\u00f3n N\u00b0 1007. All\u00ed recibieron a las autoridades el director ejecutivo, Luis Reggiani, y la directora asociada, Alejandra Luna.<\/p>\n<p>En acto conmemorativo tambi\u00e9n tuvo lugar en la Unidad de Pronta Atenci\u00f3n (UPA) de la localidad de Longchamps, con la presencia del intendente internino browniano, Juan Fabiani.<\/p>\n<p><img loading=\"lazy\" decoding=\"async\" class=\"alignnone size-full wp-image-125248\" src=\"https:\/\/laurbedigital.com.ar\/noticias\/wp-content\/uploads\/2026\/03\/20220314-placa1.png\" alt=\"\" width=\"768\" height=\"428\" title=\"\" srcset=\"https:\/\/laurbedigital.com.ar\/noticias\/wp-content\/uploads\/2026\/03\/20220314-placa1.png 768w, https:\/\/laurbedigital.com.ar\/noticias\/wp-content\/uploads\/2026\/03\/20220314-placa1-300x167.png 300w\" sizes=\"auto, (max-width: 768px) 100vw, 768px\" \/><\/p>\n<p>Las placas fueron colocadas en el marco de una iniciativa impulsada por el Ministerio de Salud de la Provincia de Buenos Aires en hospitales provinciales, con el objetivo de recordar y reflexionar sobre los 50 a\u00f1os de la \u00faltima dictadura c\u00edvico-militar en el pa\u00eds, promoviendo los valores de Memoria, Verdad y Justicia en el \u00e1mbito de las instituciones p\u00fablicas de salud.<\/p>\n<h5><strong><em>En ese sentido, \u00abla actividad busca reafirmar el compromiso del sistema sanitario con la defensa de los derechos humanos y con la construcci\u00f3n de una memoria colectiva que fortalezca la democracia\u00bb, indic\u00f3 Mariano Cascallares.<\/em><\/strong><\/h5>\n<p>Cabe se\u00f1alar que previamente tambi\u00e9n se coloc\u00f3 una placa en el Hospital Arturo O\u00f1ativia, completando as\u00ed la se\u00f1alizaci\u00f3n en todos los hospitales provinciales que funcionan en Almirante Brown.<\/p>\n<p>Tambi\u00e9n estuvieron presentes la subsecretaria de Desarrollo y Derechos Humanos, Regina Stacco; el director general de Promoci\u00f3n y Protecci\u00f3n de los Derechos Humanos, Guillermo Rezk; y el coordinador Territorial de la Memoria, Mart\u00edn Castillo.<\/p>\n","protected":false},"excerpt":{"rendered":"<p>La primera actividad se llev\u00f3 adelante en el Lucio Mel\u00e9ndez, ubicado en Juan Domingo Per\u00f3n 859, donde la comitiva municipal<\/p>\n","protected":false},"author":1,"featured_media":125247,"comment_status":"closed","ping_status":"closed","sticky":false,"template":"","format":"standard","meta":{"kia_subtitle":"El Municipio de Almirante Brown acompa\u00f1\u00f3 a la Provincia de Buenos Aires en el descubrimiento de placas conmemorativas en el Hospital Zonal General de Agudos Lucio Mel\u00e9ndez, en la UPA de Longchamps y en el Hospital de Rehabilitaci\u00f3n Dr. Jos\u00e9 Mar\u00eda Jorge, en el marco del 50\u00b0 aniversario del \u00faltimo golpe c\u00edvico-militar.","footnotes":"","jetpack_publicize_message":"","jetpack_publicize_feature_enabled":true,"jetpack_social_post_already_shared":true,"jetpack_social_options":{"image_generator_settings":{"template":"highway","default_image_id":0,"font":"","enabled":false},"version":2}},"categories":[2,33],"tags":[],"class_list":["post-125246","post","type-post","status-publish","format-standard","has-post-thumbnail","hentry","category-alte-brown","category-alte-brown-alte-brown"],"jetpack_publicize_connections":[],"jetpack_featured_media_url":"https:\/\/laurbedigital.com.ar\/noticias\/wp-content\/uploads\/2026\/03\/20220314-palca.png","_links":{"self":[{"href":"https:\/\/laurbedigital.com.ar\/noticias\/wp-json\/wp\/v2\/posts\/125246","targetHints":{"allow":["GET"]}}],"collection":[{"href":"https:\/\/laurbedigital.com.ar\/noticias\/wp-json\/wp\/v2\/posts"}],"about":[{"href":"https:\/\/laurbedigital.com.ar\/noticias\/wp-json\/wp\/v2\/types\/post"}],"author":[{"embeddable":true,"href":"https:\/\/laurbedigital.com.ar\/noticias\/wp-json\/wp\/v2\/users\/1"}],"replies":[{"embeddable":true,"href":"https:\/\/laurbedigital.com.ar\/noticias\/wp-json\/wp\/v2\/comments?post=125246"}],"version-history":[{"count":2,"href":"https:\/\/laurbedigital.com.ar\/noticias\/wp-json\/wp\/v2\/posts\/125246\/revisions"}],"predecessor-version":[{"id":125250,"href":"https:\/\/laurbedigital.com.ar\/noticias\/wp-json\/wp\/v2\/posts\/125246\/revisions\/125250"}],"wp:featuredmedia":[{"embeddable":true,"href":"https:\/\/laurbedigital.com.ar\/noticias\/wp-json\/wp\/v2\/media\/125247"}],"wp:attachment":[{"href":"https:\/\/laurbedigital.com.ar\/noticias\/wp-json\/wp\/v2\/media?parent=125246"}],"wp:term":[{"taxonomy":"category","embeddable":true,"href":"https:\/\/laurbedigital.com.ar\/noticias\/wp-json\/wp\/v2\/categories?post=125246"},{"taxonomy":"post_tag","embeddable":true,"href":"https:\/\/laurbedigital.com.ar\/noticias\/wp-json\/wp\/v2\/tags?post=125246"}],"curies":[{"name":"wp","href":"https:\/\/api.w.org\/{rel}","templated":true}]}}