{"id":125243,"date":"2026-03-14T05:06:16","date_gmt":"2026-03-14T08:06:16","guid":{"rendered":"https:\/\/laurbedigital.com.ar\/noticias\/?p=125243"},"modified":"2026-03-14T05:06:16","modified_gmt":"2026-03-14T08:06:16","slug":"topper-al-borde-del-cierre-la-ultima-planta-en-argentina-amenaza-con-desaparecer","status":"publish","type":"post","link":"https:\/\/laurbedigital.com.ar\/noticias\/2026\/03\/14\/topper-al-borde-del-cierre-la-ultima-planta-en-argentina-amenaza-con-desaparecer\/","title":{"rendered":"Topper al borde del cierre: la \u00faltima planta en Argentina amenaza con desaparecer"},"content":{"rendered":"<h4 data-path-to-node=\"3\">Una crisis que golpea el coraz\u00f3n de Tucum\u00e1n<\/h4>\n<p data-path-to-node=\"4\">La hist\u00f3rica planta de <b data-path-to-node=\"4\" data-index-in-node=\"23\">Topper<\/b> en la localidad de Aguilares, provincia de Tucum\u00e1n, enfrenta hoy su escenario m\u00e1s cr\u00edtico. Siendo la \u00fanica instalaci\u00f3n productiva que la marca mantiene en Argentina para la fabricaci\u00f3n de calzado e indumentaria, su posible desaparici\u00f3n representa no solo un golpe a la industria nacional, sino una amenaza directa a la econom\u00eda del departamento de <b data-path-to-node=\"4\" data-index-in-node=\"378\">R\u00edo Chico<\/b>, cuya actividad est\u00e1 intr\u00ednsecamente ligada a esta f\u00e1brica.<\/p>\n<p data-path-to-node=\"5\">Seg\u00fan denuncias de la <b data-path-to-node=\"5\" data-index-in-node=\"22\">Uni\u00f3n de Trabajadores de la Industria del Calzado de la Rep\u00fablica Argentina (UTICRA)<\/b>, la empresa ha desvinculado a cerca de <b data-path-to-node=\"5\" data-index-in-node=\"146\">150 operarios<\/b> en los \u00faltimos dos a\u00f1os. Lo que comenz\u00f3 como un ajuste de personal se ha transformado en una lucha por la supervivencia de la marca en el mercado local, en un contexto de retracci\u00f3n econ\u00f3mica que no parece encontrar piso.<\/p>\n<h4 data-path-to-node=\"6\">El costo del ajuste: salarios por debajo de la canasta b\u00e1sica<\/h4>\n<p data-path-to-node=\"7\">Para intentar frenar la sangr\u00eda de despidos, los trabajadores aceptaron desde 2025 una <b data-path-to-node=\"7\" data-index-in-node=\"87\">reducci\u00f3n de la jornada laboral<\/b>. Sin embargo, este paliativo ha tenido un impacto devastador en el poder adquisitivo de las familias tucumanas.<\/p>\n<ul data-path-to-node=\"8\">\n<li>\n<p data-path-to-node=\"8,0,0\"><b data-path-to-node=\"8,0,0\" data-index-in-node=\"0\">P\u00e9rdida quincenal:<\/b> Los operarios perciben entre <b data-path-to-node=\"8,0,0\" data-index-in-node=\"48\">$150.000 y $200.000 menos<\/b> por quincena debido al recorte de horas.<\/p>\n<\/li>\n<li>\n<p data-path-to-node=\"8,1,0\"><b data-path-to-node=\"8,1,0\" data-index-in-node=\"0\">Sueldos actuales:<\/b> La mayor\u00eda de los empleados cobra actualmente salarios que rondan los <b data-path-to-node=\"8,1,0\" data-index-in-node=\"88\">$700.000<\/b>, una cifra que los sit\u00faa muy por debajo de la l\u00ednea de la canasta b\u00e1sica.<\/p>\n<\/li>\n<li>\n<p data-path-to-node=\"8,2,0\"><b data-path-to-node=\"8,2,0\" data-index-in-node=\"0\">Incertidumbre financiera:<\/b> A la precarizaci\u00f3n salarial se suma la apertura de programas de <b data-path-to-node=\"8,2,0\" data-index-in-node=\"90\">retiros voluntarios<\/b> que, seg\u00fan versiones sindicales, se estar\u00edan abonando en cuotas, incrementando el malestar y la falta de previsibilidad.<\/p>\n<\/li>\n<\/ul>\n<h4 data-path-to-node=\"9\">El impacto de las importaciones y la competencia asi\u00e1tica<\/h4>\n<p data-path-to-node=\"10\">La empresa fundamenta su decisi\u00f3n en dos ejes centrales que hoy afectan a todo el sector manufacturero: la <b data-path-to-node=\"10\" data-index-in-node=\"107\">ca\u00edda estrepitosa de las ventas<\/b> y la <b data-path-to-node=\"10\" data-index-in-node=\"144\">apertura de importaciones<\/b>. La entrada de productos provenientes de Asia ha generado una disparidad de costos insalvable para la estructura productiva local.<\/p>\n<blockquote data-path-to-node=\"11\">\n<p data-path-to-node=\"11,0\">\u201cLa prioridad es conservar las fuentes de trabajo, pero hoy no vemos un panorama claro hacia adelante\u201d, afirm\u00f3 <b data-path-to-node=\"11,0\" data-index-in-node=\"111\">Gaspar Fugaracho<\/b>, delegado regional de UTICRA, en di\u00e1logo con <i data-path-to-node=\"11,0\" data-index-in-node=\"173\">FM F\u00e9nix<\/i>.<\/p>\n<\/blockquote>\n<p data-path-to-node=\"12\">El dirigente advirti\u00f3 que, de concretarse el cierre de la planta de Aguilares, <b data-path-to-node=\"12\" data-index-in-node=\"79\">Topper podr\u00eda desaparecer definitivamente del mercado argentino<\/b>, dejando de ser una marca de producci\u00f3n nacional para convertirse, en el mejor de los casos, en una firma importadora con nulo valor agregado local.<\/p>\n<h4 data-path-to-node=\"13\">Una industria en jaque<\/h4>\n<p data-path-to-node=\"14\">El caso de Topper se inscribe en una tendencia generalizada en el sector del calzado e indumentaria, donde la combinaci\u00f3n de inflaci\u00f3n, baja del consumo interno y desregulaci\u00f3n comercial ha puesto en jaque a las plantas industriales del interior del pa\u00eds. Para la regi\u00f3n de Aguilares, el cierre de Topper significar\u00eda un vac\u00edo productivo dif\u00edcil de llenar, dejando a cientos de familias sin sustento en un momento de m\u00e1xima vulnerabilidad econ\u00f3mica.<\/p>\n","protected":false},"excerpt":{"rendered":"<p>Una crisis que golpea el coraz\u00f3n de Tucum\u00e1n La hist\u00f3rica planta de Topper en la localidad de Aguilares, provincia de<\/p>\n","protected":false},"author":1,"featured_media":125232,"comment_status":"closed","ping_status":"closed","sticky":false,"template":"","format":"standard","meta":{"kia_subtitle":"La emblem\u00e1tica f\u00e1brica de Tucum\u00e1n atraviesa una crisis terminal tras acumular 150 despidos. El gremio UTICRA advierte que la apertura de importaciones y la ca\u00edda del consumo ponen en riesgo la continuidad de la marca.","footnotes":"","jetpack_publicize_message":"","jetpack_publicize_feature_enabled":true,"jetpack_social_post_already_shared":true,"jetpack_social_options":{"image_generator_settings":{"template":"highway","default_image_id":0,"font":"","enabled":false},"version":2}},"categories":[3,41],"tags":[],"class_list":["post-125243","post","type-post","status-publish","format-standard","has-post-thumbnail","hentry","category-actualidad","category-nacionales"],"jetpack_publicize_connections":[],"jetpack_featured_media_url":"https:\/\/laurbedigital.com.ar\/noticias\/wp-content\/uploads\/2026\/03\/20220314-TOPPER.png","_links":{"self":[{"href":"https:\/\/laurbedigital.com.ar\/noticias\/wp-json\/wp\/v2\/posts\/125243","targetHints":{"allow":["GET"]}}],"collection":[{"href":"https:\/\/laurbedigital.com.ar\/noticias\/wp-json\/wp\/v2\/posts"}],"about":[{"href":"https:\/\/laurbedigital.com.ar\/noticias\/wp-json\/wp\/v2\/types\/post"}],"author":[{"embeddable":true,"href":"https:\/\/laurbedigital.com.ar\/noticias\/wp-json\/wp\/v2\/users\/1"}],"replies":[{"embeddable":true,"href":"https:\/\/laurbedigital.com.ar\/noticias\/wp-json\/wp\/v2\/comments?post=125243"}],"version-history":[{"count":2,"href":"https:\/\/laurbedigital.com.ar\/noticias\/wp-json\/wp\/v2\/posts\/125243\/revisions"}],"predecessor-version":[{"id":125245,"href":"https:\/\/laurbedigital.com.ar\/noticias\/wp-json\/wp\/v2\/posts\/125243\/revisions\/125245"}],"wp:featuredmedia":[{"embeddable":true,"href":"https:\/\/laurbedigital.com.ar\/noticias\/wp-json\/wp\/v2\/media\/125232"}],"wp:attachment":[{"href":"https:\/\/laurbedigital.com.ar\/noticias\/wp-json\/wp\/v2\/media?parent=125243"}],"wp:term":[{"taxonomy":"category","embeddable":true,"href":"https:\/\/laurbedigital.com.ar\/noticias\/wp-json\/wp\/v2\/categories?post=125243"},{"taxonomy":"post_tag","embeddable":true,"href":"https:\/\/laurbedigital.com.ar\/noticias\/wp-json\/wp\/v2\/tags?post=125243"}],"curies":[{"name":"wp","href":"https:\/\/api.w.org\/{rel}","templated":true}]}}