{"id":125239,"date":"2026-03-14T05:00:50","date_gmt":"2026-03-14T08:00:50","guid":{"rendered":"https:\/\/laurbedigital.com.ar\/noticias\/?p=125239"},"modified":"2026-03-14T05:00:50","modified_gmt":"2026-03-14T08:00:50","slug":"el-dilema-del-descanso-por-que-dormir-mal-es-una-amenaza-directa-para-la-salud-mental","status":"publish","type":"post","link":"https:\/\/laurbedigital.com.ar\/noticias\/2026\/03\/14\/el-dilema-del-descanso-por-que-dormir-mal-es-una-amenaza-directa-para-la-salud-mental\/","title":{"rendered":"El dilema del descanso: por qu\u00e9 dormir mal es una amenaza directa para la salud mental"},"content":{"rendered":"<h4 data-path-to-node=\"3\">La ciencia detr\u00e1s del \u00abbuen dormir\u00bb<\/h4>\n<p data-path-to-node=\"4\">Dormir no es simplemente un estado de inactividad, sino un proceso biol\u00f3gico cr\u00edtico para la supervivencia. Mientras descansamos, el cerebro activa un sistema de limpieza profunda: elimina desechos metab\u00f3licos de las neuronas, consolida la memoria y fortalece el sistema inmunol\u00f3gico. Sin embargo, en una era definida por la hiperconectividad y el estr\u00e9s cr\u00f3nico, el sue\u00f1o ha pasado de ser una necesidad a un lujo postergado.<\/p>\n<div class=\"attachment-container search-images\">\n<div class=\"image-container ng-star-inserted\" data-full-size-image-uri=\"https:\/\/encrypted-tbn0.gstatic.com\/licensed-image?q=tbn:ANd9GcRmLShSQ71xOgIgoWj5OIB5BCzkV9R2Zsbbq2bWDekOgsaqKpmMv4pwaa8QCKpa2yWuaOi68XpZkH4jb7lFdGiRFXd8H_YonLLAGQKAGivkDFRRBxM\">\n<div class=\"overlay-container ng-star-inserted\">\n<p data-path-to-node=\"6\">Seg\u00fan informes recientes, la privaci\u00f3n del sue\u00f1o no solo se traduce en ojeras o cansancio; es un factor de riesgo primario para patolog\u00edas graves como la <b data-path-to-node=\"6\" data-index-in-node=\"154\">obesidad, la diabetes y enfermedades cardiovasculares<\/b>. Pero el impacto m\u00e1s silencioso y profundo se produce en la arquitectura emocional de las personas.<\/p>\n<h4 data-path-to-node=\"7\">La peligrosa conexi\u00f3n entre insomnio y depresi\u00f3n<\/h4>\n<p data-path-to-node=\"8\">La doctora <b data-path-to-node=\"8\" data-index-in-node=\"11\">Stella Maris Valiensi<\/b>, neur\u00f3loga del Hospital Italiano, advierte sobre un dato alarmante: quienes padecen problemas de sue\u00f1o prolongados \u2014por ejemplo, durante dos a\u00f1os\u2014 tienen <b data-path-to-node=\"8\" data-index-in-node=\"187\">m\u00e1s del 50% de probabilidad de desarrollar s\u00edntomas depresivos<\/b>. Esta relaci\u00f3n es de doble v\u00eda: el insomnio puede ser el s\u00edntoma que alerta sobre una depresi\u00f3n subyacente o, por el contrario, la chispa que desencadena un trastorno de ansiedad.<\/p>\n<blockquote data-path-to-node=\"9\">\n<p data-path-to-node=\"9,0\">\u201cHablamos de relaci\u00f3n bidireccional porque el insomnio puede ser causa, consecuencia o ambas cosas al mismo tiempo\u201d, explica Valiensi.<\/p>\n<\/blockquote>\n<p data-path-to-node=\"10\">Cuando el insomnio supera los tres meses de duraci\u00f3n, se considera <b data-path-to-node=\"10\" data-index-in-node=\"67\">cr\u00f3nico<\/b>. En este punto, se instala un c\u00edrculo vicioso: el paciente siente fatiga e irritabilidad, lo que genera una \u00abpreocupaci\u00f3n excesiva por no dormir\u00bb, alimentando una ansiedad que, finalmente, impide el descanso.<\/p>\n<h4 data-path-to-node=\"11\">Contra la medicalizaci\u00f3n autom\u00e1tica<\/h4>\n<p data-path-to-node=\"12\">Un punto de conflicto actual es la tendencia a \u00absolucionar\u00bb el problema con f\u00e1rmacos sin abordar las causas de fondo. La <b data-path-to-node=\"12\" data-index-in-node=\"121\">Terapia Cognitivo-Conductual para Insomnio (TCC-I)<\/b> es se\u00f1alada por los expertos como el est\u00e1ndar de oro, pero su acceso es limitado.<\/p>\n<p data-path-to-node=\"13\">Incluso el uso de la <b data-path-to-node=\"13\" data-index-in-node=\"21\">melatonina<\/b>, frecuentemente percibida como una opci\u00f3n natural e inocua, debe ser supervisado. Los especialistas insisten en que no es una soluci\u00f3n m\u00e1gica para todos los casos y que su eficacia depende de la regulaci\u00f3n del reloj biol\u00f3gico individual.<\/p>\n<h4 data-path-to-node=\"15\">Higiene del sue\u00f1o: claves para recuperar el descanso<\/h4>\n<p data-path-to-node=\"16\">El <b data-path-to-node=\"16\" data-index-in-node=\"3\">Dr. Eduardo Borsini<\/b>, del Hospital Brit\u00e1nico, enfatiza que la salud del sue\u00f1o es multidimensional. No se trata solo de la cantidad de horas (se recomiendan al menos siete), sino de la <b data-path-to-node=\"16\" data-index-in-node=\"186\">eficiencia y la regularidad<\/b>.<\/p>\n<p data-path-to-node=\"17\">Para mejorar la calidad del descanso, los expertos sugieren:<\/p>\n<ul data-path-to-node=\"18\">\n<li>\n<p data-path-to-node=\"18,0,0\"><b data-path-to-node=\"18,0,0\" data-index-in-node=\"0\">Entorno controlado:<\/b> Dormir en una habitaci\u00f3n fresca, oscura y en silencio.<\/p>\n<\/li>\n<li>\n<p data-path-to-node=\"18,1,0\"><b data-path-to-node=\"18,1,0\" data-index-in-node=\"0\">Regularidad horaria:<\/b> Acostarse y levantarse a la misma hora, incluso los fines de semana.<\/p>\n<\/li>\n<li>\n<p data-path-to-node=\"18,2,0\"><b data-path-to-node=\"18,2,0\" data-index-in-node=\"0\">Desconexi\u00f3n digital:<\/b> Evitar pantallas antes de dormir, ya que la luz azul inhibe la melatonina.<\/p>\n<\/li>\n<li>\n<p data-path-to-node=\"18,3,0\"><b data-path-to-node=\"18,3,0\" data-index-in-node=\"0\">Atenci\u00f3n a las se\u00f1ales:<\/b> Si hay ronquidos fuertes o pausas respiratorias (apneas), consultar a un especialista, ya que estos trastornos se vinculan directamente con el deterioro cognitivo y el riesgo de ACV.<\/p>\n<\/li>\n<\/ul>\n<p data-path-to-node=\"19\">En \u00faltima instancia, cuidar el sue\u00f1o es cuidar la mente. Reconocer que dormir es una prioridad de salud, al mismo nivel que la alimentaci\u00f3n o el ejercicio, es el primer paso para romper el ciclo de la ansiedad y proteger la estabilidad emocional.<\/p>\n<\/div>\n<\/div>\n<\/div>\n","protected":false},"excerpt":{"rendered":"<p>La ciencia detr\u00e1s del \u00abbuen dormir\u00bb Dormir no es simplemente un estado de inactividad, sino un proceso biol\u00f3gico cr\u00edtico para<\/p>\n","protected":false},"author":1,"featured_media":125229,"comment_status":"closed","ping_status":"closed","sticky":false,"template":"","format":"standard","meta":{"kia_subtitle":"En el D\u00eda Mundial del Sue\u00f1o, especialistas advierten sobre la relaci\u00f3n bidireccional entre el insomnio y la depresi\u00f3n, se\u00f1alando que la falta de descanso multiplica los riesgos de trastornos emocionales.","footnotes":"","jetpack_publicize_message":"","jetpack_publicize_feature_enabled":true,"jetpack_social_post_already_shared":true,"jetpack_social_options":{"image_generator_settings":{"template":"highway","default_image_id":0,"font":"","enabled":false},"version":2}},"categories":[15,70],"tags":[],"class_list":["post-125239","post","type-post","status-publish","format-standard","has-post-thumbnail","hentry","category-tendencias","category-salud"],"jetpack_publicize_connections":[],"jetpack_featured_media_url":"https:\/\/laurbedigital.com.ar\/noticias\/wp-content\/uploads\/2026\/03\/20220314-DORMIR.png","_links":{"self":[{"href":"https:\/\/laurbedigital.com.ar\/noticias\/wp-json\/wp\/v2\/posts\/125239","targetHints":{"allow":["GET"]}}],"collection":[{"href":"https:\/\/laurbedigital.com.ar\/noticias\/wp-json\/wp\/v2\/posts"}],"about":[{"href":"https:\/\/laurbedigital.com.ar\/noticias\/wp-json\/wp\/v2\/types\/post"}],"author":[{"embeddable":true,"href":"https:\/\/laurbedigital.com.ar\/noticias\/wp-json\/wp\/v2\/users\/1"}],"replies":[{"embeddable":true,"href":"https:\/\/laurbedigital.com.ar\/noticias\/wp-json\/wp\/v2\/comments?post=125239"}],"version-history":[{"count":1,"href":"https:\/\/laurbedigital.com.ar\/noticias\/wp-json\/wp\/v2\/posts\/125239\/revisions"}],"predecessor-version":[{"id":125240,"href":"https:\/\/laurbedigital.com.ar\/noticias\/wp-json\/wp\/v2\/posts\/125239\/revisions\/125240"}],"wp:featuredmedia":[{"embeddable":true,"href":"https:\/\/laurbedigital.com.ar\/noticias\/wp-json\/wp\/v2\/media\/125229"}],"wp:attachment":[{"href":"https:\/\/laurbedigital.com.ar\/noticias\/wp-json\/wp\/v2\/media?parent=125239"}],"wp:term":[{"taxonomy":"category","embeddable":true,"href":"https:\/\/laurbedigital.com.ar\/noticias\/wp-json\/wp\/v2\/categories?post=125239"},{"taxonomy":"post_tag","embeddable":true,"href":"https:\/\/laurbedigital.com.ar\/noticias\/wp-json\/wp\/v2\/tags?post=125239"}],"curies":[{"name":"wp","href":"https:\/\/api.w.org\/{rel}","templated":true}]}}