{"id":125236,"date":"2026-03-14T04:58:12","date_gmt":"2026-03-14T07:58:12","guid":{"rendered":"https:\/\/laurbedigital.com.ar\/noticias\/?p=125236"},"modified":"2026-03-14T04:58:12","modified_gmt":"2026-03-14T07:58:12","slug":"alarma-sanitaria-el-gobierno-suspende-de-facto-la-vacunacion-pediatrica-contra-el-covid","status":"publish","type":"post","link":"https:\/\/laurbedigital.com.ar\/noticias\/2026\/03\/14\/alarma-sanitaria-el-gobierno-suspende-de-facto-la-vacunacion-pediatrica-contra-el-covid\/","title":{"rendered":"Alarma sanitaria: el Gobierno suspende de facto la vacunaci\u00f3n pedi\u00e1trica contra el covid"},"content":{"rendered":"<h4 data-path-to-node=\"3\">Un vac\u00edo en el Calendario Nacional de Vacunaci\u00f3n<\/h4>\n<p data-path-to-node=\"4\">La gesti\u00f3n sanitaria del ministro <b data-path-to-node=\"4\" data-index-in-node=\"34\">Mario Lugones<\/b> enfrenta una denuncia cr\u00edtica por parte de especialistas y autoridades provinciales: la interrupci\u00f3n en el suministro de <b data-path-to-node=\"4\" data-index-in-node=\"169\">vacunas pedi\u00e1tricas contra el covid-19<\/b>. Aunque el virus mantiene su peligrosidad en grupos vulnerables, la provisi\u00f3n de dosis por parte del Estado nacional \u2014responsable legal de su adquisici\u00f3n y distribuci\u00f3n\u2014 se encuentra paralizada desde noviembre de 2025.<\/p>\n<p data-path-to-node=\"5\">La situaci\u00f3n no solo se manifiesta en el faltante f\u00edsico de insumos en hospitales de referencia como el <b data-path-to-node=\"5\" data-index-in-node=\"104\">Garrahan<\/b> o el <b data-path-to-node=\"5\" data-index-in-node=\"118\">Guti\u00e9rrez<\/b>, sino tambi\u00e9n en una modificaci\u00f3n silenciosa de la informaci\u00f3n oficial. Actualmente, los canales digitales del Ministerio de Salud restringen la poblaci\u00f3n objetivo de la vacuna a mayores de 12 a\u00f1os, omitiendo la recomendaci\u00f3n vigente para beb\u00e9s desde los 6 meses.<\/p>\n<h4 data-path-to-node=\"6\">El riesgo para las infancias y la advertencia de la SAP<\/h4>\n<p data-path-to-node=\"7\">Desde la <b data-path-to-node=\"7\" data-index-in-node=\"9\">Sociedad Argentina de Pediatr\u00eda (SAP)<\/b>, la doctora Alejandra Gaiano, infect\u00f3loga pediatra, fue tajante: la vacuna sigue siendo necesaria. \u00abSe recomienda para todos los beb\u00e9s de 6 a 24 meses y, a partir de esa edad, para ni\u00f1os con factores de riesgo como cardiopat\u00edas o patolog\u00edas respiratorias\u00bb, explic\u00f3. La especialista subray\u00f3 que tanto las dosis contra el covid como las antigripales son seguras y efectivas, desestimando los crecientes discursos antivacunas que parecen permear la funci\u00f3n p\u00fablica.<\/p>\n<p data-path-to-node=\"8\">La preocupaci\u00f3n escala al observar las estad\u00edsticas de mortalidad infantil vinculadas al virus. Seg\u00fan <b data-path-to-node=\"8\" data-index-in-node=\"102\">Sof\u00eda Gastellu<\/b>, referente del colectivo Ni\u00f1ez en Riesgo, el impacto no se limita a pacientes con enfermedades preexistentes. \u00abEl 43% de las muertes pedi\u00e1tricas por covid correspondieron a ni\u00f1os previamente sanos\u00bb, advirti\u00f3, tras anticipar un pedido de informes urgente ante la cartera de Salud.<\/p>\n<h4 data-path-to-node=\"9\">Provincias en alerta ante la falta de insumos<\/h4>\n<p data-path-to-node=\"10\">El ministro de Salud de la Provincia de Buenos Aires, <b data-path-to-node=\"10\" data-index-in-node=\"54\">Nicol\u00e1s Kreplak<\/b>, denunci\u00f3 la \u00abdiscontinuidad total\u00bb en la provisi\u00f3n. Seg\u00fan el funcionario bonaerense, la falta de vacunas pedi\u00e1tricas contra el covid se suma a la escasez de dosis contra la <b data-path-to-node=\"10\" data-index-in-node=\"244\">influenza (gripe)<\/b> para beb\u00e9s de 6 a 24 meses y la vacuna contra la <b data-path-to-node=\"10\" data-index-in-node=\"311\">bronquiolitis<\/b>.<\/p>\n<blockquote data-path-to-node=\"11\">\n<p data-path-to-node=\"11,0\">\u00abPor ley, las debe adquirir el Estado nacional. Debe encargarse de definir el Calendario Nacional, comprarlas y distribuirlas. Este gobierno est\u00e1 incumpliendo la ley\u00bb, afirm\u00f3 Kreplak.<\/p>\n<\/blockquote>\n<p data-path-to-node=\"12\">En la Ciudad Aut\u00f3noma de Buenos Aires la situaci\u00f3n es similar: los sistemas de turnos para vacunaci\u00f3n pedi\u00e1trica covid permanecen inactivos por falta de stock, dejando a miles de familias sin respuesta ante la proximidad del invierno.<\/p>\n<h4 data-path-to-node=\"13\">El espejo de la gesti\u00f3n estadounidense<\/h4>\n<p data-path-to-node=\"14\">El giro en la pol\u00edtica sanitaria argentina parece alinearse con las posturas de <b data-path-to-node=\"14\" data-index-in-node=\"80\">Robert Kennedy Jr.<\/b>, actual referente de Salud en Estados Unidos bajo la administraci\u00f3n de Donald Trump. El a\u00f1o pasado, dicho pa\u00eds dej\u00f3 de recomendar la vacuna para ni\u00f1os sanos y embarazadas, una medida que fue calificada de \u00abinaceptable\u00bb por infect\u00f3logos locales como Ricardo Teijeiro (Hospital Pirovano).<\/p>\n<p data-path-to-node=\"15\">Especialistas como Gerardo Laube, del Hospital Mu\u00f1iz, sostienen que el covid debe tratarse con una l\u00f3gica similar a la gripe: actualizar las cepas y mantener los esquemas activos. Sin embargo, ante el silencio oficial del Ministerio de Salud y el desarme de la anterior <b data-path-to-node=\"15\" data-index-in-node=\"270\">Comisi\u00f3n Nacional de Inmunizaciones<\/b>, el acceso a este derecho a la salud ha quedado, por ahora, suspendido.<\/p>\n","protected":false},"excerpt":{"rendered":"<p>Un vac\u00edo en el Calendario Nacional de Vacunaci\u00f3n La gesti\u00f3n sanitaria del ministro Mario Lugones enfrenta una denuncia cr\u00edtica por<\/p>\n","protected":false},"author":1,"featured_media":125233,"comment_status":"closed","ping_status":"closed","sticky":false,"template":"","format":"standard","meta":{"kia_subtitle":"Pese a las recomendaciones de la Sociedad Argentina de Pediatr\u00eda, el Ministerio de Salud discontinu\u00f3 la entrega de dosis para menores de 12 a\u00f1os, dejando desprotegida a la poblaci\u00f3n infantil de riesgo.","footnotes":"","jetpack_publicize_message":"","jetpack_publicize_feature_enabled":true,"jetpack_social_post_already_shared":true,"jetpack_social_options":{"image_generator_settings":{"template":"highway","default_image_id":0,"font":"","enabled":false},"version":2}},"categories":[3,41],"tags":[],"class_list":["post-125236","post","type-post","status-publish","format-standard","has-post-thumbnail","hentry","category-actualidad","category-nacionales"],"jetpack_publicize_connections":[],"jetpack_featured_media_url":"https:\/\/laurbedigital.com.ar\/noticias\/wp-content\/uploads\/2026\/03\/20220314-vacuna.png","_links":{"self":[{"href":"https:\/\/laurbedigital.com.ar\/noticias\/wp-json\/wp\/v2\/posts\/125236","targetHints":{"allow":["GET"]}}],"collection":[{"href":"https:\/\/laurbedigital.com.ar\/noticias\/wp-json\/wp\/v2\/posts"}],"about":[{"href":"https:\/\/laurbedigital.com.ar\/noticias\/wp-json\/wp\/v2\/types\/post"}],"author":[{"embeddable":true,"href":"https:\/\/laurbedigital.com.ar\/noticias\/wp-json\/wp\/v2\/users\/1"}],"replies":[{"embeddable":true,"href":"https:\/\/laurbedigital.com.ar\/noticias\/wp-json\/wp\/v2\/comments?post=125236"}],"version-history":[{"count":2,"href":"https:\/\/laurbedigital.com.ar\/noticias\/wp-json\/wp\/v2\/posts\/125236\/revisions"}],"predecessor-version":[{"id":125238,"href":"https:\/\/laurbedigital.com.ar\/noticias\/wp-json\/wp\/v2\/posts\/125236\/revisions\/125238"}],"wp:featuredmedia":[{"embeddable":true,"href":"https:\/\/laurbedigital.com.ar\/noticias\/wp-json\/wp\/v2\/media\/125233"}],"wp:attachment":[{"href":"https:\/\/laurbedigital.com.ar\/noticias\/wp-json\/wp\/v2\/media?parent=125236"}],"wp:term":[{"taxonomy":"category","embeddable":true,"href":"https:\/\/laurbedigital.com.ar\/noticias\/wp-json\/wp\/v2\/categories?post=125236"},{"taxonomy":"post_tag","embeddable":true,"href":"https:\/\/laurbedigital.com.ar\/noticias\/wp-json\/wp\/v2\/tags?post=125236"}],"curies":[{"name":"wp","href":"https:\/\/api.w.org\/{rel}","templated":true}]}}