{"id":125228,"date":"2026-03-14T04:55:24","date_gmt":"2026-03-14T07:55:24","guid":{"rendered":"https:\/\/laurbedigital.com.ar\/noticias\/?p=125228"},"modified":"2026-03-14T04:56:18","modified_gmt":"2026-03-14T07:56:18","slug":"milei-paso-uno-de-cada-siete-dias-de-su-mandato-en-el-exterior","status":"publish","type":"post","link":"https:\/\/laurbedigital.com.ar\/noticias\/2026\/03\/14\/milei-paso-uno-de-cada-siete-dias-de-su-mandato-en-el-exterior\/","title":{"rendered":"Milei pas\u00f3 uno de cada siete d\u00edas de su mandato en el exterior"},"content":{"rendered":"<h4 data-path-to-node=\"4\">El impacto de la agenda internacional en la gesti\u00f3n libertaria<\/h4>\n<p data-path-to-node=\"5\">A pesar de haber manifestado en diversas ocasiones una postura reacia a los traslados prolongados, la realidad estad\u00edstica de la gesti\u00f3n de <b data-path-to-node=\"5\" data-index-in-node=\"140\">Javier Milei<\/b> muestra una faceta hiperactiva en el plano global. En apenas <b data-path-to-node=\"5\" data-index-in-node=\"214\">822 d\u00edas de gesti\u00f3n<\/b>, el jefe de Estado argentino ha consolidado una agenda exterior sin precedentes cercanos, acumulando un total de <b data-path-to-node=\"5\" data-index-in-node=\"347\">111 d\u00edas fuera del pa\u00eds<\/b>. Esta cifra no es menor: representa el <b data-path-to-node=\"5\" data-index-in-node=\"410\">14% del tiempo total de su mandato<\/b>, lo que equivale a decir que el presidente ha pasado uno de cada siete d\u00edas de su gobierno en territorio extranjero.<\/p>\n<p data-path-to-node=\"6\">Este despliegue internacional se traduce en <b data-path-to-node=\"6\" data-index-in-node=\"44\">35 viajes internacionales<\/b> distribuidos en 15 naciones. La frecuencia es vertiginosa, arrojando un promedio de un viaje cada 23 d\u00edas. Lo que en la superficie podr\u00eda parecer una serie de misiones diplom\u00e1ticas tradicionales, bajo la lupa del an\u00e1lisis de datos revela una estructura de prioridades ideol\u00f3gicas y estrat\u00e9gicas muy marcada, donde el eje de las relaciones exteriores se ha desplazado dr\u00e1sticamente hacia el Norte.<\/p>\n<h4 data-path-to-node=\"7\">Estados Unidos: El epicentro de la pol\u00edtica exterior<\/h4>\n<p data-path-to-node=\"8\">El an\u00e1lisis pormenorizado de los destinos elegidos por el mandatario evidencia una concentraci\u00f3n absoluta. De las 35 salidas registradas, <b data-path-to-node=\"8\" data-index-in-node=\"138\">16 tuvieron como destino Estados Unidos<\/b>, lo que representa casi el <b data-path-to-node=\"8\" data-index-in-node=\"205\">46% del total<\/b> de sus desplazamientos. Esta cifra triplica a su segundo destino m\u00e1s frecuente, Italia.<\/p>\n<p data-path-to-node=\"9\">La recurrencia de estas visitas no solo responde a una agenda bilateral institucional con la Casa Blanca, sino tambi\u00e9n a una inserci\u00f3n personal del presidente en el ecosistema conservador global. Entre los hitos destacados en suelo estadounidense se encuentran sus m\u00faltiples participaciones en la <b data-path-to-node=\"9\" data-index-in-node=\"297\">Conferencia de Acci\u00f3n Pol\u00edtica Conservadora (CPAC)<\/b>, encuentros con el actual presidente <b data-path-to-node=\"9\" data-index-in-node=\"385\">Donald Trump<\/b>, y exposiciones en foros de pensamiento econ\u00f3mico como el <b data-path-to-node=\"9\" data-index-in-node=\"456\">Instituto Milken<\/b>. Para la administraci\u00f3n libertaria, estas incursiones son vistas como una inversi\u00f3n en \u00abcapital reputacional\u00bb para atraer inversiones, aunque para la oposici\u00f3n representan una sobreexposici\u00f3n en la pol\u00edtica dom\u00e9stica de un tercer pa\u00eds.<\/p>\n<h4 data-path-to-node=\"10\">El ranking de destinos y la diplomacia de cercan\u00eda<\/h4>\n<p data-path-to-node=\"11\">Detr\u00e1s del predominio estadounidense, el mapa de los viajes presidenciales se diversifica, aunque manteniendo un fuerte sesgo hacia Europa y socios estrat\u00e9gicos espec\u00edficos. El desglose por pa\u00edses visitados se organiza de la siguiente manera:<\/p>\n<ul data-path-to-node=\"12\">\n<li>\n<p data-path-to-node=\"12,0,0\"><b data-path-to-node=\"12,0,0\" data-index-in-node=\"0\">Estados Unidos:<\/b> 16 visitas.<\/p>\n<\/li>\n<li>\n<p data-path-to-node=\"12,1,0\"><b data-path-to-node=\"12,1,0\" data-index-in-node=\"0\">Italia:<\/b> 5 visitas.<\/p>\n<\/li>\n<li>\n<p data-path-to-node=\"12,2,0\"><b data-path-to-node=\"12,2,0\" data-index-in-node=\"0\">Brasil, Espa\u00f1a, Suiza, Vaticano y Paraguay:<\/b> 3 visitas cada uno.<\/p>\n<\/li>\n<li>\n<p data-path-to-node=\"12,3,0\"><b data-path-to-node=\"12,3,0\" data-index-in-node=\"0\">Israel y Francia:<\/b> 2 visitas cada uno.<\/p>\n<\/li>\n<\/ul>\n<p data-path-to-node=\"13\">Es notable que, mientras las visitas a potencias occidentales suelen implicar estancias de varios d\u00edas, la relaci\u00f3n con los socios del <b data-path-to-node=\"13\" data-index-in-node=\"135\">Mercosur<\/b> ha adoptado una modalidad marcadamente distinta. En pa\u00edses como <b data-path-to-node=\"13\" data-index-in-node=\"208\">Paraguay, Uruguay y Brasil<\/b>, se han registrado varios eventos con \u00ab0 d\u00edas de estancia\u00bb. Estos son los denominados <b data-path-to-node=\"13\" data-index-in-node=\"321\">\u00abviajes rel\u00e1mpago\u00bb<\/b>, misiones que se resuelven en el mismo d\u00eda, donde el presidente asiste a cumbres o reuniones bilaterales breves y regresa a Buenos Aires sin pernoctar. Esta din\u00e1mica sugiere una diplomacia regional de car\u00e1cter funcional y pragm\u00e1tico, que contrasta con la profundidad de las giras en otros continentes.<\/p>\n<h4 data-path-to-node=\"14\">De foros econ\u00f3micos a giras espirituales<\/h4>\n<p data-path-to-node=\"15\">No todos los desplazamientos han sido breves. El registro oficial destaca giras de gran extensi\u00f3n que han combinado objetivos pol\u00edticos, econ\u00f3micos y, en algunos casos, personales o espirituales. Una de las misiones m\u00e1s largas se extendi\u00f3 por <b data-path-to-node=\"15\" data-index-in-node=\"243\">9 d\u00edas<\/b>, abarcando un itinerario complejo que incluy\u00f3 Italia, el Vaticano, Espa\u00f1a, Francia e Israel.<\/p>\n<p data-path-to-node=\"16\">Asimismo, se destacan desplazamientos de 8 d\u00edas que integraron la participaci\u00f3n en el <b data-path-to-node=\"16\" data-index-in-node=\"86\">Foro Econ\u00f3mico de Davos<\/b> con actividades en Estados Unidos. Estos viajes extensos suelen tener una estructura h\u00edbrida: por un lado, la b\u00fasqueda de validaci\u00f3n ante los mercados financieros y foros de \u00e9lite, y por otro, una agenda de fuerte carga simb\u00f3lica, como sus visitas al Muro de los Lamentos en Israel o las audiencias en la Santa Sede.<\/p>\n<h4 data-path-to-node=\"17\">Reflexiones sobre una gesti\u00f3n itinerante<\/h4>\n<p data-path-to-node=\"18\">La magnitud de los <b data-path-to-node=\"18\" data-index-in-node=\"19\">111 d\u00edas en el exterior<\/b> abre un debate necesario sobre la administraci\u00f3n del tiempo presidencial en un contexto de crisis interna. Mientras el Ejecutivo defiende estas salidas como una herramienta indispensable para reinsertar a la Argentina en el mundo y se\u00f1alar un cambio de rumbo cultural, los cr\u00edticos cuestionan el costo operativo y la ausencia del mandatario en la gesti\u00f3n diaria del Estado.<\/p>\n<p data-path-to-node=\"19\">Lo que resulta indiscutible es que la pol\u00edtica exterior de <b data-path-to-node=\"19\" data-index-in-node=\"59\">Javier Milei<\/b> no es perif\u00e9rica a su gobierno, sino uno de sus pilares fundamentales. Con un viaje proyectado casi mensualmente, el presidente ha decidido que el escenario internacional es el mejor estrado para difundir sus ideas, incluso si eso implica que una porci\u00f3n significativa de su mandato transcurra a miles de kil\u00f3metros de la Casa Rosada.<\/p>\n","protected":false},"excerpt":{"rendered":"<p>El impacto de la agenda internacional en la gesti\u00f3n libertaria A pesar de haber manifestado en diversas ocasiones una postura<\/p>\n","protected":false},"author":1,"featured_media":125230,"comment_status":"closed","ping_status":"closed","sticky":false,"template":"","format":"standard","meta":{"kia_subtitle":"El presidente Javier Milei acumul\u00f3 111 d\u00edas fuera del pa\u00eds en 822 d\u00edas de gesti\u00f3n, priorizando a Estados Unidos como destino principal en casi la mitad de sus viajes.","footnotes":"","jetpack_publicize_message":"","jetpack_publicize_feature_enabled":true,"jetpack_social_post_already_shared":true,"jetpack_social_options":{"image_generator_settings":{"template":"highway","default_image_id":0,"font":"","enabled":false},"version":2}},"categories":[3,41],"tags":[],"class_list":["post-125228","post","type-post","status-publish","format-standard","has-post-thumbnail","hentry","category-actualidad","category-nacionales"],"jetpack_publicize_connections":[],"jetpack_featured_media_url":"https:\/\/laurbedigital.com.ar\/noticias\/wp-content\/uploads\/2026\/03\/20220314-milei.png","_links":{"self":[{"href":"https:\/\/laurbedigital.com.ar\/noticias\/wp-json\/wp\/v2\/posts\/125228","targetHints":{"allow":["GET"]}}],"collection":[{"href":"https:\/\/laurbedigital.com.ar\/noticias\/wp-json\/wp\/v2\/posts"}],"about":[{"href":"https:\/\/laurbedigital.com.ar\/noticias\/wp-json\/wp\/v2\/types\/post"}],"author":[{"embeddable":true,"href":"https:\/\/laurbedigital.com.ar\/noticias\/wp-json\/wp\/v2\/users\/1"}],"replies":[{"embeddable":true,"href":"https:\/\/laurbedigital.com.ar\/noticias\/wp-json\/wp\/v2\/comments?post=125228"}],"version-history":[{"count":2,"href":"https:\/\/laurbedigital.com.ar\/noticias\/wp-json\/wp\/v2\/posts\/125228\/revisions"}],"predecessor-version":[{"id":125235,"href":"https:\/\/laurbedigital.com.ar\/noticias\/wp-json\/wp\/v2\/posts\/125228\/revisions\/125235"}],"wp:featuredmedia":[{"embeddable":true,"href":"https:\/\/laurbedigital.com.ar\/noticias\/wp-json\/wp\/v2\/media\/125230"}],"wp:attachment":[{"href":"https:\/\/laurbedigital.com.ar\/noticias\/wp-json\/wp\/v2\/media?parent=125228"}],"wp:term":[{"taxonomy":"category","embeddable":true,"href":"https:\/\/laurbedigital.com.ar\/noticias\/wp-json\/wp\/v2\/categories?post=125228"},{"taxonomy":"post_tag","embeddable":true,"href":"https:\/\/laurbedigital.com.ar\/noticias\/wp-json\/wp\/v2\/tags?post=125228"}],"curies":[{"name":"wp","href":"https:\/\/api.w.org\/{rel}","templated":true}]}}