{"id":125224,"date":"2026-03-13T17:07:58","date_gmt":"2026-03-13T20:07:58","guid":{"rendered":"https:\/\/laurbedigital.com.ar\/noticias\/?p=125224"},"modified":"2026-03-13T17:07:58","modified_gmt":"2026-03-13T20:07:58","slug":"san-francisco-solano-celebra-su-77-aniversario-con-musica-feria-y-propuestas-culturales","status":"publish","type":"post","link":"https:\/\/laurbedigital.com.ar\/noticias\/2026\/03\/13\/san-francisco-solano-celebra-su-77-aniversario-con-musica-feria-y-propuestas-culturales\/","title":{"rendered":"San Francisco Solano celebra su 77\u00b0 aniversario con m\u00fasica, feria y propuestas culturales"},"content":{"rendered":"<p>Los festejos se llevar\u00e1n adelante el viernes 13, s\u00e1bado 14 y domingo 15 de marzo, con actividades abiertas a toda la comunidad en el espacio p\u00fablico ubicado en Margarita entre Rosa y Nardo.<\/p>\n<p>La celebraci\u00f3n comenzar\u00e1 el viernes 13 a las 16 horas con el tradicional acto institucional. Luego, durante todo el fin de semana, vecinas y vecinos podr\u00e1n disfrutar de la feria de artesanos y emprendedores, propuestas gastron\u00f3micas y numerosos shows musicales.<\/p>\n<p>Durante cada jornada habr\u00e1 un estilo musical diferente para que el p\u00fablico pueda disfrutar de distintos g\u00e9neros: viernes de cumbia, s\u00e1bado de rock y domingo de folclore.<\/p>\n<p>La programaci\u00f3n art\u00edstica incluir\u00e1 la presentaci\u00f3n de numerosos m\u00fasicos y ballets locales. El viernes, desde las 19 horas, subir\u00e1n al escenario La San Cayetano, El Bombazo, Amantes de Ocasi\u00f3n, Malafamero, Ukeleleando y La Pande Band.<\/p>\n<p><img loading=\"lazy\" decoding=\"async\" class=\"alignnone size-full wp-image-125226\" src=\"https:\/\/laurbedigital.com.ar\/noticias\/wp-content\/uploads\/2026\/03\/20220313-solano1.png\" alt=\"\" width=\"768\" height=\"428\" title=\"\" srcset=\"https:\/\/laurbedigital.com.ar\/noticias\/wp-content\/uploads\/2026\/03\/20220313-solano1.png 768w, https:\/\/laurbedigital.com.ar\/noticias\/wp-content\/uploads\/2026\/03\/20220313-solano1-300x167.png 300w\" sizes=\"auto, (max-width: 768px) 100vw, 768px\" \/><\/p>\n<p>El s\u00e1bado, la propuesta estar\u00e1 dedicada al rock con shows de La Baluarte, Chakis, Circo Calavera y Spirulina 600 MG, entre otras bandas.<\/p>\n<p>En tanto, el domingo, el cierre de los festejos estar\u00e1 marcado por la m\u00fasica y la danza tradicional con la participaci\u00f3n de Grupo Ra\u00edces, Tr\u00edo San Francisco, Trashumante, Naypafolk, Luz del Amanecer y Los M\u00e9ndez, adem\u00e1s de la presentaci\u00f3n de ballets folkl\u00f3ricos invitados.<\/p>\n<p>Mariano Cascallares invit\u00f3 a la comunidad a participar de los festejos:\u00a0\u201cCelebramos un nuevo aniversario de la querida localidad de San Francisco Solano con propuestas culturales, art\u00edsticas y recreativas pensadas para compartir en familia y con amigos. Invitamos a todos nuestros vecinos a sumarse a esta gran celebraci\u00f3n\u201d.<\/p>\n","protected":false},"excerpt":{"rendered":"<p>Los festejos se llevar\u00e1n adelante el viernes 13, s\u00e1bado 14 y domingo 15 de marzo, con actividades abiertas a toda<\/p>\n","protected":false},"author":1,"featured_media":125225,"comment_status":"closed","ping_status":"closed","sticky":false,"template":"","format":"standard","meta":{"kia_subtitle":"El Municipio de Almirante Brown invita a la comunidad a celebrar el 77\u00b0 aniversario de San Francisco Solano con tres jornadas colmadas de m\u00fasica, feria de emprendedores y propuestas gastron\u00f3micas en la Plaza 13 de Julio.","footnotes":"","jetpack_publicize_message":"","jetpack_publicize_feature_enabled":true,"jetpack_social_post_already_shared":true,"jetpack_social_options":{"image_generator_settings":{"template":"highway","default_image_id":0,"font":"","enabled":false},"version":2}},"categories":[2,33,253],"tags":[],"class_list":["post-125224","post","type-post","status-publish","format-standard","has-post-thumbnail","hentry","category-alte-brown","category-alte-brown-alte-brown","category-solano"],"jetpack_publicize_connections":[],"jetpack_featured_media_url":"https:\/\/laurbedigital.com.ar\/noticias\/wp-content\/uploads\/2026\/03\/20220313-Solano.png","_links":{"self":[{"href":"https:\/\/laurbedigital.com.ar\/noticias\/wp-json\/wp\/v2\/posts\/125224","targetHints":{"allow":["GET"]}}],"collection":[{"href":"https:\/\/laurbedigital.com.ar\/noticias\/wp-json\/wp\/v2\/posts"}],"about":[{"href":"https:\/\/laurbedigital.com.ar\/noticias\/wp-json\/wp\/v2\/types\/post"}],"author":[{"embeddable":true,"href":"https:\/\/laurbedigital.com.ar\/noticias\/wp-json\/wp\/v2\/users\/1"}],"replies":[{"embeddable":true,"href":"https:\/\/laurbedigital.com.ar\/noticias\/wp-json\/wp\/v2\/comments?post=125224"}],"version-history":[{"count":1,"href":"https:\/\/laurbedigital.com.ar\/noticias\/wp-json\/wp\/v2\/posts\/125224\/revisions"}],"predecessor-version":[{"id":125227,"href":"https:\/\/laurbedigital.com.ar\/noticias\/wp-json\/wp\/v2\/posts\/125224\/revisions\/125227"}],"wp:featuredmedia":[{"embeddable":true,"href":"https:\/\/laurbedigital.com.ar\/noticias\/wp-json\/wp\/v2\/media\/125225"}],"wp:attachment":[{"href":"https:\/\/laurbedigital.com.ar\/noticias\/wp-json\/wp\/v2\/media?parent=125224"}],"wp:term":[{"taxonomy":"category","embeddable":true,"href":"https:\/\/laurbedigital.com.ar\/noticias\/wp-json\/wp\/v2\/categories?post=125224"},{"taxonomy":"post_tag","embeddable":true,"href":"https:\/\/laurbedigital.com.ar\/noticias\/wp-json\/wp\/v2\/tags?post=125224"}],"curies":[{"name":"wp","href":"https:\/\/api.w.org\/{rel}","templated":true}]}}