{"id":125219,"date":"2026-03-13T14:27:35","date_gmt":"2026-03-13T17:27:35","guid":{"rendered":"https:\/\/laurbedigital.com.ar\/noticias\/?p=125219"},"modified":"2026-03-13T14:27:35","modified_gmt":"2026-03-13T17:27:35","slug":"en-el-marco-del-mes-de-la-mujer-alte-brown-reconocio-a-mujeres-de-las-fuerzas-de-seguridad","status":"publish","type":"post","link":"https:\/\/laurbedigital.com.ar\/noticias\/2026\/03\/13\/en-el-marco-del-mes-de-la-mujer-alte-brown-reconocio-a-mujeres-de-las-fuerzas-de-seguridad\/","title":{"rendered":"En el marco del Mes de la Mujer, Alte Brown reconoci\u00f3 a mujeres de las fuerzas de seguridad"},"content":{"rendered":"<p>La iniciativa, organizada por la Secretar\u00eda de Prevenci\u00f3n y Seguridad Ciudadana, tuvo como objetivo destacar el compromiso, la vocaci\u00f3n de servicio y el importante rol que desempe\u00f1an las mujeres en las tareas de prevenci\u00f3n, cuidado y protecci\u00f3n de la comunidad.<\/p>\n<p>Durante el encuentro llevado adelante en el COM de Burzaco se realiz\u00f3 un reconocimiento a las integrantes de las distintas fuerzas que desarrollan su labor en el territorio de Almirante Brown, contribuyendo al fortalecimiento de la seguridad y al acompa\u00f1amiento de los vecinos y vecinas.<\/p>\n<p>En ese marco, cada una de las representantes recibi\u00f3 un diploma y un presente como gesto simb\u00f3lico de agradecimiento por su dedicaci\u00f3n y compromiso.<\/p>\n<p>Las representantes reconocidas fueron Marina Soledad Mi\u00f1o, segunda jefa de la UPPL Almirante Brown; Ivanna Soledad Dom\u00ednguez, jefa de la Comisar\u00eda de la Mujer y la Familia de Almirante Brown; Marcela del Carmen S\u00e1nchez, segunda jefa de la Comisar\u00eda de la Mujer y la Familia; y Patricia Soledad Medina, segunda jefa de la Comisar\u00eda 1\u00aa.<\/p>\n<p>Tambi\u00e9n Silvia \u00c1lvarez Far\u00edas, segunda jefa de la Comisar\u00eda 2\u00aa; Carolina Alejandra Pompei, jefa de la Comisar\u00eda 3\u00aa; Marisel Cabrera, segunda jefa de la Comisar\u00eda 4\u00aa; Erica Lorena Barboza, jefa de la Comisar\u00eda 5\u00aa; y Elena Beatriz G\u00f3mez, segunda jefa de la Comisar\u00eda 5\u00aa.<\/p>\n<p><img loading=\"lazy\" decoding=\"async\" class=\"alignnone size-full wp-image-125220\" src=\"https:\/\/laurbedigital.com.ar\/noticias\/wp-content\/uploads\/2026\/03\/20220313-HOMENAJE.png\" alt=\"\" width=\"768\" height=\"428\" title=\"\" srcset=\"https:\/\/laurbedigital.com.ar\/noticias\/wp-content\/uploads\/2026\/03\/20220313-HOMENAJE.png 768w, https:\/\/laurbedigital.com.ar\/noticias\/wp-content\/uploads\/2026\/03\/20220313-HOMENAJE-300x167.png 300w\" sizes=\"auto, (max-width: 768px) 100vw, 768px\" \/><\/p>\n<p>Asimismo participaron Flavia Denise Aguirre, segunda jefa de la Comisar\u00eda 7\u00aa; Daniela Alejandra Vargas, segunda jefa de la Comisar\u00eda 8\u00aa; B\u00e1rbara Noem\u00ed Antonelli, jefa de la Comisar\u00eda 9\u00aa; Mariel Marisa Garellio, segunda jefa de la Comisar\u00eda 9\u00aa; Carla G\u00f3mez, jefa de la Base Operativa FBA Almirante Brown; la suboficial mayor Mar\u00eda Soledad Yba\u00f1ez; la cabo Tiziana Valentina Navarro Arce; y las bomberas M\u00eda Abril G\u00f3mez y Johanna Graciela Pilar Arrieta.<\/p>\n<p>\u201cEn el Mes de la Mujer quisimos reconocer y agradecer el compromiso, la vocaci\u00f3n de servicio y el trabajo cotidiano que realizan las mujeres de nuestras Fuerzas de Seguridad, que con profesionalismo y dedicaci\u00f3n cuidan a los vecinos y vecinas de Almirante Brown\u201d, sostuvo Mariano Cascallares.<\/p>\n<p>La actividad form\u00f3 parte de la agenda de propuestas impulsadas desde el Municipio Browniano durante el mes de marzo para visibilizar el trabajo, la dedicaci\u00f3n y el aporte de las mujeres en distintos \u00e1mbitos de la vida social e institucional.<\/p>\n<p>Tambi\u00e9n estuvieron presentes en la jornada el secretario de Prevenci\u00f3n y Seguridad Ciudadana, Mart\u00edn Borsetti; el subsecretario de Prevenci\u00f3n y Seguridad Ciudadana, Enzo L\u00f3pez; y la presidenta del Consejo de Mujeres, Cristina Vilotta.<\/p>\n","protected":false},"excerpt":{"rendered":"<p>La iniciativa, organizada por la Secretar\u00eda de Prevenci\u00f3n y Seguridad Ciudadana, tuvo como objetivo destacar el compromiso, la vocaci\u00f3n de<\/p>\n","protected":false},"author":1,"featured_media":125221,"comment_status":"closed","ping_status":"closed","sticky":false,"template":"","format":"standard","meta":{"kia_subtitle":"Durante una jornada realizada en el Centro de Operaciones Municipal (COM) de Alte Brown, Mariano Cascallares, el intendente interino Juan Fabiani, y la jefa de Gabinete, Paula Eichel, reconocieron a representantes mujeres de las distintas Fuerzas de Seguridad que cumplen funciones en el distrito, en el marco de las actividades por el Mes de la Mujer.","footnotes":"","jetpack_publicize_message":"","jetpack_publicize_feature_enabled":true,"jetpack_social_post_already_shared":true,"jetpack_social_options":{"image_generator_settings":{"template":"highway","default_image_id":0,"font":"","enabled":false},"version":2}},"categories":[2,33],"tags":[],"class_list":["post-125219","post","type-post","status-publish","format-standard","has-post-thumbnail","hentry","category-alte-brown","category-alte-brown-alte-brown"],"jetpack_publicize_connections":[],"jetpack_featured_media_url":"https:\/\/laurbedigital.com.ar\/noticias\/wp-content\/uploads\/2026\/03\/20220313-homenaje1.png","_links":{"self":[{"href":"https:\/\/laurbedigital.com.ar\/noticias\/wp-json\/wp\/v2\/posts\/125219","targetHints":{"allow":["GET"]}}],"collection":[{"href":"https:\/\/laurbedigital.com.ar\/noticias\/wp-json\/wp\/v2\/posts"}],"about":[{"href":"https:\/\/laurbedigital.com.ar\/noticias\/wp-json\/wp\/v2\/types\/post"}],"author":[{"embeddable":true,"href":"https:\/\/laurbedigital.com.ar\/noticias\/wp-json\/wp\/v2\/users\/1"}],"replies":[{"embeddable":true,"href":"https:\/\/laurbedigital.com.ar\/noticias\/wp-json\/wp\/v2\/comments?post=125219"}],"version-history":[{"count":2,"href":"https:\/\/laurbedigital.com.ar\/noticias\/wp-json\/wp\/v2\/posts\/125219\/revisions"}],"predecessor-version":[{"id":125223,"href":"https:\/\/laurbedigital.com.ar\/noticias\/wp-json\/wp\/v2\/posts\/125219\/revisions\/125223"}],"wp:featuredmedia":[{"embeddable":true,"href":"https:\/\/laurbedigital.com.ar\/noticias\/wp-json\/wp\/v2\/media\/125221"}],"wp:attachment":[{"href":"https:\/\/laurbedigital.com.ar\/noticias\/wp-json\/wp\/v2\/media?parent=125219"}],"wp:term":[{"taxonomy":"category","embeddable":true,"href":"https:\/\/laurbedigital.com.ar\/noticias\/wp-json\/wp\/v2\/categories?post=125219"},{"taxonomy":"post_tag","embeddable":true,"href":"https:\/\/laurbedigital.com.ar\/noticias\/wp-json\/wp\/v2\/tags?post=125219"}],"curies":[{"name":"wp","href":"https:\/\/api.w.org\/{rel}","templated":true}]}}