{"id":125213,"date":"2026-03-13T05:06:12","date_gmt":"2026-03-13T08:06:12","guid":{"rendered":"https:\/\/laurbedigital.com.ar\/noticias\/?p=125213"},"modified":"2026-03-13T05:06:12","modified_gmt":"2026-03-13T08:06:12","slug":"el-femicidio-de-daiana-garcia-un-enigma-que-termino-en-un-doble-suicidio","status":"publish","type":"post","link":"https:\/\/laurbedigital.com.ar\/noticias\/2026\/03\/13\/el-femicidio-de-daiana-garcia-un-enigma-que-termino-en-un-doble-suicidio\/","title":{"rendered":"El femicidio de Daiana Garc\u00eda: un enigma que termin\u00f3 en un doble suicidio"},"content":{"rendered":"<p data-path-to-node=\"3\">El 13 de marzo de 2015, el hallazgo de un cuerpo dentro de una bolsa de arpillera a la vera de la Ruta 4, en la localidad de Llavallol, termin\u00f3 con la b\u00fasqueda de <b data-path-to-node=\"3\" data-index-in-node=\"163\">Daiana Garc\u00eda<\/b>. La joven de 19 a\u00f1os hab\u00eda desaparecido seis d\u00edas antes, tras salir de su casa en el barrio porte\u00f1o de Palermo para una supuesta entrevista de trabajo. Lo que sigui\u00f3 fue una investigaci\u00f3n vertiginosa que revel\u00f3 una trama de obsesi\u00f3n y un desenlace tr\u00e1gico que impidi\u00f3 la llegada de la justicia formal.<\/p>\n<h4 data-path-to-node=\"4\">La desaparici\u00f3n y el hallazgo<\/h4>\n<p data-path-to-node=\"5\">Daiana sali\u00f3 de su hogar el s\u00e1bado 7 de marzo de 2015. Seg\u00fan relat\u00f3 su familia, se dirig\u00eda a la intersecci\u00f3n de las avenidas <b data-path-to-node=\"5\" data-index-in-node=\"125\">\u00c1ngel Gallardo y Corrientes<\/b> para encontrarse con un conocido que le hab\u00eda ofrecido un empleo en un local de ropa. Nunca lleg\u00f3 a la cena que ten\u00eda pactada con sus amigas esa misma noche.<\/p>\n<p data-path-to-node=\"6\">Tras d\u00edas de angustia y una campa\u00f1a masiva en redes sociales, el viernes 13 se confirm\u00f3 la peor noticia. Unos recolectores de basura encontraron un bulto sospechoso bajo un puente ferroviario. El cuerpo de Daiana no presentaba signos de defensa, lo que sugiri\u00f3 desde un inicio que el atacante era alguien de su c\u00edrculo de confianza o que la hab\u00eda sorprendido de manera absoluta. La autopsia determin\u00f3 que la causa de muerte fue <b data-path-to-node=\"6\" data-index-in-node=\"428\">asfixia por sofocaci\u00f3n<\/b>.<\/p>\n<h4 data-path-to-node=\"7\">El sospechoso: Juan Manuel F\u00edgola<\/h4>\n<p data-path-to-node=\"8\">La investigaci\u00f3n, liderada por el fiscal Lucio Herrera, se centr\u00f3 r\u00e1pidamente en el entorno de la joven. El cruce de llamadas y mensajes llev\u00f3 a la polic\u00eda hacia <b data-path-to-node=\"8\" data-index-in-node=\"162\">Juan Manuel F\u00edgola<\/b>, un hombre de 38 a\u00f1os que trabajaba en una empresa de log\u00edstica y mantenimiento. F\u00edgola conoc\u00eda a Daiana y, seg\u00fan los testimonios, manten\u00eda una fijaci\u00f3n con ella que no era correspondida.<\/p>\n<p data-path-to-node=\"9\">El s\u00e1bado 14 de marzo, apenas un d\u00eda despu\u00e9s del hallazgo del cuerpo, la polic\u00eda allan\u00f3 el domicilio de F\u00edgola. Sin embargo, llegaron tarde. El hombre se hab\u00eda arrojado bajo una formaci\u00f3n del Ferrocarril Sarmiento en la estaci\u00f3n de Gregorio de Laferrere. Antes de suicidarse, le habr\u00eda confesado a su padre a trav\u00e9s de un mensaje o llamado: <b data-path-to-node=\"9\" data-index-in-node=\"341\">\u00abMe mand\u00e9 una macana\u00bb<\/b>.<\/p>\n<h4 data-path-to-node=\"10\">Pruebas concluyentes y cierre de la causa<\/h4>\n<p data-path-to-node=\"11\">A pesar del suicidio del sospechoso, la justicia continu\u00f3 con las pericias para determinar si hubo c\u00f3mplices o si la autor\u00eda era exclusiva de F\u00edgola. Las pruebas fueron contundentes:<\/p>\n<ul data-path-to-node=\"12\">\n<li>\n<p data-path-to-node=\"12,0,0\"><b data-path-to-node=\"12,0,0\" data-index-in-node=\"0\">El veh\u00edculo:<\/b> En el auto de F\u00edgola se encontraron restos de fibras de arpillera id\u00e9nticas a las de la bolsa donde fue hallado el cuerpo.<\/p>\n<\/li>\n<li>\n<p data-path-to-node=\"12,1,0\"><b data-path-to-node=\"12,1,0\" data-index-in-node=\"0\">Geolocalizaci\u00f3n:<\/b> Las antenas de telefon\u00eda celular ubicaron el dispositivo de F\u00edgola en la zona de Llavallol en la madrugada del domingo, el momento estimado del descarte del cuerpo.<\/p>\n<\/li>\n<li>\n<p data-path-to-node=\"12,2,0\"><b data-path-to-node=\"12,2,0\" data-index-in-node=\"0\">ADN:<\/b> Pericias posteriores confirmaron la presencia de material gen\u00e9tico que vinculaba directamente al sospechoso con la escena del crimen y los restos de la v\u00edctima.<\/p>\n<\/li>\n<\/ul>\n<p data-path-to-node=\"13\">Dado que la acci\u00f3n penal se extingue con la muerte del imputado, la causa fue finalmente archivada. No hubo juicio, ni condena, ni posibilidad de indagar en las motivaciones profundas del femicida m\u00e1s all\u00e1 de lo que las pruebas materiales indicaron.<\/p>\n<h4 data-path-to-node=\"14\">Un s\u00edmbolo de la violencia de g\u00e9nero<\/h4>\n<p data-path-to-node=\"15\">El femicidio de Daiana Garc\u00eda se produjo en un a\u00f1o bisagra para la sociedad argentina. Meses despu\u00e9s de su muerte, el 3 de junio de 2015, se realiz\u00f3 la primera movilizaci\u00f3n de <b data-path-to-node=\"15\" data-index-in-node=\"176\">Ni Una Menos<\/b>, motivada por este y otros cr\u00edmenes atroces como el de Chiara P\u00e1ez.<\/p>\n<p data-path-to-node=\"16\">El caso de Daiana desnud\u00f3 la peligrosidad de las promesas laborales falsas como m\u00e9todo de captaci\u00f3n y la persistencia de la violencia de g\u00e9nero en \u00e1mbitos urbanos. A m\u00e1s de una d\u00e9cada, su nombre figura en cada listado de v\u00edctimas que la justicia no pudo proteger a tiempo y cuyo victimario eligi\u00f3 el silencio final para evadir la c\u00e1rcel.<\/p>\n","protected":false},"excerpt":{"rendered":"<p>El 13 de marzo de 2015, el hallazgo de un cuerpo dentro de una bolsa de arpillera a la vera<\/p>\n","protected":false},"author":1,"featured_media":125202,"comment_status":"closed","ping_status":"closed","sticky":false,"template":"","format":"standard","meta":{"kia_subtitle":"A 11 a\u00f1os del crimen que conmocion\u00f3 al barrio de Palermo, el caso permanece como un recordatorio de la violencia de g\u00e9nero m\u00e1s extrema. El principal sospechoso se quit\u00f3 la vida antes de ser detenido.","footnotes":"","jetpack_publicize_message":"","jetpack_publicize_feature_enabled":true,"jetpack_social_post_already_shared":true,"jetpack_social_options":{"image_generator_settings":{"template":"highway","default_image_id":0,"font":"","enabled":false},"version":2}},"categories":[8],"tags":[],"class_list":["post-125213","post","type-post","status-publish","format-standard","has-post-thumbnail","hentry","category-policiales"],"jetpack_publicize_connections":[],"jetpack_featured_media_url":"https:\/\/laurbedigital.com.ar\/noticias\/wp-content\/uploads\/2026\/03\/20220313-Daiana-Garcia.png","_links":{"self":[{"href":"https:\/\/laurbedigital.com.ar\/noticias\/wp-json\/wp\/v2\/posts\/125213","targetHints":{"allow":["GET"]}}],"collection":[{"href":"https:\/\/laurbedigital.com.ar\/noticias\/wp-json\/wp\/v2\/posts"}],"about":[{"href":"https:\/\/laurbedigital.com.ar\/noticias\/wp-json\/wp\/v2\/types\/post"}],"author":[{"embeddable":true,"href":"https:\/\/laurbedigital.com.ar\/noticias\/wp-json\/wp\/v2\/users\/1"}],"replies":[{"embeddable":true,"href":"https:\/\/laurbedigital.com.ar\/noticias\/wp-json\/wp\/v2\/comments?post=125213"}],"version-history":[{"count":2,"href":"https:\/\/laurbedigital.com.ar\/noticias\/wp-json\/wp\/v2\/posts\/125213\/revisions"}],"predecessor-version":[{"id":125215,"href":"https:\/\/laurbedigital.com.ar\/noticias\/wp-json\/wp\/v2\/posts\/125213\/revisions\/125215"}],"wp:featuredmedia":[{"embeddable":true,"href":"https:\/\/laurbedigital.com.ar\/noticias\/wp-json\/wp\/v2\/media\/125202"}],"wp:attachment":[{"href":"https:\/\/laurbedigital.com.ar\/noticias\/wp-json\/wp\/v2\/media?parent=125213"}],"wp:term":[{"taxonomy":"category","embeddable":true,"href":"https:\/\/laurbedigital.com.ar\/noticias\/wp-json\/wp\/v2\/categories?post=125213"},{"taxonomy":"post_tag","embeddable":true,"href":"https:\/\/laurbedigital.com.ar\/noticias\/wp-json\/wp\/v2\/tags?post=125213"}],"curies":[{"name":"wp","href":"https:\/\/api.w.org\/{rel}","templated":true}]}}