{"id":125208,"date":"2026-03-13T05:02:38","date_gmt":"2026-03-13T08:02:38","guid":{"rendered":"https:\/\/laurbedigital.com.ar\/noticias\/?p=125208"},"modified":"2026-03-13T05:02:38","modified_gmt":"2026-03-13T08:02:38","slug":"el-decreto-bumeran-adorni-bajo-la-lupa-por-el-uso-del-avion-presidencial","status":"publish","type":"post","link":"https:\/\/laurbedigital.com.ar\/noticias\/2026\/03\/13\/el-decreto-bumeran-adorni-bajo-la-lupa-por-el-uso-del-avion-presidencial\/","title":{"rendered":"El decreto \u00abbumer\u00e1n\u00bb: Adorni bajo la lupa por el uso del avi\u00f3n presidencial"},"content":{"rendered":"<p data-path-to-node=\"3\">El esc\u00e1ndalo por el viaje de <b data-path-to-node=\"3\" data-index-in-node=\"29\">Bettina Angeletti<\/b>, esposa del jefe de Gabinete <b data-path-to-node=\"3\" data-index-in-node=\"76\">Manuel Adorni<\/b>, a bordo de la aeronave presidencial <b data-path-to-node=\"3\" data-index-in-node=\"127\">ARG-01<\/b> con destino a Nueva York, ha colocado al oficialismo en una posici\u00f3n defensiva que intent\u00f3 evitar desde su llegada al poder. El episodio no solo reabri\u00f3 el debate sobre la \u00e9tica en el uso de bienes del Estado, sino que activ\u00f3 comparaciones directas con la denominada <b data-path-to-node=\"3\" data-index-in-node=\"401\">\u00abCausa de los Aviones\u00bb<\/b> que afect\u00f3 a la expresidenta Cristina Kirchner, aunque con un componente ir\u00f3nico: la conducta de Adorni colisiona con un decreto que \u00e9l mismo celebr\u00f3 meses atr\u00e1s.<\/p>\n<h4 data-path-to-node=\"4\">La sombra de la \u00abCausa de los Aviones\u00bb<\/h4>\n<p data-path-to-node=\"5\">El uso de la flota oficial ha sido hist\u00f3ricamente un terreno pantanoso en la pol\u00edtica argentina. La comparaci\u00f3n obligada remite al expediente que investig\u00f3 el presunto traslado de objetos personales y mobiliario a los hoteles de la familia Kirchner en Santa Cruz entre 2007 y 2015.<\/p>\n<p data-path-to-node=\"6\">Sin embargo, existe una diferencia procesal sustancial. En <b data-path-to-node=\"6\" data-index-in-node=\"59\">junio de 2023<\/b>, la C\u00e1mara Federal de Casaci\u00f3n Penal declar\u00f3 la <b data-path-to-node=\"6\" data-index-in-node=\"121\">nulidad absoluta<\/b> de dicha causa. Los jueces Alejandro Slokar y \u00c1ngela Ledesma determinaron que el fallecido juez Claudio Bonad\u00edo vulner\u00f3 el principio de imparcialidad al ser denunciante y juez al mismo tiempo. Aunque en 2024 el fiscal <b data-path-to-node=\"6\" data-index-in-node=\"356\">Gerardo Pollicita<\/b> solicit\u00f3 la reapertura del caso por 194 vuelos bajo la figura de <b data-path-to-node=\"6\" data-index-in-node=\"439\">peculado<\/b> (art\u00edculo 261 del C\u00f3digo Penal), el estado de esa solicitud a\u00fan es incierto.<\/p>\n<h4 data-path-to-node=\"7\">El decreto de 2024: la propia trampa del oficialismo<\/h4>\n<p data-path-to-node=\"8\">Lo que otorga un car\u00e1cter in\u00e9dito a la pol\u00e9mica actual es la existencia de una norma espec\u00edfica dictada por la gesti\u00f3n de Javier Milei. <span class=\"citation-5\">En <\/span><b data-path-to-node=\"8\" data-index-in-node=\"139\"><span class=\"citation-5\">agosto de 2024<\/span><\/b><span class=\"citation-5\">, mediante un decreto de transparencia, el Gobierno <\/span><b data-path-to-node=\"8\" data-index-in-node=\"205\"><span class=\"citation-5\">prohibi\u00f3 expresamente<\/span><\/b><span class=\"citation-5 citation-end-5\"> el uso de aeronaves oficiales para el traslado de familiares de funcionarios en actividades privadas.<\/span><\/p>\n<p data-path-to-node=\"9\">Adorni, en su rol de vocero y referente comunicacional, fue uno de los principales promotores de esta medida, present\u00e1ndola como un hito de la \u00abnueva pol\u00edtica\u00bb. Hoy, ese mismo texto legal es el que la oposici\u00f3n \u2014liderada por el diputado <b data-path-to-node=\"9\" data-index-in-node=\"237\">Esteban Paul\u00f3n<\/b> y el bloque de <b data-path-to-node=\"9\" data-index-in-node=\"267\">Uni\u00f3n por la Patria<\/b>\u2014 utiliza para exigir informes y la interpelaci\u00f3n del funcionario en el Congreso.<\/p>\n<h4 data-path-to-node=\"10\">Defensa sin documentos y tensi\u00f3n interna<\/h4>\n<p data-path-to-node=\"11\">La respuesta del Ejecutivo ha sido, hasta ahora, m\u00e1s ret\u00f3rica que t\u00e9cnica:<\/p>\n<ul data-path-to-node=\"12\">\n<li>\n<p data-path-to-node=\"12,0,0\"><b data-path-to-node=\"12,0,0\" data-index-in-node=\"0\">Argumento oficial:<\/b> Adorni sostuvo en entrevistas recientes que el viaje de su esposa no gener\u00f3 un \u00abcosto adicional\u00bb para el erario p\u00fablico.<\/p>\n<\/li>\n<li>\n<p data-path-to-node=\"12,1,0\"><b data-path-to-node=\"12,1,0\" data-index-in-node=\"0\">Teor\u00eda del costo marginal:<\/b> El presidente Milei respald\u00f3 esta postura en redes sociales bajo conceptos econ\u00f3micos, sugiriendo que, si el avi\u00f3n ya volaba, el asiento ocupado no alteraba el gasto total.<\/p>\n<\/li>\n<li>\n<p data-path-to-node=\"12,2,0\"><b data-path-to-node=\"12,2,0\" data-index-in-node=\"0\">Falta de pruebas:<\/b> A pesar de estas declaraciones, este medio ha verificado que <b data-path-to-node=\"12,2,0\" data-index-in-node=\"79\">no existe respaldo documental independiente<\/b> que certifique el costo cero del traslado.<\/p>\n<\/li>\n<\/ul>\n<h4 data-path-to-node=\"13\">Un frente judicial y pol\u00edtico abierto<\/h4>\n<p data-path-to-node=\"14\">La controversia ha profundizado la grieta interna en La Libertad Avanza. La vicepresidenta <b data-path-to-node=\"14\" data-index-in-node=\"91\">Victoria Villarruel<\/b> no solo marc\u00f3 distancia con gestos ir\u00f3nicos en redes, sino que el conflicto escal\u00f3 a Comodoro Py con una denuncia penal contra el ministro de Defensa, <b data-path-to-node=\"14\" data-index-in-node=\"262\">Luis Petri<\/b>, por calumnias tras ser tildada de \u00abgolpista\u00bb.<\/p>\n<p data-path-to-node=\"15\">Mientras el club Sacachispas y las redes sociales transforman el incidente en s\u00e1tira, la situaci\u00f3n institucional es severa. El contraste es flagrante: mientras la causa contra el kirchnerismo fue anulada por fallas en la instrucci\u00f3n judicial, el caso del <b data-path-to-node=\"15\" data-index-in-node=\"255\">ARG-01<\/b> se asienta sobre la presunta violaci\u00f3n de una regla de transparencia escrita por los mismos protagonistas que hoy la minimizan.<\/p>\n","protected":false},"excerpt":{"rendered":"<p>El esc\u00e1ndalo por el viaje de Bettina Angeletti, esposa del jefe de Gabinete Manuel Adorni, a bordo de la aeronave<\/p>\n","protected":false},"author":1,"featured_media":125198,"comment_status":"closed","ping_status":"closed","sticky":false,"template":"","format":"standard","meta":{"kia_subtitle":"El viaje de su esposa en el ARG-01 reaviva la pol\u00e9mica por el uso de recursos p\u00fablicos. Una norma dictada por el propio Gobierno de Milei en 2024 proh\u00edbe el traslado de familiares.","footnotes":"","jetpack_publicize_message":"","jetpack_publicize_feature_enabled":true,"jetpack_social_post_already_shared":true,"jetpack_social_options":{"image_generator_settings":{"template":"highway","default_image_id":0,"font":"","enabled":false},"version":2}},"categories":[3,41],"tags":[],"class_list":["post-125208","post","type-post","status-publish","format-standard","has-post-thumbnail","hentry","category-actualidad","category-nacionales"],"jetpack_publicize_connections":[],"jetpack_featured_media_url":"https:\/\/laurbedigital.com.ar\/noticias\/wp-content\/uploads\/2026\/03\/20220312-adorni-1.png","_links":{"self":[{"href":"https:\/\/laurbedigital.com.ar\/noticias\/wp-json\/wp\/v2\/posts\/125208","targetHints":{"allow":["GET"]}}],"collection":[{"href":"https:\/\/laurbedigital.com.ar\/noticias\/wp-json\/wp\/v2\/posts"}],"about":[{"href":"https:\/\/laurbedigital.com.ar\/noticias\/wp-json\/wp\/v2\/types\/post"}],"author":[{"embeddable":true,"href":"https:\/\/laurbedigital.com.ar\/noticias\/wp-json\/wp\/v2\/users\/1"}],"replies":[{"embeddable":true,"href":"https:\/\/laurbedigital.com.ar\/noticias\/wp-json\/wp\/v2\/comments?post=125208"}],"version-history":[{"count":2,"href":"https:\/\/laurbedigital.com.ar\/noticias\/wp-json\/wp\/v2\/posts\/125208\/revisions"}],"predecessor-version":[{"id":125210,"href":"https:\/\/laurbedigital.com.ar\/noticias\/wp-json\/wp\/v2\/posts\/125208\/revisions\/125210"}],"wp:featuredmedia":[{"embeddable":true,"href":"https:\/\/laurbedigital.com.ar\/noticias\/wp-json\/wp\/v2\/media\/125198"}],"wp:attachment":[{"href":"https:\/\/laurbedigital.com.ar\/noticias\/wp-json\/wp\/v2\/media?parent=125208"}],"wp:term":[{"taxonomy":"category","embeddable":true,"href":"https:\/\/laurbedigital.com.ar\/noticias\/wp-json\/wp\/v2\/categories?post=125208"},{"taxonomy":"post_tag","embeddable":true,"href":"https:\/\/laurbedigital.com.ar\/noticias\/wp-json\/wp\/v2\/tags?post=125208"}],"curies":[{"name":"wp","href":"https:\/\/api.w.org\/{rel}","templated":true}]}}