{"id":125194,"date":"2026-03-13T04:55:52","date_gmt":"2026-03-13T07:55:52","guid":{"rendered":"https:\/\/laurbedigital.com.ar\/noticias\/?p=125194"},"modified":"2026-03-13T04:55:52","modified_gmt":"2026-03-13T07:55:52","slug":"dia-nacional-de-las-escuelas-de-frontera","status":"publish","type":"post","link":"https:\/\/laurbedigital.com.ar\/noticias\/2026\/03\/13\/dia-nacional-de-las-escuelas-de-frontera\/","title":{"rendered":"D\u00eda Nacional de las Escuelas de Frontera: Se reconoce la importancia de la educaci\u00f3n en zonas fronterizas"},"content":{"rendered":"<p>Cada 14 de marzo se celebra en Argentina el D\u00eda Nacional de las Escuelas de Frontera, una jornada que busca reconocer la labor de docentes y alumnos en estos establecimientos ubicados en las zonas m\u00e1s alejadas y vulnerables del pa\u00eds. Aisladas por la geograf\u00eda y muchas veces por la desidia del Estado, estas escuelas representan mucho m\u00e1s que un espacio de aprendizaje: son el \u00faltimo basti\u00f3n de oportunidades para cientos de ni\u00f1os y j\u00f3venes.<\/p>\n<p>Las escuelas de frontera tienen la misi\u00f3n de garantizar el derecho a la educaci\u00f3n en contextos sumamente adversos. Desde la Puna juje\u00f1a hasta la selva misionera, estas instituciones lidian con carencias de infraestructura, falta de recursos y, en muchos casos, dificultades de acceso que hacen de la asistencia escolar un desaf\u00edo diario. Para los docentes, trabajar en estos espacios no es simplemente una elecci\u00f3n laboral, sino un acto de vocaci\u00f3n y compromiso social.<\/p>\n<p>Uno de los principales obst\u00e1culos es la falta de conectividad. En una era donde la educaci\u00f3n digital es clave, muchas de estas escuelas carecen de internet, dispositivos tecnol\u00f3gicos y hasta energ\u00eda el\u00e9ctrica. La brecha educativa no solo se mide en contenidos curriculares, sino en la imposibilidad de acceder a herramientas b\u00e1sicas para la formaci\u00f3n. Sin embargo, el ingenio docente y la solidaridad de las comunidades permiten sostener el aprendizaje con recursos precarios pero con una determinaci\u00f3n admirable.<\/p>\n<p>Otro factor determinante es la situaci\u00f3n socioecon\u00f3mica de los alumnos. Muchas veces, las escuelas de frontera son tambi\u00e9n comedores comunitarios, ofreciendo la \u00fanica comida diaria para muchos ni\u00f1os. Los docentes no solo ense\u00f1an, sino que tambi\u00e9n gestionan donaciones, organizan actividades solidarias y buscan que sus estudiantes tengan lo m\u00ednimo indispensable para estudiar.<\/p>\n<p>Si bien el Estado reconoce la importancia de estas escuelas, la realidad es que las pol\u00edticas p\u00fablicas suelen quedarse en el discurso. Los programas de apoyo educativo son intermitentes y dependen de voluntades pol\u00edticas fluctuantes. Mientras tanto, la comunidad educativa de frontera sigue esperando inversiones en infraestructura, capacitaci\u00f3n docente y mejores condiciones laborales.<\/p>\n<p>Celebrar el D\u00eda Nacional de las Escuelas de Frontera no es solo un acto simb\u00f3lico. Es una oportunidad para visibilizar sus problem\u00e1ticas y exigir soluciones concretas. Porque si la educaci\u00f3n es la base del futuro, entonces garantizarla en los rincones m\u00e1s olvidados del pa\u00eds no puede ser una opci\u00f3n, sino una obligaci\u00f3n.<\/p>\n","protected":false},"excerpt":{"rendered":"<p>Cada 14 de marzo se celebra en Argentina el D\u00eda Nacional de las Escuelas de Frontera, una jornada que busca<\/p>\n","protected":false},"author":1,"featured_media":114272,"comment_status":"closed","ping_status":"closed","sticky":false,"template":"","format":"standard","meta":{"kia_subtitle":"Una fecha que resalta el esfuerzo de docentes y estudiantes en las zonas m\u00e1s alejadas del pa\u00eds, donde la educaci\u00f3n es un acto de resistencia.","footnotes":"","jetpack_publicize_message":"","jetpack_publicize_feature_enabled":true,"jetpack_social_post_already_shared":true,"jetpack_social_options":{"image_generator_settings":{"template":"highway","default_image_id":0,"font":"","enabled":false},"version":2}},"categories":[5,2594],"tags":[],"class_list":["post-125194","post","type-post","status-publish","format-standard","has-post-thumbnail","hentry","category-cultura","category-efemerides"],"jetpack_publicize_connections":[],"jetpack_featured_media_url":"https:\/\/laurbedigital.com.ar\/noticias\/wp-content\/uploads\/2025\/03\/20250314-Escuela-de-frontera.jpg","_links":{"self":[{"href":"https:\/\/laurbedigital.com.ar\/noticias\/wp-json\/wp\/v2\/posts\/125194","targetHints":{"allow":["GET"]}}],"collection":[{"href":"https:\/\/laurbedigital.com.ar\/noticias\/wp-json\/wp\/v2\/posts"}],"about":[{"href":"https:\/\/laurbedigital.com.ar\/noticias\/wp-json\/wp\/v2\/types\/post"}],"author":[{"embeddable":true,"href":"https:\/\/laurbedigital.com.ar\/noticias\/wp-json\/wp\/v2\/users\/1"}],"replies":[{"embeddable":true,"href":"https:\/\/laurbedigital.com.ar\/noticias\/wp-json\/wp\/v2\/comments?post=125194"}],"version-history":[{"count":2,"href":"https:\/\/laurbedigital.com.ar\/noticias\/wp-json\/wp\/v2\/posts\/125194\/revisions"}],"predecessor-version":[{"id":125196,"href":"https:\/\/laurbedigital.com.ar\/noticias\/wp-json\/wp\/v2\/posts\/125194\/revisions\/125196"}],"wp:featuredmedia":[{"embeddable":true,"href":"https:\/\/laurbedigital.com.ar\/noticias\/wp-json\/wp\/v2\/media\/114272"}],"wp:attachment":[{"href":"https:\/\/laurbedigital.com.ar\/noticias\/wp-json\/wp\/v2\/media?parent=125194"}],"wp:term":[{"taxonomy":"category","embeddable":true,"href":"https:\/\/laurbedigital.com.ar\/noticias\/wp-json\/wp\/v2\/categories?post=125194"},{"taxonomy":"post_tag","embeddable":true,"href":"https:\/\/laurbedigital.com.ar\/noticias\/wp-json\/wp\/v2\/tags?post=125194"}],"curies":[{"name":"wp","href":"https:\/\/api.w.org\/{rel}","templated":true}]}}