{"id":125188,"date":"2026-03-12T18:52:33","date_gmt":"2026-03-12T21:52:33","guid":{"rendered":"https:\/\/laurbedigital.com.ar\/noticias\/?p=125188"},"modified":"2026-03-12T18:52:33","modified_gmt":"2026-03-12T21:52:33","slug":"alte-brown-realiza-una-jornada-de-salud-integral-para-las-mujeres-en-el-parque-ramon-carrillo","status":"publish","type":"post","link":"https:\/\/laurbedigital.com.ar\/noticias\/2026\/03\/12\/alte-brown-realiza-una-jornada-de-salud-integral-para-las-mujeres-en-el-parque-ramon-carrillo\/","title":{"rendered":"Alte Brown realiza una jornada de salud integral para las mujeres en el Parque Ram\u00f3n Carrillo"},"content":{"rendered":"<p>La propuesta tendr\u00e1 lugar el s\u00e1bado 14 de marzo a las 9 horas en el Parque Saludable Ram\u00f3n Carrillo, ubicado en Erezcano 1850, y contar\u00e1 con distintas actividades orientadas al bienestar f\u00edsico y emocional.<\/p>\n<h5><strong><em>En ese marco, Mariano Cascallares destac\u00f3 que \u201cseguimos impulsando espacios de encuentro y cuidado que fortalecen la prevenci\u00f3n y el acceso a la salud\u201d, al tiempo que valor\u00f3 que \u201cestas jornadas permiten acompa\u00f1ar a las mujeres de nuestro distrito con actividades que promueven el bienestar integral y la vida saludable\u201d.<\/em><\/strong><\/h5>\n<p>Durante la jornada se desarrollar\u00e1n talleres de yoga y meditaci\u00f3n, una correcaminata por el parque, juegos interactivos, testeos de salud, sorteos y premios, entre otras propuestas abiertas a la comunidad.<\/p>\n<p>La actividad es organizada por el Municipio de Almirante Brown a trav\u00e9s de la Secretar\u00eda de Salud, con la participaci\u00f3n del Hospital Lucio Mel\u00e9ndez y el Hospital Dr. Arturo O\u00f1ativia, en el marco de un abanico de propuestas impulsadas por el Mes de la Mujer.<\/p>\n","protected":false},"excerpt":{"rendered":"<p>La propuesta tendr\u00e1 lugar el s\u00e1bado 14 de marzo a las 9 horas en el Parque Saludable Ram\u00f3n Carrillo, ubicado<\/p>\n","protected":false},"author":1,"featured_media":125189,"comment_status":"closed","ping_status":"closed","sticky":false,"template":"","format":"standard","meta":{"kia_subtitle":"El Municipio de Almirante Brown llevar\u00e1 adelante la actividad \u201cMujeres que se cuidan, comunidades que florecen\u201d, una jornada de prevenci\u00f3n y promoci\u00f3n de la salud integral destinada a las mujeres del distrito, en el marco del Mes de la Mujer Trabajadora y de los 50 a\u00f1os de democracia.","footnotes":"","jetpack_publicize_message":"","jetpack_publicize_feature_enabled":true,"jetpack_social_post_already_shared":true,"jetpack_social_options":{"image_generator_settings":{"template":"highway","default_image_id":0,"font":"","enabled":false},"version":2}},"categories":[2,33],"tags":[],"class_list":["post-125188","post","type-post","status-publish","format-standard","has-post-thumbnail","hentry","category-alte-brown","category-alte-brown-alte-brown"],"jetpack_publicize_connections":[],"jetpack_featured_media_url":"https:\/\/laurbedigital.com.ar\/noticias\/wp-content\/uploads\/2026\/03\/20220312-JORNADA.png","_links":{"self":[{"href":"https:\/\/laurbedigital.com.ar\/noticias\/wp-json\/wp\/v2\/posts\/125188","targetHints":{"allow":["GET"]}}],"collection":[{"href":"https:\/\/laurbedigital.com.ar\/noticias\/wp-json\/wp\/v2\/posts"}],"about":[{"href":"https:\/\/laurbedigital.com.ar\/noticias\/wp-json\/wp\/v2\/types\/post"}],"author":[{"embeddable":true,"href":"https:\/\/laurbedigital.com.ar\/noticias\/wp-json\/wp\/v2\/users\/1"}],"replies":[{"embeddable":true,"href":"https:\/\/laurbedigital.com.ar\/noticias\/wp-json\/wp\/v2\/comments?post=125188"}],"version-history":[{"count":2,"href":"https:\/\/laurbedigital.com.ar\/noticias\/wp-json\/wp\/v2\/posts\/125188\/revisions"}],"predecessor-version":[{"id":125191,"href":"https:\/\/laurbedigital.com.ar\/noticias\/wp-json\/wp\/v2\/posts\/125188\/revisions\/125191"}],"wp:featuredmedia":[{"embeddable":true,"href":"https:\/\/laurbedigital.com.ar\/noticias\/wp-json\/wp\/v2\/media\/125189"}],"wp:attachment":[{"href":"https:\/\/laurbedigital.com.ar\/noticias\/wp-json\/wp\/v2\/media?parent=125188"}],"wp:term":[{"taxonomy":"category","embeddable":true,"href":"https:\/\/laurbedigital.com.ar\/noticias\/wp-json\/wp\/v2\/categories?post=125188"},{"taxonomy":"post_tag","embeddable":true,"href":"https:\/\/laurbedigital.com.ar\/noticias\/wp-json\/wp\/v2\/tags?post=125188"}],"curies":[{"name":"wp","href":"https:\/\/api.w.org\/{rel}","templated":true}]}}