{"id":125168,"date":"2026-03-12T03:52:17","date_gmt":"2026-03-12T06:52:17","guid":{"rendered":"https:\/\/laurbedigital.com.ar\/noticias\/?p=125168"},"modified":"2026-03-12T03:52:17","modified_gmt":"2026-03-12T06:52:17","slug":"crisis-turistica-mar-del-plata-registra-su-peor-temporada-postpandemia","status":"publish","type":"post","link":"https:\/\/laurbedigital.com.ar\/noticias\/2026\/03\/12\/crisis-turistica-mar-del-plata-registra-su-peor-temporada-postpandemia\/","title":{"rendered":"Crisis tur\u00edstica: Mar del Plata registra su peor temporada postpandemia"},"content":{"rendered":"<p data-path-to-node=\"4\">El sector tur\u00edstico de Mar del Plata enfrenta un escenario de profunda preocupaci\u00f3n tras el cierre de una temporada estival que arroja los n\u00fameros m\u00e1s bajos desde la crisis sanitaria de 2020. Seg\u00fan los datos oficiales difundidos por el Ente Municipal de Turismo y Cultura (Emturyc), entre el 1 de diciembre de 2025 y el 28 de febrero de 2026, la ciudad recibi\u00f3 a 3.141.427 visitantes. Esta cifra representa una ca\u00edda del 3,7% en comparaci\u00f3n con el ciclo anterior, consolidando una tendencia negativa que ni siquiera el repunte de los feriados de Carnaval logr\u00f3 revertir por completo.<\/p>\n<h4 data-path-to-node=\"5\">Un balance marcado por la recesi\u00f3n y la competencia externa<\/h4>\n<p data-path-to-node=\"6\">El an\u00e1lisis del comportamiento tur\u00edstico durante este verano revela que la <b data-path-to-node=\"6\" data-index-in-node=\"75\">crisis tur\u00edstica<\/b> no es un fen\u00f3meno aislado, sino el resultado de una combinaci\u00f3n de factores econ\u00f3micos internos y una oferta externa m\u00e1s competitiva. El flujo de argentinos hacia el exterior, motivado por un tipo de cambio que favoreci\u00f3 las vacaciones en las playas de Brasil, dren\u00f3 una parte considerable de la clase media que hist\u00f3ricamente elige la Costa Atl\u00e1ntica.<\/p>\n<p data-path-to-node=\"7\">Las estad\u00edsticas del Emturyc son contundentes: enero, el mes que tradicionalmente define el \u00e9xito de cualquier temporada, fue particularmente hostil para el comercio y la hoteler\u00eda local. La cantidad de arribos durante el primer mes de 2026 descendi\u00f3 un 7,1% respecto al mismo per\u00edodo de 2025. Este enfriamiento ya se hab\u00eda anticipado en diciembre, mes que cerr\u00f3 con una merma del 2,1%, rompiendo con las expectativas de un inicio de ciclo robusto.<\/p>\n<h4 data-path-to-node=\"8\">Carnaval: el alivio que no alcanz\u00f3 para el equilibrio<\/h4>\n<p data-path-to-node=\"9\">A pesar del panorama sombr\u00edo, el fin de semana largo de Carnaval funcion\u00f3 como un respirador artificial para la econom\u00eda marplatense. Durante esos d\u00edas, el flujo de pasajeros aument\u00f3 considerablemente, aunque el balance final de febrero sigui\u00f3 arrojando un saldo negativo del 0,7% en t\u00e9rminos interanuales.<\/p>\n<p data-path-to-node=\"10\">La comparaci\u00f3n hist\u00f3rica sit\u00faa a este verano en un umbral cr\u00edtico. Para encontrar una estad\u00edstica de afluencia tan baja, hay que remontarse a la temporada 2020\/2021, cuando las restricciones de movilidad y los protocolos sanitarios por el coronavirus limitaron el ingreso a 2.231.660 personas. La diferencia radica en que, en aquel entonces, el factor era una emergencia global de salud; hoy, es el poder adquisitivo del bolsillo argentino el que marca el l\u00edmite.<\/p>\n<h4 data-path-to-node=\"11\">Radiograf\u00eda del alojamiento y el perfil del visitante<\/h4>\n<p data-path-to-node=\"12\">El informe detalla un cambio en el perfil de consumo de quienes s\u00ed visitaron la ciudad. La ocupaci\u00f3n promedio global se situ\u00f3 en un discreto 50,7%. Un dato relevante es la resiliencia de los propietarios: el 41,3% de los visitantes se aloj\u00f3 en vivienda propia, cumpliendo con el ritual de veraneo sin depender de los precios del mercado inmobiliario tur\u00edstico.<\/p>\n<p data-path-to-node=\"13\">Por otro lado, el sector de alquileres temporarios (casas y departamentos) capt\u00f3 al 32,6% de los turistas, mientras que el sector hotelero y de hoster\u00edas, el m\u00e1s golpeado por los costos operativos y la ca\u00edda de reservas, solo recibi\u00f3 al 25,9% del total de viajeros.<\/p>\n<h4 data-path-to-node=\"14\">Transporte y log\u00edstica de arribo<\/h4>\n<p data-path-to-node=\"15\">La conectividad terrestre sigue siendo la columna vertebral del turismo en La Feliz. El 81,4% de los turistas opt\u00f3 por el auto particular como medio de transporte, una cifra que subraya la preferencia por la autonom\u00eda y el ahorro en grupos familiares. El uso del \u00f3mnibus qued\u00f3 en segundo lugar con un 13,8%, a pesar de que los pasajes promediaron los $50.000, un costo que incidi\u00f3 directamente en el presupuesto total de las vacaciones.<\/p>\n<p data-path-to-node=\"16\">Los medios de transporte alternativos mantienen una participaci\u00f3n marginal:<\/p>\n<ul data-path-to-node=\"17\">\n<li>\n<p data-path-to-node=\"17,0,0\"><b data-path-to-node=\"17,0,0\" data-index-in-node=\"0\">Tren:<\/b> 3,4% de los arribos.<\/p>\n<\/li>\n<li>\n<p data-path-to-node=\"17,1,0\"><b data-path-to-node=\"17,1,0\" data-index-in-node=\"0\">Avi\u00f3n:<\/b> 1,5% de los pasajeros, aterrizando en el Aeropuerto Internacional Astor Piazzolla.<\/p>\n<\/li>\n<\/ul>\n","protected":false},"excerpt":{"rendered":"<p>El sector tur\u00edstico de Mar del Plata enfrenta un escenario de profunda preocupaci\u00f3n tras el cierre de una temporada estival<\/p>\n","protected":false},"author":1,"featured_media":125169,"comment_status":"closed","ping_status":"closed","sticky":false,"template":"","format":"standard","meta":{"kia_subtitle":"La ca\u00edda del consumo y el \u00e9xodo de veraneantes hacia destinos internacionales como Brasil marcaron un verano dif\u00edcil en La Feliz, con una baja significativa en la ocupaci\u00f3n hotelera.","footnotes":"","jetpack_publicize_message":"","jetpack_publicize_feature_enabled":true,"jetpack_social_post_already_shared":true,"jetpack_social_options":{"image_generator_settings":{"template":"highway","default_image_id":0,"font":"","enabled":false},"version":2}},"categories":[3,41],"tags":[],"class_list":["post-125168","post","type-post","status-publish","format-standard","has-post-thumbnail","hentry","category-actualidad","category-nacionales"],"jetpack_publicize_connections":[],"jetpack_featured_media_url":"https:\/\/laurbedigital.com.ar\/noticias\/wp-content\/uploads\/2026\/03\/20220312-MDQ.png","_links":{"self":[{"href":"https:\/\/laurbedigital.com.ar\/noticias\/wp-json\/wp\/v2\/posts\/125168","targetHints":{"allow":["GET"]}}],"collection":[{"href":"https:\/\/laurbedigital.com.ar\/noticias\/wp-json\/wp\/v2\/posts"}],"about":[{"href":"https:\/\/laurbedigital.com.ar\/noticias\/wp-json\/wp\/v2\/types\/post"}],"author":[{"embeddable":true,"href":"https:\/\/laurbedigital.com.ar\/noticias\/wp-json\/wp\/v2\/users\/1"}],"replies":[{"embeddable":true,"href":"https:\/\/laurbedigital.com.ar\/noticias\/wp-json\/wp\/v2\/comments?post=125168"}],"version-history":[{"count":1,"href":"https:\/\/laurbedigital.com.ar\/noticias\/wp-json\/wp\/v2\/posts\/125168\/revisions"}],"predecessor-version":[{"id":125170,"href":"https:\/\/laurbedigital.com.ar\/noticias\/wp-json\/wp\/v2\/posts\/125168\/revisions\/125170"}],"wp:featuredmedia":[{"embeddable":true,"href":"https:\/\/laurbedigital.com.ar\/noticias\/wp-json\/wp\/v2\/media\/125169"}],"wp:attachment":[{"href":"https:\/\/laurbedigital.com.ar\/noticias\/wp-json\/wp\/v2\/media?parent=125168"}],"wp:term":[{"taxonomy":"category","embeddable":true,"href":"https:\/\/laurbedigital.com.ar\/noticias\/wp-json\/wp\/v2\/categories?post=125168"},{"taxonomy":"post_tag","embeddable":true,"href":"https:\/\/laurbedigital.com.ar\/noticias\/wp-json\/wp\/v2\/tags?post=125168"}],"curies":[{"name":"wp","href":"https:\/\/api.w.org\/{rel}","templated":true}]}}