{"id":125164,"date":"2026-03-12T03:44:50","date_gmt":"2026-03-12T06:44:50","guid":{"rendered":"https:\/\/laurbedigital.com.ar\/noticias\/?p=125164"},"modified":"2026-03-12T03:44:50","modified_gmt":"2026-03-12T06:44:50","slug":"inflacion-en-ascenso-febrero-cerraria-cerca-del-3-impulsado-por-vivienda-y-alimentos","status":"publish","type":"post","link":"https:\/\/laurbedigital.com.ar\/noticias\/2026\/03\/12\/inflacion-en-ascenso-febrero-cerraria-cerca-del-3-impulsado-por-vivienda-y-alimentos\/","title":{"rendered":"Inflaci\u00f3n en ascenso: febrero cerrar\u00eda cerca del 3% impulsado por vivienda y alimentos"},"content":{"rendered":"<p id=\"p-rc_03a176337d995de1-40\" data-path-to-node=\"3\"><span class=\"citation-61 citation-end-61\">El Instituto Nacional de Estad\u00edstica y Censos (INDEC) dar\u00e1 a conocer este jueves el \u00cdndice de Precios al Consumidor (IPC) correspondiente al segundo mes del a\u00f1o.<\/span> <span class=\"citation-60\">Seg\u00fan las proyecciones de las principales consultoras econ\u00f3micas del pa\u00eds, la <\/span><b data-path-to-node=\"3\" data-index-in-node=\"240\"><span class=\"citation-60\">inflaci\u00f3n<\/span><\/b><span class=\"citation-60 citation-end-60\"> de febrero se ubicar\u00eda en un rango de entre el 2,7% y el 2,9%.<\/span> <span class=\"citation-59 citation-end-59\">Este dato no solo marca una aceleraci\u00f3n respecto a los meses previos, sino que consolida una tendencia alcista que se mantiene ininterrumpida desde junio de 2025, alejando definitivamente la meta oficial del 1% mensual que el Ejecutivo hab\u00eda planteado como horizonte de estabilizaci\u00f3n a corto plazo.<\/span><\/p>\n<h4 data-path-to-node=\"4\">Los motores de la suba: vivienda y carnes al frente<\/h4>\n<p id=\"p-rc_03a176337d995de1-41\" data-path-to-node=\"5\"><span class=\"citation-58\">El an\u00e1lisis pormenorizado de los precios minoristas durante febrero revela que el rubro de <\/span><b data-path-to-node=\"5\" data-index-in-node=\"91\"><span class=\"citation-58\">Vivienda, agua, electricidad, gas y otros combustibles<\/span><\/b><span class=\"citation-58 citation-end-58\"> fue el principal dinamizador del \u00edndice general, con incrementos que promediaron el 6%.<\/span> <span class=\"citation-57 citation-end-57\">Este fen\u00f3meno responde, en gran medida, a la actualizaci\u00f3n de las tarifas de servicios p\u00fablicos y al arrastre de los contratos de alquiler, que contin\u00faan ajust\u00e1ndose por encima del promedio general ante la incertidumbre del mercado inmobiliario.<\/span><\/p>\n<p id=\"p-rc_03a176337d995de1-42\" data-path-to-node=\"6\">En el segmento de bienes, el rubro <b data-path-to-node=\"6\" data-index-in-node=\"35\">Alimentos y bebidas no alcoh\u00f3licas<\/b> volvi\u00f3 a mostrar una din\u00e1mica preocupante. <span class=\"citation-56 citation-end-56\">Particularmente, las carnes registraron subas cercanas al 5% debido a una combinaci\u00f3n de factores: el aumento en los costos de log\u00edstica, la estacionalidad y una recomposici\u00f3n de m\u00e1rgenes en la cadena de comercializaci\u00f3n tras un enero de relativa calma.<\/span> Las consultoras advierten que, cuando los alimentos suben por encima del nivel general, el impacto en la canasta b\u00e1sica se traduce en un aumento inmediato de los niveles de indigencia y pobreza, tensionando a\u00fan m\u00e1s el tejido social.<\/p>\n<h4 data-path-to-node=\"7\">Un ciclo de aceleraci\u00f3n que comenz\u00f3 en 2025<\/h4>\n<p data-path-to-node=\"8\">La <b data-path-to-node=\"8\" data-index-in-node=\"3\">inflaci\u00f3n<\/b> actual no es un fen\u00f3meno aislado de las \u00faltimas semanas. Los especialistas coinciden en que la econom\u00eda argentina entr\u00f3 en una fase de \u00abinercia resiliente\u00bb desde mediados del a\u00f1o pasado. Si bien durante el primer tramo de la gesti\u00f3n actual se observ\u00f3 una desaceleraci\u00f3n pronunciada, el piso del 2% parece haberse convertido en un techo infranqueable.<\/p>\n<p data-path-to-node=\"9\">Desde junio de 2025, la curva de precios recuper\u00f3 una pendiente positiva. Los factores que explican este comportamiento son m\u00faltiples:<\/p>\n<ul data-path-to-node=\"10\">\n<li>\n<p data-path-to-node=\"10,0,0\"><b data-path-to-node=\"10,0,0\" data-index-in-node=\"0\">Ajuste de Precios Relativos:<\/b> El descongelamiento de tarifas de transporte y energ\u00eda sigue impactando en los costos indirectos de toda la econom\u00eda.<\/p>\n<\/li>\n<li>\n<p data-path-to-node=\"10,1,0\"><b data-path-to-node=\"10,1,0\" data-index-in-node=\"0\">Expectativas Inflacionarias:<\/b> Las empresas y formadores de precios han comenzado a indexar sus listas preventivamente ante la falta de un ancla cambiaria o monetaria que genere confianza a largo plazo.<\/p>\n<\/li>\n<li>\n<p data-path-to-node=\"10,2,0\"><b data-path-to-node=\"10,2,0\" data-index-in-node=\"0\">Emisi\u00f3n y Pasivos:<\/b> El debate sobre la capacidad del Banco Central para absorber el excedente de pesos contin\u00faa siendo un punto de fricci\u00f3n entre los economistas ortodoxos y el equipo econ\u00f3mico oficial.<\/p>\n<\/li>\n<\/ul>\n<h4 data-path-to-node=\"11\">El impacto en el consumo y la respuesta oficial<\/h4>\n<p data-path-to-node=\"12\">La persistencia de la <b data-path-to-node=\"12\" data-index-in-node=\"22\">inflaci\u00f3n<\/b> en niveles cercanos al 3% mensual est\u00e1 erosionando el poder adquisitivo de los salarios, especialmente en los sectores informales de la econom\u00eda. Los datos de las c\u00e1maras de comercio minorista ya reflejan una ca\u00edda en el volumen de ventas en supermercados y comercios de cercan\u00eda, donde los consumidores han comenzado a migrar hacia segundas marcas o a reducir el consumo de prote\u00ednas animales.<\/p>\n<p data-path-to-node=\"13\">Desde el Gobierno, el discurso se mantiene en la defensa del equilibrio fiscal como \u00fanica herramienta para derrotar al aumento de precios. Sin embargo, la promesa presidencial de alcanzar una inflaci\u00f3n del 1% parece haber quedado sepultada bajo la realidad estad\u00edstica de los \u00faltimos ocho meses. La expectativa por el dato del INDEC de este jueves es alta, ya que una cifra que comience con el n\u00famero \u00ab3\u00bb podr\u00eda forzar al Banco Central a revisar la pol\u00edtica de tasas de inter\u00e9s para evitar una mayor presi\u00f3n sobre el d\u00f3lar paralelo.<\/p>\n<h4 data-path-to-node=\"14\">Perspectivas para el cierre del primer trimestre<\/h4>\n<p id=\"p-rc_03a176337d995de1-43\" data-path-to-node=\"15\">Para el mes de marzo, el panorama no es m\u00e1s alentador. <span class=\"citation-55 citation-end-55\">Hist\u00f3ricamente, marzo es un mes de alta inflaci\u00f3n debido al inicio del ciclo lectivo (Educaci\u00f3n) y el cambio de temporada en Indumentaria.<\/span> Si a esto se le suma el arrastre de las subas en carnes y los nuevos cuadros tarifarios previstos para la energ\u00eda el\u00e9ctrica, es probable que la <b data-path-to-node=\"15\" data-index-in-node=\"338\">inflaci\u00f3n<\/b> de marzo supere el registro de febrero, poniendo a prueba la narrativa de \u00abdesinflaci\u00f3n\u00bb que sostiene el Ministerio de Econom\u00eda.<\/p>\n<p id=\"p-rc_03a176337d995de1-44\" data-path-to-node=\"16\"><span class=\"citation-54 citation-end-54\">Las consultoras que integran el Relevamiento de Expectativas de Mercado (REM) ya han comenzado a corregir al alza sus proyecciones para el resto del a\u00f1o, situando la inflaci\u00f3n anual en un terreno que vuelve a generar alarmas en los sectores productivos.<\/span> La falta de un plan de estabilizaci\u00f3n integral, m\u00e1s all\u00e1 del ajuste fiscal, es la principal cr\u00edtica que surge tanto desde la oposici\u00f3n como de organismos internacionales.<\/p>\n<h4 data-path-to-node=\"17\">La batalla por la estabilidad contin\u00faa<\/h4>\n<p data-path-to-node=\"18\">El dato del jueves ser\u00e1 un term\u00f3metro de la viabilidad del programa econ\u00f3mico actual. Si la <b data-path-to-node=\"18\" data-index-in-node=\"92\">inflaci\u00f3n<\/b> confirma su tendencia alcista, el Gobierno enfrentar\u00e1 una presi\u00f3n creciente para modificar su estrategia de comunicaci\u00f3n y, posiblemente, sus metas fiscales. Por ahora, los argentinos asisten a una realidad donde los precios de los productos esenciales, como la carne y la vivienda, avanzan a un ritmo que la mayor\u00eda de los ingresos no logra alcanzar.<\/p>\n<p data-path-to-node=\"19\">La estabilidad econ\u00f3mica sigue siendo el gran desaf\u00edo pendiente. Mientras los rubros b\u00e1sicos lideren las subas, cualquier mejora en las variables macroecon\u00f3micas se sentir\u00e1 ajena para el ciudadano de a pie, que ve c\u00f3mo el costo de vida se encarece mes tras mes sin se\u00f1ales claras de alivio en el corto plazo.<\/p>\n","protected":false},"excerpt":{"rendered":"<p>El Instituto Nacional de Estad\u00edstica y Censos (INDEC) dar\u00e1 a conocer este jueves el \u00cdndice de Precios al Consumidor (IPC)<\/p>\n","protected":false},"author":1,"featured_media":125165,"comment_status":"closed","ping_status":"closed","sticky":false,"template":"","format":"standard","meta":{"kia_subtitle":"El INDEC difundir\u00e1 este jueves el dato oficial de inflaci\u00f3n, que consultoras privadas sit\u00faan cerca del 3%, impulsado por fuertes subas en los rubros de vivienda, servicios y productos c\u00e1rnicos.","footnotes":"","jetpack_publicize_message":"","jetpack_publicize_feature_enabled":true,"jetpack_social_post_already_shared":true,"jetpack_social_options":{"image_generator_settings":{"template":"highway","default_image_id":0,"font":"","enabled":false},"version":2}},"categories":[3,41],"tags":[],"class_list":["post-125164","post","type-post","status-publish","format-standard","has-post-thumbnail","hentry","category-actualidad","category-nacionales"],"jetpack_publicize_connections":[],"jetpack_featured_media_url":"https:\/\/laurbedigital.com.ar\/noticias\/wp-content\/uploads\/2026\/03\/20220312-inflacion.png","_links":{"self":[{"href":"https:\/\/laurbedigital.com.ar\/noticias\/wp-json\/wp\/v2\/posts\/125164","targetHints":{"allow":["GET"]}}],"collection":[{"href":"https:\/\/laurbedigital.com.ar\/noticias\/wp-json\/wp\/v2\/posts"}],"about":[{"href":"https:\/\/laurbedigital.com.ar\/noticias\/wp-json\/wp\/v2\/types\/post"}],"author":[{"embeddable":true,"href":"https:\/\/laurbedigital.com.ar\/noticias\/wp-json\/wp\/v2\/users\/1"}],"replies":[{"embeddable":true,"href":"https:\/\/laurbedigital.com.ar\/noticias\/wp-json\/wp\/v2\/comments?post=125164"}],"version-history":[{"count":2,"href":"https:\/\/laurbedigital.com.ar\/noticias\/wp-json\/wp\/v2\/posts\/125164\/revisions"}],"predecessor-version":[{"id":125167,"href":"https:\/\/laurbedigital.com.ar\/noticias\/wp-json\/wp\/v2\/posts\/125164\/revisions\/125167"}],"wp:featuredmedia":[{"embeddable":true,"href":"https:\/\/laurbedigital.com.ar\/noticias\/wp-json\/wp\/v2\/media\/125165"}],"wp:attachment":[{"href":"https:\/\/laurbedigital.com.ar\/noticias\/wp-json\/wp\/v2\/media?parent=125164"}],"wp:term":[{"taxonomy":"category","embeddable":true,"href":"https:\/\/laurbedigital.com.ar\/noticias\/wp-json\/wp\/v2\/categories?post=125164"},{"taxonomy":"post_tag","embeddable":true,"href":"https:\/\/laurbedigital.com.ar\/noticias\/wp-json\/wp\/v2\/tags?post=125164"}],"curies":[{"name":"wp","href":"https:\/\/api.w.org\/{rel}","templated":true}]}}