{"id":125161,"date":"2026-03-12T03:35:16","date_gmt":"2026-03-12T06:35:16","guid":{"rendered":"https:\/\/laurbedigital.com.ar\/noticias\/?p=125161"},"modified":"2026-03-12T03:35:16","modified_gmt":"2026-03-12T06:35:16","slug":"el-lujoso-vuelo-privado-de-manuel-adorni-que-fractura-el-relato-de-la-austeridad","status":"publish","type":"post","link":"https:\/\/laurbedigital.com.ar\/noticias\/2026\/03\/12\/el-lujoso-vuelo-privado-de-manuel-adorni-que-fractura-el-relato-de-la-austeridad\/","title":{"rendered":"El lujoso vuelo privado de Manuel Adorni que fractura el relato de la austeridad"},"content":{"rendered":"<p data-path-to-node=\"3\">La narrativa de la \u00abausteridad\u00bb y el combate a los \u00abprivilegios de la casta\u00bb, pilares fundamentales del discurso de la actual gesti\u00f3n, enfrentan hoy una de sus pruebas m\u00e1s \u00e1cidas y contradictorias. La filtraci\u00f3n de un video que confirma el viaje de <b data-path-to-node=\"3\" data-index-in-node=\"249\">Manuel Adorni<\/b>, jefe de Gabinete de la Naci\u00f3n, a <b data-path-to-node=\"3\" data-index-in-node=\"297\">Punta del Este<\/b> en un <b data-path-to-node=\"3\" data-index-in-node=\"318\">avi\u00f3n privado<\/b> durante el pasado fin de semana de carnaval, no es solo un desliz est\u00e9tico o una cuesti\u00f3n de formas. Se trata de una inconsistencia aritm\u00e9tica y \u00e9tica que golpea el coraz\u00f3n de la credibilidad gubernamental, justo cuando la sociedad atraviesa un ajuste econ\u00f3mico sin precedentes bajo el lema de que \u00abno hay plata\u00bb.<\/p>\n<h4 data-path-to-node=\"4\">El lujo de la discreci\u00f3n fallida en San Fernando<\/h4>\n<p data-path-to-node=\"5\">El pasado 12 de febrero, mientras el pa\u00eds procesaba los efectos de medidas econ\u00f3micas de shock y se debat\u00edan reformas estructurales, Adorni part\u00eda hacia el exclusivo balneario uruguayo. Lo hizo a bordo de un <b data-path-to-node=\"5\" data-index-in-node=\"208\">Honda Jet<\/b>, matr\u00edcula LV-HWA, una aeronave de alta gama operada por la empresa Alpha Centauri. El costo del ch\u00e1rter se estima en <b data-path-to-node=\"5\" data-index-in-node=\"336\">10.000 d\u00f3lares<\/b>, una cifra que, convertida al tipo de cambio financiero, representa una peque\u00f1a fortuna para cualquier asalariado, incluso para un funcionario de alto rango.<\/p>\n<p data-path-to-node=\"6\">El regreso, ocurrido el d\u00eda 17, estuvo marcado por una maniobra que delata la conciencia del costo pol\u00edtico. En un intento por eludir el ojo p\u00fablico, el jefe de Gabinete solicit\u00f3 realizar los tr\u00e1mites de Migraciones en un hangar privado de <b data-path-to-node=\"6\" data-index-in-node=\"240\">San Fernando<\/b>. Esta t\u00e1ctica, orientada a evitar las \u00e1reas comunes donde circulan los ciudadanos de a pie, termin\u00f3 siendo est\u00e9ril: im\u00e1genes reveladas por el periodista Jorge Rial muestran al funcionario y su familia caminando por la pista, confirmando una opulencia que el Gobierno suele denunciar en sus adversarios.<\/p>\n<h4 data-path-to-node=\"7\">Pasajeros, anfitriones y conflictos de intereses<\/h4>\n<p data-path-to-node=\"8\">La lista de pasajeros del vuelo privado no solo inclu\u00eda a su esposa, <b data-path-to-node=\"8\" data-index-in-node=\"69\">Bettina Angeletti<\/b>, y otros familiares directos, sino tambi\u00e9n a un nombre que a\u00f1ade una arista institucional sombr\u00eda al episodio: <b data-path-to-node=\"8\" data-index-in-node=\"198\">Marcelo Grandio<\/b>. El periodista, actual conductor del programa \u00abGiros\u00bb en la <b data-path-to-node=\"8\" data-index-in-node=\"274\">TV P\u00fablica<\/b>, no fue solo un compa\u00f1ero de viaje; fue el anfitri\u00f3n que hosped\u00f3 a la familia Adorni en su residencia uruguaya.<\/p>\n<p data-path-to-node=\"9\">Este v\u00ednculo no es un detalle menor en la \u00e9tica p\u00fablica. Grandio se desempe\u00f1a en un medio de comunicaci\u00f3n que depende directamente de la estructura jer\u00e1rquica que Adorni coordina y supervisa. Que un funcionario de primera l\u00ednea acepte hospitalidad y comparta traslados de lujo con un subordinado indirecto del aparato estatal de comunicaci\u00f3n plantea interrogantes severos sobre la independencia de gesti\u00f3n y la transparencia en los v\u00ednculos personales dentro del Estado.<\/p>\n<p data-path-to-node=\"9\"><iframe loading=\"lazy\" title=\"Un video confirma el viaje de Adorni a Punta del Este en avi\u00f3n privado\" src=\"https:\/\/www.youtube.com\/embed\/sCOlmpKnPMs\" width=\"1045\" height=\"530\" frameborder=\"0\" allowfullscreen=\"allowfullscreen\"><\/iframe><\/p>\n","protected":false},"excerpt":{"rendered":"<p>La narrativa de la \u00abausteridad\u00bb y el combate a los \u00abprivilegios de la casta\u00bb, pilares fundamentales del discurso de la<\/p>\n","protected":false},"author":1,"featured_media":125162,"comment_status":"closed","ping_status":"closed","sticky":false,"template":"","format":"standard","meta":{"kia_subtitle":"El jefe de Gabinete enfrenta duros cuestionamientos tras filtrarse un video de su viaje a Uruguay en un avi\u00f3n de lujo, un gasto que triplica su salario mensual declarado.","footnotes":"","jetpack_publicize_message":"","jetpack_publicize_feature_enabled":true,"jetpack_social_post_already_shared":true,"jetpack_social_options":{"image_generator_settings":{"template":"highway","default_image_id":0,"font":"","enabled":false},"version":2}},"categories":[3,41],"tags":[],"class_list":["post-125161","post","type-post","status-publish","format-standard","has-post-thumbnail","hentry","category-actualidad","category-nacionales"],"jetpack_publicize_connections":[],"jetpack_featured_media_url":"https:\/\/laurbedigital.com.ar\/noticias\/wp-content\/uploads\/2026\/03\/20220312-adorni.png","_links":{"self":[{"href":"https:\/\/laurbedigital.com.ar\/noticias\/wp-json\/wp\/v2\/posts\/125161","targetHints":{"allow":["GET"]}}],"collection":[{"href":"https:\/\/laurbedigital.com.ar\/noticias\/wp-json\/wp\/v2\/posts"}],"about":[{"href":"https:\/\/laurbedigital.com.ar\/noticias\/wp-json\/wp\/v2\/types\/post"}],"author":[{"embeddable":true,"href":"https:\/\/laurbedigital.com.ar\/noticias\/wp-json\/wp\/v2\/users\/1"}],"replies":[{"embeddable":true,"href":"https:\/\/laurbedigital.com.ar\/noticias\/wp-json\/wp\/v2\/comments?post=125161"}],"version-history":[{"count":1,"href":"https:\/\/laurbedigital.com.ar\/noticias\/wp-json\/wp\/v2\/posts\/125161\/revisions"}],"predecessor-version":[{"id":125163,"href":"https:\/\/laurbedigital.com.ar\/noticias\/wp-json\/wp\/v2\/posts\/125161\/revisions\/125163"}],"wp:featuredmedia":[{"embeddable":true,"href":"https:\/\/laurbedigital.com.ar\/noticias\/wp-json\/wp\/v2\/media\/125162"}],"wp:attachment":[{"href":"https:\/\/laurbedigital.com.ar\/noticias\/wp-json\/wp\/v2\/media?parent=125161"}],"wp:term":[{"taxonomy":"category","embeddable":true,"href":"https:\/\/laurbedigital.com.ar\/noticias\/wp-json\/wp\/v2\/categories?post=125161"},{"taxonomy":"post_tag","embeddable":true,"href":"https:\/\/laurbedigital.com.ar\/noticias\/wp-json\/wp\/v2\/tags?post=125161"}],"curies":[{"name":"wp","href":"https:\/\/api.w.org\/{rel}","templated":true}]}}