{"id":123814,"date":"2026-02-01T03:25:20","date_gmt":"2026-02-01T06:25:20","guid":{"rendered":"https:\/\/laurbedigital.com.ar\/noticias\/?p=123814"},"modified":"2026-02-01T03:25:20","modified_gmt":"2026-02-01T06:25:20","slug":"paro-nacional-de-trenes-la-fraternidad-anuncio-una-medida-de-fuerza-total","status":"publish","type":"post","link":"https:\/\/laurbedigital.com.ar\/noticias\/2026\/02\/01\/paro-nacional-de-trenes-la-fraternidad-anuncio-una-medida-de-fuerza-total\/","title":{"rendered":"Paro nacional de trenes: La Fraternidad anunci\u00f3 una medida de fuerza total"},"content":{"rendered":"<p><span class=\"citation-32 citation-end-32\">El conflicto ferroviario ha escalado a un punto cr\u00edtico tras el anuncio de un paro nacional convocado por La Fraternidad para el pr\u00f3ximo jueves 5 de febrero.<\/span> La medida de fuerza, que afectar\u00e1 la totalidad de los servicios del pa\u00eds, surge como respuesta a lo que el gremio de conductores de trenes denomina una \u00aboferta de recomposici\u00f3n salarial inexistente\u00bb. En un contexto de alta inflaci\u00f3n, la falta de acuerdo entre los representantes sindicales, las empresas ferroviarias y el Gobierno nacional amenaza con dejar a pie a cientos de miles de usuarios en una jornada de par\u00e1lisis absoluta del sistema de transporte sobre rieles.<\/p>\n<h4 data-path-to-node=\"3\">El detonante del conflicto salarial<\/h4>\n<p data-path-to-node=\"4\">La tensi\u00f3n en las mesas de negociaci\u00f3n paritaria alcanz\u00f3 su pico m\u00e1ximo cuando, seg\u00fan fuentes gremiales, la propuesta oficial se limit\u00f3 a un incremento del 1% para el mes de enero. <span class=\"citation-31 citation-end-31\">Para Omar Maturano, secretario general de La Fraternidad, esta cifra representa un \u00abagravio\u00bb frente a la constante p\u00e9rdida del poder adquisitivo que vienen sufriendo los trabajadores del sector.<\/span><\/p>\n<p data-path-to-node=\"5\">El gremio sostiene que las negociaciones se encuentran estancadas y que la paciencia de los operarios ha llegado a su l\u00edmite. <span class=\"citation-30 citation-end-30\">\u00abLa propuesta ofrecida fue insuficiente y no responde a las expectativas ni a las necesidades de quienes garantizan el funcionamiento de un servicio esencial\u00bb, indicaron desde la c\u00fapula sindical a trav\u00e9s de un comunicado oficial.<\/span> El reclamo principal no solo se centra en el porcentaje de aumento, sino en la necesidad de establecer cl\u00e1usulas que protejan los haberes frente a la volatilidad econ\u00f3mica actual.<\/p>\n<h4 data-path-to-node=\"6\">Un servicio paralizado de punta a punta<\/h4>\n<p data-path-to-node=\"7\">De concretarse la huelga, el impacto ser\u00e1 masivo. La medida de fuerza de 24 horas contempla el cese de actividades en:<\/p>\n<ul data-path-to-node=\"8\">\n<li>\n<p data-path-to-node=\"8,0,0\"><b data-path-to-node=\"8,0,0\" data-index-in-node=\"0\">Trenes metropolitanos del AMBA:<\/b> Todas las l\u00edneas (Roca, Mitre, Sarmiento, San Mart\u00edn y Belgrano) quedar\u00e1n fuera de servicio, afectando el traslado de trabajadores y estudiantes.<\/p>\n<\/li>\n<li>\n<p data-path-to-node=\"8,1,0\"><b data-path-to-node=\"8,1,0\" data-index-in-node=\"0\">Servicios interurbanos:<\/b> Los trenes de cercan\u00eda que conectan distintas localidades del interior bonaerense y otras provincias tambi\u00e9n se ver\u00e1n afectados.<\/p>\n<\/li>\n<li>\n<p data-path-to-node=\"8,2,0\"><b data-path-to-node=\"8,2,0\" data-index-in-node=\"0\">Larga distancia:<\/b> Los viajes programados hacia destinos tur\u00edsticos y cabeceras regionales ser\u00e1n cancelados, obligando a los pasajeros a buscar alternativas de transporte terrestre.<\/p>\n<\/li>\n<\/ul>\n<p data-path-to-node=\"9\">El gremio ha dejado claro que la medida es de car\u00e1cter nacional, lo que implica que ning\u00fan servicio ferroviario operar\u00e1 bajo su jurisdicci\u00f3n, afectando no solo el transporte de pasajeros sino tambi\u00e9n potencialmente el de cargas en diversas zonas estrat\u00e9gicas del pa\u00eds.<\/p>\n<h4 data-path-to-node=\"10\">El lunes 2 de febrero, fecha clave<\/h4>\n<p data-path-to-node=\"11\">Pese a la contundencia del anuncio, el gremio ha dejado una peque\u00f1a ventana de negociaci\u00f3n abierta. El pr\u00f3ximo lunes 2 de febrero se retomar\u00e1n las conversaciones entre las partes interesadas. Los representantes de La Fraternidad advirtieron que la \u00fanica forma de desactivar el paro es la presentaci\u00f3n de una nueva oferta salarial que supere los valores actuales y contemple una recomposici\u00f3n real.<\/p>\n<p data-path-to-node=\"12\">Por su parte, el Gobierno y las empresas operadoras enfrentan el desaf\u00edo de evitar un colapso en el transporte p\u00fablico en una semana que se prev\u00e9 de alta conflictividad social. La resoluci\u00f3n del conflicto depender\u00e1 de la capacidad de los funcionarios para ofrecer n\u00fameros que satisfagan a los maquinistas antes del vencimiento del plazo estipulado.<\/p>\n<h4 data-path-to-node=\"13\">Un escenario de incertidumbre log\u00edstica<\/h4>\n<p data-path-to-node=\"14\">La amenaza de un paro nacional de trenes vuelve a poner en jaque la movilidad ciudadana. En un escenario donde el costo del transporte automotor contin\u00faa en ascenso, el tren se ha convertido en el refugio econ\u00f3mico para gran parte de la poblaci\u00f3n. La par\u00e1lisis del 5 de febrero no solo representa una disputa gremial, sino una muestra de la fragilidad del equilibrio entre la sostenibilidad del sistema ferroviario y los derechos salariales de sus trabajadores. La mirada de los usuarios, ahora, est\u00e1 puesta en lo que suceda el lunes en los despachos oficiales.<\/p>\n","protected":false},"excerpt":{"rendered":"<p>El conflicto ferroviario ha escalado a un punto cr\u00edtico tras el anuncio de un paro nacional convocado por La Fraternidad<\/p>\n","protected":false},"author":1,"featured_media":24284,"comment_status":"closed","ping_status":"closed","sticky":false,"template":"","format":"standard","meta":{"kia_subtitle":"El sindicato de maquinistas, liderado por Omar Maturano, confirm\u00f3 una huelga de 24 horas para el 5 de febrero tras calificar como insuficiente la propuesta salarial del Gobierno.","footnotes":"","jetpack_publicize_message":"","jetpack_publicize_feature_enabled":true,"jetpack_social_post_already_shared":true,"jetpack_social_options":{"image_generator_settings":{"template":"highway","default_image_id":0,"font":"","enabled":false},"version":2}},"categories":[3,41],"tags":[],"class_list":["post-123814","post","type-post","status-publish","format-standard","has-post-thumbnail","hentry","category-actualidad","category-nacionales"],"jetpack_publicize_connections":[],"jetpack_featured_media_url":"https:\/\/laurbedigital.com.ar\/noticias\/wp-content\/uploads\/2020\/03\/20200330-trenesl-3-3-00001.jpg","_links":{"self":[{"href":"https:\/\/laurbedigital.com.ar\/noticias\/wp-json\/wp\/v2\/posts\/123814","targetHints":{"allow":["GET"]}}],"collection":[{"href":"https:\/\/laurbedigital.com.ar\/noticias\/wp-json\/wp\/v2\/posts"}],"about":[{"href":"https:\/\/laurbedigital.com.ar\/noticias\/wp-json\/wp\/v2\/types\/post"}],"author":[{"embeddable":true,"href":"https:\/\/laurbedigital.com.ar\/noticias\/wp-json\/wp\/v2\/users\/1"}],"replies":[{"embeddable":true,"href":"https:\/\/laurbedigital.com.ar\/noticias\/wp-json\/wp\/v2\/comments?post=123814"}],"version-history":[{"count":1,"href":"https:\/\/laurbedigital.com.ar\/noticias\/wp-json\/wp\/v2\/posts\/123814\/revisions"}],"predecessor-version":[{"id":123815,"href":"https:\/\/laurbedigital.com.ar\/noticias\/wp-json\/wp\/v2\/posts\/123814\/revisions\/123815"}],"wp:featuredmedia":[{"embeddable":true,"href":"https:\/\/laurbedigital.com.ar\/noticias\/wp-json\/wp\/v2\/media\/24284"}],"wp:attachment":[{"href":"https:\/\/laurbedigital.com.ar\/noticias\/wp-json\/wp\/v2\/media?parent=123814"}],"wp:term":[{"taxonomy":"category","embeddable":true,"href":"https:\/\/laurbedigital.com.ar\/noticias\/wp-json\/wp\/v2\/categories?post=123814"},{"taxonomy":"post_tag","embeddable":true,"href":"https:\/\/laurbedigital.com.ar\/noticias\/wp-json\/wp\/v2\/tags?post=123814"}],"curies":[{"name":"wp","href":"https:\/\/api.w.org\/{rel}","templated":true}]}}