{"id":123811,"date":"2026-02-01T02:10:35","date_gmt":"2026-02-01T05:10:35","guid":{"rendered":"https:\/\/laurbedigital.com.ar\/noticias\/?p=123811"},"modified":"2026-02-01T02:10:35","modified_gmt":"2026-02-01T05:10:35","slug":"baja-de-la-edad-de-imputabilidad-el-pedido-de-la-iglesia-por-la-educacion","status":"publish","type":"post","link":"https:\/\/laurbedigital.com.ar\/noticias\/2026\/02\/01\/baja-de-la-edad-de-imputabilidad-el-pedido-de-la-iglesia-por-la-educacion\/","title":{"rendered":"Baja de la edad de imputabilidad: el pedido de la Iglesia por la educaci\u00f3n"},"content":{"rendered":"<p data-path-to-node=\"2\">En el marco de la festividad de san Juan Bosco, patrono de la juventud, la Conferencia Episcopal Argentina (CEA) irrumpi\u00f3 en la agenda p\u00fablica con un mensaje contundente sobre la <b data-path-to-node=\"2\" data-index-in-node=\"179\">baja de la edad de imputabilidad<\/b>. La Comisi\u00f3n Ejecutiva del episcopado advirti\u00f3 que centrar la discusi\u00f3n exclusivamente en el endurecimiento de las penas conlleva el riesgo de invisibilizar las causas estructurales que afectan a los menores. Para los obispos, cualquier reforma legislativa debe estar supeditada a un sistema de prevenci\u00f3n y formaci\u00f3n que garantice la reinserci\u00f3n social, evitando soluciones simplistas que solo acent\u00faen las fracturas de una sociedad ya vulnerada.<\/p>\n<h4 data-path-to-node=\"3\">Un enfoque preventivo inspirado en san Juan Bosco<\/h4>\n<p data-path-to-node=\"4\">La declaraci\u00f3n de la Iglesia no es casual en su temporalidad. Al invocar la figura de san Juan Bosco, el clero argentino pone sobre la mesa el \u00abm\u00e9todo preventivo\u00bb, una filosof\u00eda educativa basada en la proximidad del educador, el fomento del esfuerzo laboral y la convivencia arm\u00f3nica. Seg\u00fan el documento firmado por la c\u00fapula eclesi\u00e1stica, encabezada por monse\u00f1or Marcelo Colombo, la respuesta estatal ante el delito juvenil no puede agotarse en el encierro.<\/p>\n<p data-path-to-node=\"5\">La jerarqu\u00eda cat\u00f3lica sostiene que la infancia y la adolescencia son un \u00abterreno consagrado\u00bb donde deben sembrarse oportunidades de porvenir y no solo sentencias judiciales. El mensaje subraya que la verdadera prevenci\u00f3n nace de una corresponsabilidad efectiva entre el Estado, las instituciones civiles y las familias, quienes hoy se encuentran desbordadas por la crisis social y econ\u00f3mica.<\/p>\n<h4 data-path-to-node=\"6\">Interrogantes sobre el r\u00e9gimen penal juvenil<\/h4>\n<p data-path-to-node=\"7\">El comunicado recupera cuestionamientos que la Pastoral Social ya hab\u00eda planteado en marzo de 2025. En aquel entonces, los obispos lanzaron preguntas que, a su juicio, siguen sin respuesta clara en los proyectos legislativos actuales. \u00ab\u00bfD\u00f3nde se alojar\u00edan estos menores?\u00bb, \u00ab\u00bfQu\u00e9 dispositivos de contenci\u00f3n real existen en las provincias?\u00bb y \u00ab\u00bfCu\u00e1les son las alternativas pedag\u00f3gicas para su inserci\u00f3n?\u00bb.<\/p>\n<p data-path-to-node=\"8\">Para la Iglesia, hablar de la <b data-path-to-node=\"8\" data-index-in-node=\"30\">baja de la edad de imputabilidad<\/b> sin un presupuesto s\u00f3lido para infraestructura educativa y programas de adicci\u00f3n es una \u00absimplificaci\u00f3n\u00bb del problema. La cr\u00edtica apunta a que el sistema carcelario actual, lejos de rehabilitar, suele actuar como una escuela del delito para los j\u00f3venes m\u00e1s vulnerables. Por ello, instan a la construcci\u00f3n de un r\u00e9gimen penal juvenil con una mirada humana e integral, que no pierda de vista la capacidad de cambio de cada individuo.<\/p>\n<h4 data-path-to-node=\"9\">El rol de la comunidad y el Estado<\/h4>\n<p data-path-to-node=\"10\">El debate no ignora el dolor de las v\u00edctimas. La CEA manifest\u00f3 su cercan\u00eda con aquellas familias y comunidades que sufren las consecuencias de delitos cometidos por menores. Sin embargo, recalcan que la seguridad ciudadana a largo plazo no se construye \u00fanicamente con leyes m\u00e1s severas, sino mediante el fortalecimiento de la escuela y el club de barrio como redes de contenci\u00f3n.<\/p>\n<p data-path-to-node=\"11\">Los obispos enfatizan que el Estado debe garantizar que los dispositivos de protecci\u00f3n de derechos no sean meras declaraciones de deseo, sino herramientas con recursos reales. La preocupaci\u00f3n central radica en que el debate social se centre en la edad cronol\u00f3gica de la punibilidad y descuide la brecha de desigualdad que empuja a los j\u00f3venes hacia la marginalidad.<\/p>\n<h4 data-path-to-node=\"12\">Una mirada esperanzadora hacia el futuro<\/h4>\n<p data-path-to-node=\"13\">El documento finaliza con un llamado a la reflexi\u00f3n nacional, alej\u00e1ndose de la polarizaci\u00f3n pol\u00edtica que suele rodear a estos temas. Los representantes de la Iglesia argentina, incluyendo al cardenal \u00c1ngel Rossi y a los obispos C\u00e9sar Fern\u00e1ndez y Ra\u00fal Pizarro, apuestan por una pol\u00edtica p\u00fablica que edifique comunidad.<\/p>\n<p data-path-to-node=\"14\">En definitiva, la postura de la Iglesia frente a la <b data-path-to-node=\"14\" data-index-in-node=\"52\">baja de la edad de imputabilidad<\/b> es clara: no hay soluci\u00f3n punitiva que sea efectiva si no se aborda primero la emergencia educativa y social. El desaf\u00edo para los legisladores y la sociedad civil ser\u00e1 determinar si el pa\u00eds est\u00e1 dispuesto a invertir en el \u00abacompa\u00f1amiento\u00bb que propone el episcopado o si se optar\u00e1 por el camino del castigo temprano como respuesta a una crisis que es, ante todo, de valores y oportunidades.<\/p>\n","protected":false},"excerpt":{"rendered":"<p>En el marco de la festividad de san Juan Bosco, patrono de la juventud, la Conferencia Episcopal Argentina (CEA) irrumpi\u00f3<\/p>\n","protected":false},"author":1,"featured_media":123809,"comment_status":"closed","ping_status":"closed","sticky":false,"template":"","format":"standard","meta":{"kia_subtitle":"Ante el debate sobre la baja de la edad de imputabilidad, la Iglesia argentina insta a priorizar la educaci\u00f3n y el acompa\u00f1amiento integral, rechazando medidas que solo busquen el castigo.","footnotes":"","jetpack_publicize_message":"","jetpack_publicize_feature_enabled":true,"jetpack_social_post_already_shared":true,"jetpack_social_options":{"image_generator_settings":{"template":"highway","default_image_id":0,"font":"","enabled":false},"version":2}},"categories":[3,41],"tags":[],"class_list":["post-123811","post","type-post","status-publish","format-standard","has-post-thumbnail","hentry","category-actualidad","category-nacionales"],"jetpack_publicize_connections":[],"jetpack_featured_media_url":"https:\/\/laurbedigital.com.ar\/noticias\/wp-content\/uploads\/2026\/02\/20260201-Chico.jpg","_links":{"self":[{"href":"https:\/\/laurbedigital.com.ar\/noticias\/wp-json\/wp\/v2\/posts\/123811","targetHints":{"allow":["GET"]}}],"collection":[{"href":"https:\/\/laurbedigital.com.ar\/noticias\/wp-json\/wp\/v2\/posts"}],"about":[{"href":"https:\/\/laurbedigital.com.ar\/noticias\/wp-json\/wp\/v2\/types\/post"}],"author":[{"embeddable":true,"href":"https:\/\/laurbedigital.com.ar\/noticias\/wp-json\/wp\/v2\/users\/1"}],"replies":[{"embeddable":true,"href":"https:\/\/laurbedigital.com.ar\/noticias\/wp-json\/wp\/v2\/comments?post=123811"}],"version-history":[{"count":2,"href":"https:\/\/laurbedigital.com.ar\/noticias\/wp-json\/wp\/v2\/posts\/123811\/revisions"}],"predecessor-version":[{"id":123813,"href":"https:\/\/laurbedigital.com.ar\/noticias\/wp-json\/wp\/v2\/posts\/123811\/revisions\/123813"}],"wp:featuredmedia":[{"embeddable":true,"href":"https:\/\/laurbedigital.com.ar\/noticias\/wp-json\/wp\/v2\/media\/123809"}],"wp:attachment":[{"href":"https:\/\/laurbedigital.com.ar\/noticias\/wp-json\/wp\/v2\/media?parent=123811"}],"wp:term":[{"taxonomy":"category","embeddable":true,"href":"https:\/\/laurbedigital.com.ar\/noticias\/wp-json\/wp\/v2\/categories?post=123811"},{"taxonomy":"post_tag","embeddable":true,"href":"https:\/\/laurbedigital.com.ar\/noticias\/wp-json\/wp\/v2\/tags?post=123811"}],"curies":[{"name":"wp","href":"https:\/\/api.w.org\/{rel}","templated":true}]}}