{"id":123803,"date":"2026-02-01T02:02:38","date_gmt":"2026-02-01T05:02:38","guid":{"rendered":"https:\/\/laurbedigital.com.ar\/noticias\/?p=123803"},"modified":"2026-02-01T02:02:38","modified_gmt":"2026-02-01T05:02:38","slug":"caso-narela-barreto-las-dos-hipotesis-que-maneja-la-familia-de-la-joven","status":"publish","type":"post","link":"https:\/\/laurbedigital.com.ar\/noticias\/2026\/02\/01\/caso-narela-barreto-las-dos-hipotesis-que-maneja-la-familia-de-la-joven\/","title":{"rendered":"Caso Narela Barreto: las dos hip\u00f3tesis que maneja la familia de la joven"},"content":{"rendered":"<p data-path-to-node=\"2\"><span class=\"citation-12\">El misterio rodea la muerte de <\/span><b data-path-to-node=\"2\" data-index-in-node=\"31\"><span class=\"citation-12\">Narela Barreto<\/span><\/b><span class=\"citation-12 citation-end-12\">, una joven argentina de 27 a\u00f1os que hab\u00eda emigrado a Estados Unidos en busca de un futuro mejor y cuyo cuerpo fue hallado sin vida en una calle de Los \u00c1ngeles.<\/span> <span class=\"citation-11 citation-end-11\">Narela, oriunda de Banfield y residente en el pa\u00eds norteamericano desde julio de 2024, estuvo desaparecida desde el 21 de enero, rompiendo una rutina de contacto diario con su madre.<\/span> Tras d\u00edas de angustia, su cad\u00e1ver fue localizado como NN en una zona c\u00e9ntrica, desatando una investigaci\u00f3n que oscila entre el entorno cercano de la v\u00edctima y los peligros de la zona donde fue encontrada.<\/p>\n<h4 data-path-to-node=\"3\">Las \u00faltimas horas y el rastro del taxi<\/h4>\n<p data-path-to-node=\"4\">Seg\u00fan el testimonio de sus allegados, el rastro de Narela se perdi\u00f3 de manera abrupta. <span class=\"citation-10 citation-end-10\">El \u00faltimo dato fehaciente que maneja la familia sit\u00faa a la joven subi\u00e9ndose a un taxi en compa\u00f1\u00eda de una mujer de origen ruso.<\/span> Esta presencia, sumada a un v\u00ednculo sentimental ocasional que Narela manten\u00eda con un hombre de nacionalidad colombiana, constituye el eje central de las sospechas familiares. Para sus primas, Kiara y Violeta, no es coincidencia que la joven haya aparecido sin sus documentos de identidad ni su tel\u00e9fono celular.<\/p>\n<p data-path-to-node=\"5\">\u00abHabl\u00f3 con su mam\u00e1 en una charla de rutina, todo era normal. Nada hac\u00eda prever este final\u00bb, relat\u00f3 Kiara en di\u00e1logo con la prensa. La falta de pertenencias personales refuerza la hip\u00f3tesis de un <b data-path-to-node=\"5\" data-index-in-node=\"195\">homicidio<\/b>, ya que el cuerpo fue abandonado en una esquina c\u00e9ntrica, a solo cinco cuadras de su domicilio, quedando expuesto hasta que un peat\u00f3n alert\u00f3 a las autoridades.<\/p>\n<h4 data-path-to-node=\"6\">Un hallazgo en una zona de riesgo<\/h4>\n<p data-path-to-node=\"7\">El lugar del hallazgo a\u00f1ade una capa de complejidad al caso. La familia describi\u00f3 im\u00e1genes de la zona con presencia de personas en situaci\u00f3n de extrema vulnerabilidad y consumo de sustancias. Aunque Narela trabajaba como camarera en un restaurante y, seg\u00fan su entorno, llevaba una vida ordenada y transparente, la investigaci\u00f3n intenta determinar si fue v\u00edctima de un ataque al azar en un \u00e1rea peligrosa o si hubo una entrega premeditada por parte de alguien de su c\u00edrculo \u00edntimo.<\/p>\n<p data-path-to-node=\"8\">\u00abNo creemos que estuviera metida en alg\u00fan mundo diferente al que ella nos describ\u00eda\u00bb, enfatiz\u00f3 su prima, descartando v\u00ednculos con actividades il\u00edcitas. <span class=\"citation-9 citation-end-9\">Narela se hab\u00eda mudado recientemente sola tras compartir vivienda con amigas, un signo de su estabilidad econ\u00f3mica y personal antes del tr\u00e1gico desenlace.<\/span><\/p>\n<h4 data-path-to-node=\"9\">Espera de autopsia y pedido de justicia<\/h4>\n<p data-path-to-node=\"10\">La justicia estadounidense mantiene el caso bajo estricta reserva mientras se aguardan los resultados de la autopsia. Estos ex\u00e1menes ser\u00e1n determinantes para establecer si existen signos de violencia f\u00edsica o si la causa del deceso est\u00e1 relacionada con otros factores. La principal inc\u00f3gnita que los investigadores intentan despejar es por qu\u00e9 una joven con un empleo estable y comunicaci\u00f3n constante termin\u00f3 falleciendo en la v\u00eda p\u00fablica sin medios de identificaci\u00f3n.<\/p>\n<p data-path-to-node=\"11\">Narela Barreto, quien antes de partir de Argentina atend\u00eda un kiosco y estudiaba ingl\u00e9s con dedicaci\u00f3n, representaba el sue\u00f1o del progreso en el exterior. <span class=\"citation-8 citation-end-8\">Su muerte ha dejado a la comunidad de Banfield y a la capital federal en estado de shock, mientras sus familiares exigen que las autoridades de Los \u00c1ngeles rastreen el recorrido del taxi y localicen a la mujer rusa que la acompa\u00f1aba.<\/span><\/p>\n<h4 data-path-to-node=\"12\">Un rompecabezas de sospechas<\/h4>\n<p data-path-to-node=\"13\">El caso Barreto es hoy un rompecabezas donde las piezas no encajan: una \u00faltima llamada normal, una acompa\u00f1ante misteriosa y un hallazgo en la v\u00eda p\u00fablica sin objetos personales. Mientras la familia navega entre el duelo y la burocracia internacional, la hip\u00f3tesis del <b data-path-to-node=\"13\" data-index-in-node=\"268\">homicidio<\/b> cobra fuerza ante la falta de explicaciones l\u00f3gicas sobre sus pertenencias desaparecidas. La resoluci\u00f3n depender\u00e1 de la celeridad con la que se analicen las c\u00e1maras de seguridad y los testimonios de quienes integraron su \u00faltimo c\u00edrculo en California.<\/p>\n","protected":false},"excerpt":{"rendered":"<p>El misterio rodea la muerte de Narela Barreto, una joven argentina de 27 a\u00f1os que hab\u00eda emigrado a Estados Unidos<\/p>\n","protected":false},"author":1,"featured_media":123796,"comment_status":"closed","ping_status":"closed","sticky":false,"template":"","format":"standard","meta":{"kia_subtitle":"La familia de Narela Barreto, la argentina de 27 a\u00f1os hallada muerta en Los \u00c1ngeles, sospecha de un homicidio tras su misteriosa desaparici\u00f3n junto a una mujer rusa.","footnotes":"","jetpack_publicize_message":"","jetpack_publicize_feature_enabled":true,"jetpack_social_post_already_shared":true,"jetpack_social_options":{"image_generator_settings":{"template":"highway","default_image_id":0,"font":"","enabled":false},"version":2}},"categories":[8],"tags":[],"class_list":["post-123803","post","type-post","status-publish","format-standard","has-post-thumbnail","hentry","category-policiales"],"jetpack_publicize_connections":[],"jetpack_featured_media_url":"https:\/\/laurbedigital.com.ar\/noticias\/wp-content\/uploads\/2026\/02\/20260201-Barreto.jpg","_links":{"self":[{"href":"https:\/\/laurbedigital.com.ar\/noticias\/wp-json\/wp\/v2\/posts\/123803","targetHints":{"allow":["GET"]}}],"collection":[{"href":"https:\/\/laurbedigital.com.ar\/noticias\/wp-json\/wp\/v2\/posts"}],"about":[{"href":"https:\/\/laurbedigital.com.ar\/noticias\/wp-json\/wp\/v2\/types\/post"}],"author":[{"embeddable":true,"href":"https:\/\/laurbedigital.com.ar\/noticias\/wp-json\/wp\/v2\/users\/1"}],"replies":[{"embeddable":true,"href":"https:\/\/laurbedigital.com.ar\/noticias\/wp-json\/wp\/v2\/comments?post=123803"}],"version-history":[{"count":2,"href":"https:\/\/laurbedigital.com.ar\/noticias\/wp-json\/wp\/v2\/posts\/123803\/revisions"}],"predecessor-version":[{"id":123805,"href":"https:\/\/laurbedigital.com.ar\/noticias\/wp-json\/wp\/v2\/posts\/123803\/revisions\/123805"}],"wp:featuredmedia":[{"embeddable":true,"href":"https:\/\/laurbedigital.com.ar\/noticias\/wp-json\/wp\/v2\/media\/123796"}],"wp:attachment":[{"href":"https:\/\/laurbedigital.com.ar\/noticias\/wp-json\/wp\/v2\/media?parent=123803"}],"wp:term":[{"taxonomy":"category","embeddable":true,"href":"https:\/\/laurbedigital.com.ar\/noticias\/wp-json\/wp\/v2\/categories?post=123803"},{"taxonomy":"post_tag","embeddable":true,"href":"https:\/\/laurbedigital.com.ar\/noticias\/wp-json\/wp\/v2\/tags?post=123803"}],"curies":[{"name":"wp","href":"https:\/\/api.w.org\/{rel}","templated":true}]}}