{"id":123749,"date":"2026-01-30T00:08:02","date_gmt":"2026-01-30T03:08:02","guid":{"rendered":"https:\/\/laurbedigital.com.ar\/noticias\/?p=123749"},"modified":"2026-01-29T23:08:26","modified_gmt":"2026-01-30T02:08:26","slug":"un-llamado-a-la-paz-la-celebracion-del-dia-escolar-de-la-no-violencia-y-la-paz-el-30-de-enero-3","status":"publish","type":"post","link":"https:\/\/laurbedigital.com.ar\/noticias\/2026\/01\/30\/un-llamado-a-la-paz-la-celebracion-del-dia-escolar-de-la-no-violencia-y-la-paz-el-30-de-enero-3\/","title":{"rendered":"Un llamado a la paz: La celebraci\u00f3n del D\u00eda Escolar de la No Violencia y la Paz el 30 de enero"},"content":{"rendered":"<p><strong>Hoy, 30 de enero, el mundo conmemora el D\u00eda Escolar de la No Violencia y la Paz (DENIP), una jornada destinada a promover la educaci\u00f3n en valores como el respeto, la tolerancia, la solidaridad y la no violencia. Esta fecha no es elegida al azar; tiene un significado especial y rinde homenaje a la figura de Mahatma Gandhi, l\u00edder espiritual y defensor de los derechos civiles, cuyo aniversario de nacimiento es el 2 de octubre.<\/strong><\/p>\n<p>El D\u00eda Escolar de la No Violencia y la Paz busca inculcar en la comunidad educativa y en la sociedad en general la importancia de resolver conflictos de manera pac\u00edfica, promoviendo el di\u00e1logo y el entendimiento mutuo. Esta iniciativa, que se origin\u00f3 en 1964 en Espa\u00f1a bajo la direcci\u00f3n del educador y pacifista mallorqu\u00edn Lloren\u00e7 Vidal, ha ganado relevancia a nivel internacional, siendo adoptada por numerosos pa\u00edses como una oportunidad para reflexionar sobre la importancia de la paz en el entorno escolar y, por ende, en la construcci\u00f3n de un mundo m\u00e1s armonioso.<\/p>\n<p>En este d\u00eda, se llevan a cabo diversas actividades en instituciones educativas de todo el globo, desde charlas y debates sobre la resoluci\u00f3n pac\u00edfica de conflictos hasta la creaci\u00f3n de murales y proyectos art\u00edsticos que reflejen la importancia de la convivencia pac\u00edfica. Los educadores desempe\u00f1an un papel fundamental al guiar a los estudiantes en la comprensi\u00f3n de los valores que sustentan la no violencia y la paz, fomentando as\u00ed un ambiente propicio para el aprendizaje y la convivencia armoniosa.<\/p>\n<p>Este a\u00f1o, en medio de un contexto global desafiante, la celebraci\u00f3n del DENIP cobra una relevancia a\u00fan mayor. La pandemia ha puesto a prueba la resiliencia de las comunidades educativas y ha resaltado la necesidad de cultivar valores que promuevan la empat\u00eda y la colaboraci\u00f3n. El D\u00eda Escolar de la No Violencia y la Paz se presenta como una oportunidad para reafirmar nuestro compromiso con la construcci\u00f3n de un mundo m\u00e1s justo y pac\u00edfico, donde la educaci\u00f3n sea la herramienta principal para superar las diferencias y construir un futuro m\u00e1s prometedor para las generaciones venideras.<\/p>\n","protected":false},"excerpt":{"rendered":"<p>Hoy, 30 de enero, el mundo conmemora el D\u00eda Escolar de la No Violencia y la Paz (DENIP), una jornada<\/p>\n","protected":false},"author":1,"featured_media":101595,"comment_status":"closed","ping_status":"closed","sticky":false,"template":"","format":"standard","meta":{"kia_subtitle":"Esta fecha rinde homenaje a la figura de Mahatma Gandhi","footnotes":"","jetpack_publicize_message":"","jetpack_publicize_feature_enabled":true,"jetpack_social_post_already_shared":true,"jetpack_social_options":{"image_generator_settings":{"template":"highway","default_image_id":0,"font":"","enabled":false},"version":2}},"categories":[5,2594],"tags":[],"class_list":["post-123749","post","type-post","status-publish","format-standard","has-post-thumbnail","hentry","category-cultura","category-efemerides"],"jetpack_publicize_connections":[],"jetpack_featured_media_url":"https:\/\/laurbedigital.com.ar\/noticias\/wp-content\/uploads\/2024\/01\/20240130-paz-no-violencia.jpg","_links":{"self":[{"href":"https:\/\/laurbedigital.com.ar\/noticias\/wp-json\/wp\/v2\/posts\/123749","targetHints":{"allow":["GET"]}}],"collection":[{"href":"https:\/\/laurbedigital.com.ar\/noticias\/wp-json\/wp\/v2\/posts"}],"about":[{"href":"https:\/\/laurbedigital.com.ar\/noticias\/wp-json\/wp\/v2\/types\/post"}],"author":[{"embeddable":true,"href":"https:\/\/laurbedigital.com.ar\/noticias\/wp-json\/wp\/v2\/users\/1"}],"replies":[{"embeddable":true,"href":"https:\/\/laurbedigital.com.ar\/noticias\/wp-json\/wp\/v2\/comments?post=123749"}],"version-history":[{"count":1,"href":"https:\/\/laurbedigital.com.ar\/noticias\/wp-json\/wp\/v2\/posts\/123749\/revisions"}],"predecessor-version":[{"id":123750,"href":"https:\/\/laurbedigital.com.ar\/noticias\/wp-json\/wp\/v2\/posts\/123749\/revisions\/123750"}],"wp:featuredmedia":[{"embeddable":true,"href":"https:\/\/laurbedigital.com.ar\/noticias\/wp-json\/wp\/v2\/media\/101595"}],"wp:attachment":[{"href":"https:\/\/laurbedigital.com.ar\/noticias\/wp-json\/wp\/v2\/media?parent=123749"}],"wp:term":[{"taxonomy":"category","embeddable":true,"href":"https:\/\/laurbedigital.com.ar\/noticias\/wp-json\/wp\/v2\/categories?post=123749"},{"taxonomy":"post_tag","embeddable":true,"href":"https:\/\/laurbedigital.com.ar\/noticias\/wp-json\/wp\/v2\/tags?post=123749"}],"curies":[{"name":"wp","href":"https:\/\/api.w.org\/{rel}","templated":true}]}}