{"id":123746,"date":"2026-01-29T21:50:14","date_gmt":"2026-01-30T00:50:14","guid":{"rendered":"https:\/\/laurbedigital.com.ar\/noticias\/?p=123746"},"modified":"2026-01-29T21:50:14","modified_gmt":"2026-01-30T00:50:14","slug":"jubilaciones-el-bono-de-70-000-pesos-queda-congelado-en-febrero","status":"publish","type":"post","link":"https:\/\/laurbedigital.com.ar\/noticias\/2026\/01\/29\/jubilaciones-el-bono-de-70-000-pesos-queda-congelado-en-febrero\/","title":{"rendered":"Jubilaciones: el bono de 70.000 pesos queda congelado en febrero"},"content":{"rendered":"<p data-path-to-node=\"4\">La administraci\u00f3n de Javier Milei oficializ\u00f3 este jueves, a trav\u00e9s del Decreto 65\/2026 publicado en el Bolet\u00edn Oficial, que el bono extraordinario para jubilados y pensionados de haberes m\u00ednimos se mantendr\u00e1 en $70.000 para el mes de febrero. Esta decisi\u00f3n marca un hito cr\u00edtico en la pol\u00edtica de seguridad social del Ejecutivo, ya que el monto permanece inalterado desde marzo de 2024, periodo en el cual la inflaci\u00f3n acumulada ha pulverizado el valor real de dicho adicional, consolidando el ajuste fiscal sobre el sector m\u00e1s vulnerable de la pir\u00e1mide previsional.<\/p>\n<h4 data-path-to-node=\"5\">El impacto real del congelamiento en los ingresos<\/h4>\n<p data-path-to-node=\"6\">La persistencia de un monto fijo en un contexto de alta inflaci\u00f3n representa, en la pr\u00e1ctica, una reducci\u00f3n sistem\u00e1tica del ingreso real. Mientras que los haberes se ajustan mensualmente mediante la f\u00f3rmula de movilidad basada en el \u00cdndice de Precios al Consumidor (IPC), el componente discrecional \u2014el bono\u2014 ha quedado anclado.<\/p>\n<p data-path-to-node=\"7\">Para febrero, la <b data-path-to-node=\"7\" data-index-in-node=\"17\">jubilaci\u00f3n m\u00ednima<\/b> se posiciona en <b data-path-to-node=\"7\" data-index-in-node=\"51\">$359.219,42<\/b>, reflejando un incremento del 2,84% correspondiente a la inflaci\u00f3n de diciembre. Al sumar el bono de $70.000, el ingreso total de bolsillo para quienes perciben el haber b\u00e1sico alcanza los <b data-path-to-node=\"7\" data-index-in-node=\"252\">$429.219,42<\/b>. Sin embargo, la lectura t\u00e9cnica del dato revela una trampa aritm\u00e9tica: al no actualizarse el bono, el incremento efectivo de bolsillo para los jubilados de la m\u00ednima es de apenas un 2,3%, quedando por debajo del 2,84% que percibir\u00e1n aquellos que no dependen del refuerzo para sus ingresos.<\/p>\n<h4 data-path-to-node=\"8\">El bono como ancla del super\u00e1vit fiscal<\/h4>\n<p data-path-to-node=\"9\">Desde el an\u00e1lisis econ\u00f3mico, el mantenimiento del bono en valores nominales de hace casi un a\u00f1o es una pieza clave en la estrategia de \u00abd\u00e9ficit cero\u00bb del Ministerio de Econom\u00eda. Los especialistas coinciden en que la licuaci\u00f3n de las jubilaciones ha sido el principal motor del super\u00e1vit fiscal financiero ostentado por el Gobierno.<\/p>\n<p data-path-to-node=\"10\">Con una inflaci\u00f3n acumulada que se aproxima al 180% desde la \u00faltima actualizaci\u00f3n del bono en marzo de 2024, el poder de compra de esos $70.000 se ha reducido a menos de la mitad. Esta estrategia permite al Estado reducir el gasto p\u00fablico en t\u00e9rminos reales sin necesidad de modificar las leyes de movilidad vigentes, simplemente dejando que la inercia inflacionaria act\u00fae sobre los montos fijos decretados.<\/p>\n<h5 data-path-to-node=\"11\">Detalles del Decreto 65\/2026<\/h5>\n<p data-path-to-node=\"12\">La normativa establece condiciones espec\u00edficas para la percepci\u00f3n del beneficio:<\/p>\n<ul data-path-to-node=\"13\">\n<li>\n<p data-path-to-node=\"13,0,0\"><b data-path-to-node=\"13,0,0\" data-index-in-node=\"0\">Beneficiarios plenos:<\/b> Quienes perciban un monto menor o igual al haber m\u00ednimo garantizado recibir\u00e1n la totalidad de los $70.000.<\/p>\n<\/li>\n<li>\n<p data-path-to-node=\"13,1,0\"><b data-path-to-node=\"13,1,0\" data-index-in-node=\"0\">Beneficiarios proporcionales:<\/b> Aquellos que superen la m\u00ednima pero no alcancen el nuevo tope (haber m\u00ednimo + bono) recibir\u00e1n una suma necesaria para completar dicho techo.<\/p>\n<\/li>\n<li>\n<p data-path-to-node=\"13,2,0\"><b data-path-to-node=\"13,2,0\" data-index-in-node=\"0\">Exclusi\u00f3n:<\/b> Los jubilados que perciben haberes superiores al tope establecido no reciben ning\u00fan tipo de compensaci\u00f3n adicional, enfrentando la inflaci\u00f3n \u00fanicamente con el ajuste trimestral o mensual por IPC.<\/p>\n<\/li>\n<\/ul>\n<h4 data-path-to-node=\"14\">Perspectivas y conflictividad social<\/h4>\n<p data-path-to-node=\"15\">La brecha entre el costo de la Canasta B\u00e1sica de los Adultos Mayores y los ingresos actuales contin\u00faa ensanch\u00e1ndose. Defensor\u00edas de la Tercera Edad y organizaciones de jubilados advierten que la situaci\u00f3n es \u00abinsostenible\u00bb, dado que los medicamentos y servicios b\u00e1sicos han subido muy por encima del nivel general de precios.<\/p>\n<p data-path-to-node=\"16\">El interrogante que se plantea para los pr\u00f3ximos meses es hasta cu\u00e1ndo el Ejecutivo podr\u00e1 sostener el congelamiento del bono sin enfrentar un rev\u00e9s judicial o una presi\u00f3n social que obligue a una recomposici\u00f3n. Por el momento, la se\u00f1al enviada a trav\u00e9s del Bolet\u00edn Oficial es clara: la prioridad absoluta sigue siendo la estabilidad macroecon\u00f3mica y el control estricto del gasto p\u00fablico, incluso si esto implica que el haber m\u00ednimo pierda la carrera contra los precios mes a mes.<\/p>\n","protected":false},"excerpt":{"rendered":"<p>La administraci\u00f3n de Javier Milei oficializ\u00f3 este jueves, a trav\u00e9s del Decreto 65\/2026 publicado en el Bolet\u00edn Oficial, que el<\/p>\n","protected":false},"author":1,"featured_media":65893,"comment_status":"closed","ping_status":"closed","sticky":false,"template":"","format":"standard","meta":{"kia_subtitle":"El Gobierno nacional ratific\u00f3 el monto del refuerzo previsional sin cambios desde marzo de 2024, profundizando la p\u00e9rdida del poder adquisitivo de los haberes m\u00ednimos frente a la inflaci\u00f3n acumulada.","footnotes":"","jetpack_publicize_message":"","jetpack_publicize_feature_enabled":true,"jetpack_social_post_already_shared":true,"jetpack_social_options":{"image_generator_settings":{"template":"highway","default_image_id":0,"font":"","enabled":false},"version":2}},"categories":[3,41],"tags":[],"class_list":["post-123746","post","type-post","status-publish","format-standard","has-post-thumbnail","hentry","category-actualidad","category-nacionales"],"jetpack_publicize_connections":[],"jetpack_featured_media_url":"https:\/\/laurbedigital.com.ar\/noticias\/wp-content\/uploads\/2021\/11\/20211125-jubilados.jpg","_links":{"self":[{"href":"https:\/\/laurbedigital.com.ar\/noticias\/wp-json\/wp\/v2\/posts\/123746","targetHints":{"allow":["GET"]}}],"collection":[{"href":"https:\/\/laurbedigital.com.ar\/noticias\/wp-json\/wp\/v2\/posts"}],"about":[{"href":"https:\/\/laurbedigital.com.ar\/noticias\/wp-json\/wp\/v2\/types\/post"}],"author":[{"embeddable":true,"href":"https:\/\/laurbedigital.com.ar\/noticias\/wp-json\/wp\/v2\/users\/1"}],"replies":[{"embeddable":true,"href":"https:\/\/laurbedigital.com.ar\/noticias\/wp-json\/wp\/v2\/comments?post=123746"}],"version-history":[{"count":2,"href":"https:\/\/laurbedigital.com.ar\/noticias\/wp-json\/wp\/v2\/posts\/123746\/revisions"}],"predecessor-version":[{"id":123748,"href":"https:\/\/laurbedigital.com.ar\/noticias\/wp-json\/wp\/v2\/posts\/123746\/revisions\/123748"}],"wp:featuredmedia":[{"embeddable":true,"href":"https:\/\/laurbedigital.com.ar\/noticias\/wp-json\/wp\/v2\/media\/65893"}],"wp:attachment":[{"href":"https:\/\/laurbedigital.com.ar\/noticias\/wp-json\/wp\/v2\/media?parent=123746"}],"wp:term":[{"taxonomy":"category","embeddable":true,"href":"https:\/\/laurbedigital.com.ar\/noticias\/wp-json\/wp\/v2\/categories?post=123746"},{"taxonomy":"post_tag","embeddable":true,"href":"https:\/\/laurbedigital.com.ar\/noticias\/wp-json\/wp\/v2\/tags?post=123746"}],"curies":[{"name":"wp","href":"https:\/\/api.w.org\/{rel}","templated":true}]}}