{"id":123740,"date":"2026-01-29T21:47:14","date_gmt":"2026-01-30T00:47:14","guid":{"rendered":"https:\/\/laurbedigital.com.ar\/noticias\/?p=123740"},"modified":"2026-01-29T21:47:14","modified_gmt":"2026-01-30T00:47:14","slug":"conflicto-en-el-garrahan-denuncian-70-despidos-mientras-el-hospital-alega-cambio-contractual","status":"publish","type":"post","link":"https:\/\/laurbedigital.com.ar\/noticias\/2026\/01\/29\/conflicto-en-el-garrahan-denuncian-70-despidos-mientras-el-hospital-alega-cambio-contractual\/","title":{"rendered":"Conflicto en el Garrahan: denuncian 70 despidos mientras el hospital alega cambio contractual"},"content":{"rendered":"<p data-path-to-node=\"2\">El Hospital Garrahan se convirti\u00f3 este jueves en el epicentro de una nueva controversia laboral tras la denuncia de la Asociaci\u00f3n de Trabajadores del Estado (ATE) sobre la baja de 70 contratos de suplentes de guardia. Seg\u00fan el sindicato, esta medida afecta directamente a sectores estrat\u00e9gicos del principal centro pedi\u00e1trico del pa\u00eds, como el laboratorio de Microbiolog\u00eda y \u00e1reas de kinesiolog\u00eda. Sin embargo, la direcci\u00f3n del hospital desminti\u00f3 categ\u00f3ricamente que se trate de despidos, enmarcando la situaci\u00f3n en un proceso de reordenamiento administrativo que, aseguran, no afectar\u00e1 la atenci\u00f3n m\u00e9dica de los pacientes ni la operatividad de las guardias.<\/p>\n<h4 data-path-to-node=\"3\">Versiones encontradas sobre la estabilidad laboral<\/h4>\n<p data-path-to-node=\"4\">La denuncia, encabezada por Alejandro Lipcovich, secretario general de la Junta Interna de ATE Garrahan, sostiene que las autoridades rescindieron unilateralmente los contratos de profesionales que cubren horarios vespertinos y nocturnos. El gremio califica la medida como una \u00abreforma laboral de hecho\u00bb, denunciando que se obliga a los trabajadores a pasar a un r\u00e9gimen de monotributo para continuar prestando servicios, lo que consideran una profundizaci\u00f3n de la precariedad laboral.<\/p>\n<p data-path-to-node=\"5\">Desde la vereda opuesta, fuentes oficiales del hospital explicaron a este medio que no hubo una baja de personal, sino un \u00abcambio de modalidad\u00bb. Argumentan que los afectados realizan suplencias sin d\u00edas fijos y que, bajo el nuevo esquema, continuar\u00e1n percibiendo ingresos en funci\u00f3n de su productividad. Incluso, desde la administraci\u00f3n sostuvieron que esta modificaci\u00f3n t\u00e9cnica permitir\u00e1 que los profesionales perciban \u00abm\u00e1s dinero en mano\u00bb, descartando cualquier impacto negativo en la cobertura sanitaria.<\/p>\n<h4 data-path-to-node=\"6\">El impacto en \u00e1reas cr\u00edticas y diagn\u00f3sticos<\/h4>\n<p data-path-to-node=\"7\">A pesar de las aclaraciones oficiales, el sindicato advirti\u00f3 sobre las consecuencias cl\u00ednicas de esta disputa. Lipcovich se\u00f1al\u00f3 que la incertidumbre ya ha provocado demoras en el laboratorio de Microbiolog\u00eda. \u00abQuedan muestras sin analizar por muchas horas, demorando decisiones de alto impacto, como determinar qu\u00e9 bacteria afecta a un ni\u00f1o internado para iniciar su medicaci\u00f3n\u00bb, denunci\u00f3 el dirigente gremial.<\/p>\n<p data-path-to-node=\"8\">Para los trabajadores, se trata de profesionales altamente calificados que cumplieron roles fundamentales durante la pandemia y en brotes actuales de patolog\u00edas como el sarampi\u00f3n. La acusaci\u00f3n gremial apunta a que, tras a\u00f1os de contratos anuales sin derechos b\u00e1sicos como vacaciones o licencias por enfermedad, la respuesta del Gobierno nacional ha sido la interrupci\u00f3n del v\u00ednculo actual en lugar de la regularizaci\u00f3n.<\/p>\n<h4 data-path-to-node=\"9\">Medidas de fuerza y contexto pol\u00edtico<\/h4>\n<p data-path-to-node=\"10\">El conflicto en el Garrahan trasciende las puertas del hospital y se inserta en la discusi\u00f3n nacional por la reforma laboral impulsada por Javier Milei. ATE Garrahan ya anunci\u00f3 que se sumar\u00e1 a la movilizaci\u00f3n masiva el d\u00eda que el Senado trate dicho proyecto. En este sentido, convocaron a una asamblea p\u00fablica en Parque Lezama para el pr\u00f3ximo 2 de febrero a las 17:00 horas.<\/p>\n<p data-path-to-node=\"11\">La dirigencia gremial tambi\u00e9n denunci\u00f3 la imposici\u00f3n de mecanismos que proh\u00edben la difusi\u00f3n de actos de gesti\u00f3n dentro del hospital, tildando la medida de \u00abdictatorial\u00bb. Mientras el hospital insiste en que la atenci\u00f3n en las guardias est\u00e1 garantizada, la tensi\u00f3n interna amenaza con escalar en los pr\u00f3ximos d\u00edas, poniendo a prueba la capacidad de gesti\u00f3n de un centro de salud que es referencia ineludible para toda la regi\u00f3n.<\/p>\n","protected":false},"excerpt":{"rendered":"<p>El Hospital Garrahan se convirti\u00f3 este jueves en el epicentro de una nueva controversia laboral tras la denuncia de la<\/p>\n","protected":false},"author":1,"featured_media":24331,"comment_status":"closed","ping_status":"closed","sticky":false,"template":"","format":"standard","meta":{"kia_subtitle":"Trabajadores nucleados en ATE denuncian la rescisi\u00f3n de contratos en sectores cr\u00edticos; por su parte, la direcci\u00f3n del nosocomio asegura que se trata de una mejora en la modalidad de cobro.","footnotes":"","jetpack_publicize_message":"","jetpack_publicize_feature_enabled":true,"jetpack_social_post_already_shared":true,"jetpack_social_options":{"image_generator_settings":{"template":"highway","default_image_id":0,"font":"","enabled":false},"version":2}},"categories":[3,41],"tags":[2609],"class_list":["post-123740","post","type-post","status-publish","format-standard","has-post-thumbnail","hentry","category-actualidad","category-nacionales","tag-garrahan"],"jetpack_publicize_connections":[],"jetpack_featured_media_url":"https:\/\/laurbedigital.com.ar\/noticias\/wp-content\/uploads\/2020\/04\/20200401-garrahan-00002.jpg","_links":{"self":[{"href":"https:\/\/laurbedigital.com.ar\/noticias\/wp-json\/wp\/v2\/posts\/123740","targetHints":{"allow":["GET"]}}],"collection":[{"href":"https:\/\/laurbedigital.com.ar\/noticias\/wp-json\/wp\/v2\/posts"}],"about":[{"href":"https:\/\/laurbedigital.com.ar\/noticias\/wp-json\/wp\/v2\/types\/post"}],"author":[{"embeddable":true,"href":"https:\/\/laurbedigital.com.ar\/noticias\/wp-json\/wp\/v2\/users\/1"}],"replies":[{"embeddable":true,"href":"https:\/\/laurbedigital.com.ar\/noticias\/wp-json\/wp\/v2\/comments?post=123740"}],"version-history":[{"count":2,"href":"https:\/\/laurbedigital.com.ar\/noticias\/wp-json\/wp\/v2\/posts\/123740\/revisions"}],"predecessor-version":[{"id":123742,"href":"https:\/\/laurbedigital.com.ar\/noticias\/wp-json\/wp\/v2\/posts\/123740\/revisions\/123742"}],"wp:featuredmedia":[{"embeddable":true,"href":"https:\/\/laurbedigital.com.ar\/noticias\/wp-json\/wp\/v2\/media\/24331"}],"wp:attachment":[{"href":"https:\/\/laurbedigital.com.ar\/noticias\/wp-json\/wp\/v2\/media?parent=123740"}],"wp:term":[{"taxonomy":"category","embeddable":true,"href":"https:\/\/laurbedigital.com.ar\/noticias\/wp-json\/wp\/v2\/categories?post=123740"},{"taxonomy":"post_tag","embeddable":true,"href":"https:\/\/laurbedigital.com.ar\/noticias\/wp-json\/wp\/v2\/tags?post=123740"}],"curies":[{"name":"wp","href":"https:\/\/api.w.org\/{rel}","templated":true}]}}