{"id":123737,"date":"2026-01-29T21:44:46","date_gmt":"2026-01-30T00:44:46","guid":{"rendered":"https:\/\/laurbedigital.com.ar\/noticias\/?p=123737"},"modified":"2026-01-29T21:44:46","modified_gmt":"2026-01-30T00:44:46","slug":"tarifas-de-luz-rigen-los-nuevos-cuadros-de-edenor-y-edesur-con-topes-de-consumo-estacional","status":"publish","type":"post","link":"https:\/\/laurbedigital.com.ar\/noticias\/2026\/01\/29\/tarifas-de-luz-rigen-los-nuevos-cuadros-de-edenor-y-edesur-con-topes-de-consumo-estacional\/","title":{"rendered":"Tarifas de luz: rigen los nuevos cuadros de Edenor y Edesur con topes de consumo estacional"},"content":{"rendered":"<p data-path-to-node=\"2\"><span class=\"citation-18 citation-end-18\">A trav\u00e9s de las resoluciones 21\/2026 y 22\/2026 publicadas este jueves en el Bolet\u00edn Oficial, el Ente Nacional Regulador de la Electricidad (ENRE) oficializ\u00f3 los nuevos cuadros tarifarios para las distribuidoras Edenor y Edesur.<\/span> <span class=\"citation-17 citation-end-17\">El esquema, vigente de forma retroactiva desde el 16 de enero, introduce el modelo de Subsidios Energ\u00e9ticos Focalizados (SEF), una reforma estructural que abandona el subsidio uniforme para dar paso a un sistema basado en la estacionalidad y la capacidad de ahorro del usuario.<\/span> Esta medida impacta no solo en los hogares de todo el \u00c1rea Metropolitana de Buenos Aires (AMBA), sino tambi\u00e9n en entidades de bien p\u00fablico y clubes de barrio, que ahora quedan bajo la misma \u00f3rbita de facturaci\u00f3n residencial subsidiada.<\/p>\n<h4 data-path-to-node=\"3\">La clave del nuevo esquema: la estacionalidad del consumo<\/h4>\n<p data-path-to-node=\"4\">A diferencia de los reg\u00edmenes anteriores, el SEF introduce umbrales diferenciados seg\u00fan la \u00e9poca del a\u00f1o para incentivar el ahorro en los periodos de menor demanda t\u00e9rmica. El consumo base subsidiado ya no es una constante, sino que fluct\u00faa para adaptarse al uso \u00abl\u00f3gico\u00bb de energ\u00eda.<\/p>\n<ul data-path-to-node=\"5\">\n<li>\n<p data-path-to-node=\"5,0,0\"><b data-path-to-node=\"5,0,0\" data-index-in-node=\"0\"><span class=\"citation-16\">Meses de alta demanda:<\/span><\/b><span class=\"citation-16\"> En enero, febrero, mayo, junio, julio, agosto y diciembre, el tope subsidiado se fija en <\/span><b data-path-to-node=\"5,0,0\" data-index-in-node=\"112\"><span class=\"citation-16\">300 kWh mensuales<\/span><\/b><span class=\"citation-16 citation-end-16\">.<\/span><\/p>\n<\/li>\n<li>\n<p data-path-to-node=\"5,1,0\"><b data-path-to-node=\"5,1,0\" data-index-in-node=\"0\"><span class=\"citation-15\">Meses de baja demanda:<\/span><\/b><span class=\"citation-15\"> En marzo, abril, septiembre, octubre y noviembre, el umbral se reduce dr\u00e1sticamente a <\/span><b data-path-to-node=\"5,1,0\" data-index-in-node=\"109\"><span class=\"citation-15\">150 kWh mensuales<\/span><\/b><span class=\"citation-15 citation-end-15\">.<\/span><\/p>\n<\/li>\n<\/ul>\n<p data-path-to-node=\"6\"><span class=\"citation-14 citation-end-14\">Superar estos l\u00edmites implica que el excedente se pagar\u00e1 a precio de tarifa plena, lo que obligar\u00e1 a los usuarios a un control m\u00e1s riguroso de sus electrodom\u00e9sticos durante el oto\u00f1o y la primavera.<\/span><\/p>\n<h4 data-path-to-node=\"7\">Impacto en las boletas: Edesur y Edenor<\/h4>\n<p data-path-to-node=\"8\"><span class=\"citation-13 citation-end-13\">Los cuadros tarifarios muestran una segmentaci\u00f3n marcada entre los usuarios de Nivel 1 (altos ingresos o sin subsidio) y aquellos bajo el r\u00e9gimen SEF.<\/span><\/p>\n<h3 data-path-to-node=\"9\">Cuadro comparativo de cargos (Consumo hasta 150 kWh)<\/h3>\n<table data-path-to-node=\"10\">\n<thead>\n<tr>\n<td><strong>Empresa<\/strong><\/td>\n<td><strong>Categor\u00eda<\/strong><\/td>\n<td><strong>Cargo Fijo ($)<\/strong><\/td>\n<td><strong>Cargo Variable ($\/kWh)<\/strong><\/td>\n<\/tr>\n<\/thead>\n<tbody>\n<tr>\n<td><span data-path-to-node=\"10,1,0,0\"><b data-path-to-node=\"10,1,0,0\" data-index-in-node=\"0\">Edesur<\/b><\/span><\/td>\n<td><span data-path-to-node=\"10,1,1,0\">Nivel 1 (Sin subsidio)<\/span><\/td>\n<td><span data-path-to-node=\"10,1,2,0\">1.393,73<\/span><\/td>\n<td><span data-path-to-node=\"10,1,3,0\">115,29<\/span><\/td>\n<\/tr>\n<tr>\n<td><span data-path-to-node=\"10,2,0,0\"><b data-path-to-node=\"10,2,0,0\" data-index-in-node=\"0\">Edesur<\/b><\/span><\/td>\n<td><span data-path-to-node=\"10,2,1,0\">SEF (Subsidiado)<\/span><\/td>\n<td><span data-path-to-node=\"10,2,2,0\">1.393,73<\/span><\/td>\n<td><span data-path-to-node=\"10,2,3,0\">44,46<\/span><\/td>\n<\/tr>\n<tr>\n<td><span data-path-to-node=\"10,3,0,0\"><b data-path-to-node=\"10,3,0,0\" data-index-in-node=\"0\">Edenor<\/b><\/span><\/td>\n<td><span data-path-to-node=\"10,3,1,0\">Nivel 1 (Sin subsidio)<\/span><\/td>\n<td><span data-path-to-node=\"10,3,2,0\">1.414,93<\/span><\/td>\n<td><span data-path-to-node=\"10,3,3,0\">115,28<\/span><\/td>\n<\/tr>\n<tr>\n<td><span data-path-to-node=\"10,4,0,0\"><b data-path-to-node=\"10,4,0,0\" data-index-in-node=\"0\">Edenor<\/b><\/span><\/td>\n<td><span data-path-to-node=\"10,4,1,0\">SEF (Subsidiado)<\/span><\/td>\n<td><span data-path-to-node=\"10,4,2,0\">1.414,93<\/span><\/td>\n<td><span data-path-to-node=\"10,4,3,0\">44,29<\/span><\/td>\n<\/tr>\n<\/tbody>\n<\/table>\n<p data-path-to-node=\"11\"><span class=\"citation-12 citation-end-12\">Para los usuarios que superan el consumo base (m\u00e1s de 300 kWh), el cargo variable se equipara autom\u00e1ticamente al de la tarifa plena ($115,29 aproximadamente), lo que puede representar saltos significativos en el monto final de la factura.<\/span><\/p>\n<h4 data-path-to-node=\"12\">Alivio para clubes de barrio y entidades sociales<\/h4>\n<p data-path-to-node=\"13\">Una de las novedades de la resoluci\u00f3n es la ratificaci\u00f3n de que los clubes de barrio y organizaciones sin fines de lucro ser\u00e1n asimilados a la categor\u00eda de usuarios residenciales subsidiados. Esto significa que pagar\u00e1n el cargo variable reducido (en torno a los $44) siempre que se mantengan dentro de los l\u00edmites de consumo establecidos.<\/p>\n<p data-path-to-node=\"14\">Adem\u00e1s, el Gobierno dispuso una <b data-path-to-node=\"14\" data-index-in-node=\"32\">bonificaci\u00f3n transitoria de hasta el 25%<\/b> sobre el consumo base para todos los beneficiarios del SEF durante el a\u00f1o 2026. Esta medida busca amortiguar el impacto del ajuste tarifario inicial y otorgar previsibilidad ante la volatilidad de los precios mayoristas de energ\u00eda.<\/p>\n<h4 data-path-to-node=\"15\">Medidores autoadministrados y fiscalizaci\u00f3n<\/h4>\n<p data-path-to-node=\"16\">El ENRE tambi\u00e9n detall\u00f3 los valores para usuarios con medidores prepagos o autoadministrados. <span class=\"citation-11\">Para estos casos, el valor del kWh sin subsidio se fij\u00f3 en un promedio de <\/span><b data-path-to-node=\"16\" data-index-in-node=\"168\"><span class=\"citation-11\">$124,71<\/span><\/b><span class=\"citation-11\">, mientras que para los beneficiarios de asistencia estatal el costo se reduce a <\/span><b data-path-to-node=\"16\" data-index-in-node=\"256\"><span class=\"citation-11\">$53,72<\/span><\/b><span class=\"citation-11 citation-end-11\"> (para los primeros 150 kWh).<\/span><\/p>\n<p data-path-to-node=\"17\">La autoridad regulatoria enfatiz\u00f3 que estos cuadros son de aplicaci\u00f3n inmediata para todos los consumos registrados a partir de la segunda quincena de enero. La Secretar\u00eda de Energ\u00eda se reserva la facultad de revisar mensualmente los porcentajes de bonificaci\u00f3n en funci\u00f3n de la evoluci\u00f3n de los costos de generaci\u00f3n y la situaci\u00f3n econ\u00f3mica de los sectores alcanzados.<\/p>\n","protected":false},"excerpt":{"rendered":"<p>A trav\u00e9s de las resoluciones 21\/2026 y 22\/2026 publicadas este jueves en el Bolet\u00edn Oficial, el Ente Nacional Regulador de<\/p>\n","protected":false},"author":1,"featured_media":123730,"comment_status":"closed","ping_status":"closed","sticky":false,"template":"","format":"standard","meta":{"kia_subtitle":"El Gobierno implement\u00f3 el r\u00e9gimen de Subsidios Energ\u00e9ticos Focalizados (SEF), que establece l\u00edmites de consumo subsidiado variables seg\u00fan el mes y bonificaciones para sectores vulnerables.","footnotes":"","jetpack_publicize_message":"","jetpack_publicize_feature_enabled":true,"jetpack_social_post_already_shared":true,"jetpack_social_options":{"image_generator_settings":{"template":"highway","default_image_id":0,"font":"","enabled":false},"version":2}},"categories":[3,13],"tags":[2359],"class_list":["post-123737","post","type-post","status-publish","format-standard","has-post-thumbnail","hentry","category-actualidad","category-region","tag-tarifas"],"jetpack_publicize_connections":[],"jetpack_featured_media_url":"https:\/\/laurbedigital.com.ar\/noticias\/wp-content\/uploads\/2026\/01\/20260130-Edesur-y-Edenor.jpg","_links":{"self":[{"href":"https:\/\/laurbedigital.com.ar\/noticias\/wp-json\/wp\/v2\/posts\/123737","targetHints":{"allow":["GET"]}}],"collection":[{"href":"https:\/\/laurbedigital.com.ar\/noticias\/wp-json\/wp\/v2\/posts"}],"about":[{"href":"https:\/\/laurbedigital.com.ar\/noticias\/wp-json\/wp\/v2\/types\/post"}],"author":[{"embeddable":true,"href":"https:\/\/laurbedigital.com.ar\/noticias\/wp-json\/wp\/v2\/users\/1"}],"replies":[{"embeddable":true,"href":"https:\/\/laurbedigital.com.ar\/noticias\/wp-json\/wp\/v2\/comments?post=123737"}],"version-history":[{"count":2,"href":"https:\/\/laurbedigital.com.ar\/noticias\/wp-json\/wp\/v2\/posts\/123737\/revisions"}],"predecessor-version":[{"id":123739,"href":"https:\/\/laurbedigital.com.ar\/noticias\/wp-json\/wp\/v2\/posts\/123737\/revisions\/123739"}],"wp:featuredmedia":[{"embeddable":true,"href":"https:\/\/laurbedigital.com.ar\/noticias\/wp-json\/wp\/v2\/media\/123730"}],"wp:attachment":[{"href":"https:\/\/laurbedigital.com.ar\/noticias\/wp-json\/wp\/v2\/media?parent=123737"}],"wp:term":[{"taxonomy":"category","embeddable":true,"href":"https:\/\/laurbedigital.com.ar\/noticias\/wp-json\/wp\/v2\/categories?post=123737"},{"taxonomy":"post_tag","embeddable":true,"href":"https:\/\/laurbedigital.com.ar\/noticias\/wp-json\/wp\/v2\/tags?post=123737"}],"curies":[{"name":"wp","href":"https:\/\/api.w.org\/{rel}","templated":true}]}}