{"id":123732,"date":"2026-01-29T21:40:18","date_gmt":"2026-01-30T00:40:18","guid":{"rendered":"https:\/\/laurbedigital.com.ar\/noticias\/?p=123732"},"modified":"2026-01-29T21:40:18","modified_gmt":"2026-01-30T00:40:18","slug":"crisis-automotriz-la-produccion-en-buenos-aires-se-desplomo-un-73-en-el-ultimo-ano","status":"publish","type":"post","link":"https:\/\/laurbedigital.com.ar\/noticias\/2026\/01\/29\/crisis-automotriz-la-produccion-en-buenos-aires-se-desplomo-un-73-en-el-ultimo-ano\/","title":{"rendered":"Crisis automotriz: la producci\u00f3n en Buenos Aires se desplom\u00f3 un 73% en el \u00faltimo a\u00f1o"},"content":{"rendered":"<p data-path-to-node=\"2\">La industria automotriz de la provincia de Buenos Aires, coraz\u00f3n productivo del pa\u00eds, atraviesa uno de sus momentos m\u00e1s cr\u00edticos de la \u00faltima d\u00e9cada. Seg\u00fan datos oficiales correspondientes al cierre de diciembre de 2025, la producci\u00f3n de autom\u00f3viles registr\u00f3 una ca\u00edda estrepitosa del 73,4% en comparaci\u00f3n con el mismo mes del a\u00f1o anterior. Este retroceso no solo evidencia el enfriamiento del mercado interno, sino que se produce en un escenario de flexibilizaci\u00f3n arancelaria para veh\u00edculos importados, lo que genera una se\u00f1al de alarma m\u00e1xima en los polos industriales de Z\u00e1rate, General Pacheco, El Palomar y Virrey del Pino.<\/p>\n<h4 data-path-to-node=\"3\">El mapa del deterioro industrial bonaerense<\/h4>\n<p data-path-to-node=\"4\">El impacto de la crisis es transversal. El ministro de Econom\u00eda de la provincia, Pablo L\u00f3pez, advirti\u00f3 que la recesi\u00f3n golpea a 15 de los 16 bloques del Indicador Sint\u00e9tico Industrial. Si bien el segmento de autom\u00f3viles de pasajeros fue el m\u00e1s afectado con la ca\u00edda superior al 70%, otros rubros estrat\u00e9gicos del complejo automotor tambi\u00e9n muestran signos de fatiga:<\/p>\n<ul data-path-to-node=\"5\">\n<li>\n<p data-path-to-node=\"5,0,0\"><b data-path-to-node=\"5,0,0\" data-index-in-node=\"0\">Veh\u00edculos totales:<\/b> Registraron una baja interanual del 31,6%.<\/p>\n<\/li>\n<li>\n<p data-path-to-node=\"5,1,0\"><b data-path-to-node=\"5,1,0\" data-index-in-node=\"0\">Utilitarios:<\/b> El segmento de pick-ups, tradicionalmente el m\u00e1s fuerte de la regi\u00f3n, cay\u00f3 un 4,1%.<\/p>\n<\/li>\n<li>\n<p data-path-to-node=\"5,2,0\"><b data-path-to-node=\"5,2,0\" data-index-in-node=\"0\">Neum\u00e1ticos:<\/b> La producci\u00f3n se hundi\u00f3 un 60%, marcando el nivel m\u00e1s bajo de los \u00faltimos cinco a\u00f1os.<\/p>\n<\/li>\n<\/ul>\n<p data-path-to-node=\"6\">Esta contracci\u00f3n ya se traduce en medidas concretas dentro de las plantas: suspensiones de personal y recortes de turnos con reducciones salariales temporales son la moneda corriente en terminales como Toyota, Ford, Volkswagen y Stellantis.<\/p>\n<h4 data-path-to-node=\"7\">Apertura importadora y el \u00abfactor China\u00bb<\/h4>\n<p data-path-to-node=\"8\">A la ca\u00edda de la producci\u00f3n local se suma un cambio de paradigma en el comercio exterior. La reciente llegada de un buque al puerto de Z\u00e1rate con 8.000 veh\u00edculos h\u00edbridos de origen chino simboliza la nueva competencia que enfrenta la industria nacional. En sinton\u00eda, el Gobierno nacional public\u00f3 la <b data-path-to-node=\"8\" data-index-in-node=\"299\">Resoluci\u00f3n 22\/2026<\/b>, que establece un derecho de importaci\u00f3n del 0% para veh\u00edculos el\u00e9ctricos e h\u00edbridos con un valor FOB de hasta 16.000 d\u00f3lares.<\/p>\n<p data-path-to-node=\"9\">Este beneficio arancelario tendr\u00e1 una vigencia de cinco a\u00f1os y un cupo de hasta 50.000 unidades anuales. Desde la C\u00e1mara del Comercio Automotor sostienen que el sector debe encarar una \u00abreconversi\u00f3n forzosa\u00bb hacia las nuevas tecnolog\u00edas, aunque el sector gremial advierte que esta transici\u00f3n, sin incentivos a la producci\u00f3n local, pone en riesgo miles de puestos de trabajo calificados en el cord\u00f3n industrial bonaerense.<\/p>\n<h4 data-path-to-node=\"10\">Un impacto sist\u00e9mico en la manufactura<\/h4>\n<p data-path-to-node=\"11\">La par\u00e1lisis de las terminales automotrices act\u00faa como un efecto domin\u00f3 sobre el resto de la econom\u00eda provincial. Al demandar menos insumos, sectores como el de <b data-path-to-node=\"11\" data-index-in-node=\"161\">minerales no met\u00e1licos (-33,5%)<\/b>, <b data-path-to-node=\"11\" data-index-in-node=\"194\">textiles y cueros (-23,6%)<\/b> y <b data-path-to-node=\"11\" data-index-in-node=\"223\">caucho y pl\u00e1stico (-22,1%)<\/b> tambi\u00e9n muestran ca\u00eddas de doble d\u00edgito. Solo la refinaci\u00f3n de petr\u00f3leo logr\u00f3 mantenerse al margen del desplome con un marginal crecimiento del 0,4%.<\/p>\n<p data-path-to-node=\"12\">El diagn\u00f3stico del Ministerio de Econom\u00eda bonaerense es tajante: la ca\u00edda de la producci\u00f3n afecta directamente la demanda de acero crudo, hierro y cemento, configurando un escenario de desindustrializaci\u00f3n que afecta la base del aparato productivo.<\/p>\n","protected":false},"excerpt":{"rendered":"<p>La industria automotriz de la provincia de Buenos Aires, coraz\u00f3n productivo del pa\u00eds, atraviesa uno de sus momentos m\u00e1s cr\u00edticos<\/p>\n","protected":false},"author":1,"featured_media":123727,"comment_status":"closed","ping_status":"closed","sticky":false,"template":"","format":"standard","meta":{"kia_subtitle":"El derrumbe de la actividad impacta en casi todos los bloques industriales bonaerenses, mientras el sector enfrenta el desaf\u00edo de la apertura importadora y el desembarco masivo de veh\u00edculos chinos.","footnotes":"","jetpack_publicize_message":"","jetpack_publicize_feature_enabled":true,"jetpack_social_post_already_shared":true,"jetpack_social_options":{"image_generator_settings":{"template":"highway","default_image_id":0,"font":"","enabled":false},"version":2}},"categories":[3,41],"tags":[],"class_list":["post-123732","post","type-post","status-publish","format-standard","has-post-thumbnail","hentry","category-actualidad","category-nacionales"],"jetpack_publicize_connections":[],"jetpack_featured_media_url":"https:\/\/laurbedigital.com.ar\/noticias\/wp-content\/uploads\/2026\/01\/20260130-Automotriz.jpg","_links":{"self":[{"href":"https:\/\/laurbedigital.com.ar\/noticias\/wp-json\/wp\/v2\/posts\/123732","targetHints":{"allow":["GET"]}}],"collection":[{"href":"https:\/\/laurbedigital.com.ar\/noticias\/wp-json\/wp\/v2\/posts"}],"about":[{"href":"https:\/\/laurbedigital.com.ar\/noticias\/wp-json\/wp\/v2\/types\/post"}],"author":[{"embeddable":true,"href":"https:\/\/laurbedigital.com.ar\/noticias\/wp-json\/wp\/v2\/users\/1"}],"replies":[{"embeddable":true,"href":"https:\/\/laurbedigital.com.ar\/noticias\/wp-json\/wp\/v2\/comments?post=123732"}],"version-history":[{"count":2,"href":"https:\/\/laurbedigital.com.ar\/noticias\/wp-json\/wp\/v2\/posts\/123732\/revisions"}],"predecessor-version":[{"id":123734,"href":"https:\/\/laurbedigital.com.ar\/noticias\/wp-json\/wp\/v2\/posts\/123732\/revisions\/123734"}],"wp:featuredmedia":[{"embeddable":true,"href":"https:\/\/laurbedigital.com.ar\/noticias\/wp-json\/wp\/v2\/media\/123727"}],"wp:attachment":[{"href":"https:\/\/laurbedigital.com.ar\/noticias\/wp-json\/wp\/v2\/media?parent=123732"}],"wp:term":[{"taxonomy":"category","embeddable":true,"href":"https:\/\/laurbedigital.com.ar\/noticias\/wp-json\/wp\/v2\/categories?post=123732"},{"taxonomy":"post_tag","embeddable":true,"href":"https:\/\/laurbedigital.com.ar\/noticias\/wp-json\/wp\/v2\/tags?post=123732"}],"curies":[{"name":"wp","href":"https:\/\/api.w.org\/{rel}","templated":true}]}}