{"id":123721,"date":"2026-01-29T11:43:36","date_gmt":"2026-01-29T14:43:36","guid":{"rendered":"https:\/\/laurbedigital.com.ar\/noticias\/?p=123721"},"modified":"2026-01-29T11:43:36","modified_gmt":"2026-01-29T14:43:36","slug":"vuelta-a-clases-el-municipio-lanzo-un-acuerdo-con-descuentos-en-utiles-escolares-libreria-y-zapateria","status":"publish","type":"post","link":"https:\/\/laurbedigital.com.ar\/noticias\/2026\/01\/29\/vuelta-a-clases-el-municipio-lanzo-un-acuerdo-con-descuentos-en-utiles-escolares-libreria-y-zapateria\/","title":{"rendered":"Vuelta a Clases: El Municipio lanz\u00f3 un acuerdo con descuentos en \u00fatiles escolares, librer\u00eda y zapater\u00eda"},"content":{"rendered":"<p>En efecto, los vecinos pueden acceder a las rebajas los d\u00edas lunes, martes y mi\u00e9rcoles en los diferentes locales adheridos y ahorrar comprando durante todo el mes de febrerero mucho antes de la vuelta a clases.<\/p>\n<p>De ese modo las compras para el regreso al cole llegan con descuentos, lo que representa un alivio para los bolsillos de los brownianos.<\/p>\n<div>\n<p>Se indic\u00f3 adem\u00e1s quie dicho acuerdo que incluye los rubros de librer\u00eda, zapater\u00eda, marroquiner\u00eda e indumentaria estar\u00e1 vigente hasta el pr\u00f3ximo 28 de febrero.<\/p>\n<h5><strong><em>\u201cSeguimos cuidando el bolsillo de los vecinos del distrito con un nuevo acuerdo de precios para la vuelta a clases y un 20 por ciento de descuento en efectivo en comercios como librer\u00edas y zapater\u00edas del distrito\u201d, se\u00f1al\u00f3 Mariano Cascallares.<\/em><\/strong><\/h5>\n<p><img loading=\"lazy\" decoding=\"async\" class=\"alignnone wp-image-123723 size-full\" src=\"https:\/\/laurbedigital.com.ar\/noticias\/wp-content\/uploads\/2026\/01\/20260129-Brown-vuelta-a-clases-libreria-utiles-1.jpg\" alt=\"Vuelta a Clases\" width=\"768\" height=\"428\" title=\"\" srcset=\"https:\/\/laurbedigital.com.ar\/noticias\/wp-content\/uploads\/2026\/01\/20260129-Brown-vuelta-a-clases-libreria-utiles-1.jpg 768w, https:\/\/laurbedigital.com.ar\/noticias\/wp-content\/uploads\/2026\/01\/20260129-Brown-vuelta-a-clases-libreria-utiles-1-300x167.jpg 300w\" sizes=\"auto, (max-width: 768px) 100vw, 768px\" \/><\/p>\n<p>En consonancia el intendente interino, Juan Fabiani, destac\u00f3 la puesta en marcha del convenio realizado en el marco del programa \u201cAnticipate\u201d, a trav\u00e9s de la secretar\u00eda de Relaciones con la Comunidad, y la gran participaci\u00f3n no solo en esta propuesta de los comerciantes de los diversos barrios y localidades del distrito.<\/p>\n<p>Los comercios adheridos en Adrogu\u00e9 son: \u201cLibrer\u00eda Guardamagna\u201d, ubicada en Esteban Adrogu\u00e9 N\u00b0 1275, y \u201cRayuela\u201d (zapater\u00eda) en Esteban Adrogu\u00e9 N\u00b01180, Galer\u00eda Adrogu\u00e9- local 43. En Burzaco, \u201cLibrer\u00eda de la Plaza\u201d en E. de Burzaco N\u00b0520, \u201cLibrer\u00eda Billiken\u201d en Alsina N\u00b0 847 y \u201cGr\u00e1fica Ramaco\u201d en Pellegrini N\u00b0 611.<\/p>\n<p>Tambi\u00e9n se sumaron a la propuesta en Glew, la librer\u00eda \u201cCarrusel\u201d situada en Galer\u00eda El Aljibe- Local 35, y \u201cLibrer\u00eda Glew\u201d en Ra\u00fal Soldi N\u00b0298. En Longchamps \u201cT\u00edo Pocho\u201d (librer\u00eda) en sus locales de Av. Dr. L. Chiesa N\u00b0801 y Av. La Aviaci\u00f3n N\u00b0791. En Don Orione \u201cLibrer\u00eda Henaye\u201d en Figueroa N\u00b0 790.<\/p>\n<p>En Rafael Calzada \u201cStilo Deportes\u201d (zapater\u00eda), ubicada en 20 de Septiembre N\u00b01675 y \u201cOna\u201d (marroquiner\u00eda) en 20 de Septiembre esq. Av. San Mart\u00edn. Por \u00faltimo, en Claypole \u201cEl Rinc\u00f3n de Rumi (librer\u00eda) en Alcorta N\u00b0 4366.<\/p>\n<\/div>\n","protected":false},"excerpt":{"rendered":"<p>En efecto, los vecinos pueden acceder a las rebajas los d\u00edas lunes, martes y mi\u00e9rcoles en los diferentes locales adheridos<\/p>\n","protected":false},"author":1,"featured_media":123722,"comment_status":"closed","ping_status":"closed","sticky":false,"template":"","format":"standard","meta":{"kia_subtitle":"El Municipio de Almirante Brown anunci\u00f3 la puesta en marcha de un acuerdo de precios con librer\u00edas y zapater\u00edas, entre otros comercios de nuestro distrito como tambi\u00e9n marroquiner\u00edas, que incluye un 20 por ciento de descuento en compras para el inicio de clases abonando \u00fanicamente en efectivo.","footnotes":"","jetpack_publicize_message":"","jetpack_publicize_feature_enabled":true,"jetpack_social_post_already_shared":true,"jetpack_social_options":{"image_generator_settings":{"template":"highway","default_image_id":0,"font":"","enabled":false},"version":2}},"categories":[2,33],"tags":[],"class_list":["post-123721","post","type-post","status-publish","format-standard","has-post-thumbnail","hentry","category-alte-brown","category-alte-brown-alte-brown"],"jetpack_publicize_connections":[],"jetpack_featured_media_url":"https:\/\/laurbedigital.com.ar\/noticias\/wp-content\/uploads\/2026\/01\/20260129-Brown-vuelta-a-clases-libreria-utiles.jpg","_links":{"self":[{"href":"https:\/\/laurbedigital.com.ar\/noticias\/wp-json\/wp\/v2\/posts\/123721","targetHints":{"allow":["GET"]}}],"collection":[{"href":"https:\/\/laurbedigital.com.ar\/noticias\/wp-json\/wp\/v2\/posts"}],"about":[{"href":"https:\/\/laurbedigital.com.ar\/noticias\/wp-json\/wp\/v2\/types\/post"}],"author":[{"embeddable":true,"href":"https:\/\/laurbedigital.com.ar\/noticias\/wp-json\/wp\/v2\/users\/1"}],"replies":[{"embeddable":true,"href":"https:\/\/laurbedigital.com.ar\/noticias\/wp-json\/wp\/v2\/comments?post=123721"}],"version-history":[{"count":2,"href":"https:\/\/laurbedigital.com.ar\/noticias\/wp-json\/wp\/v2\/posts\/123721\/revisions"}],"predecessor-version":[{"id":123725,"href":"https:\/\/laurbedigital.com.ar\/noticias\/wp-json\/wp\/v2\/posts\/123721\/revisions\/123725"}],"wp:featuredmedia":[{"embeddable":true,"href":"https:\/\/laurbedigital.com.ar\/noticias\/wp-json\/wp\/v2\/media\/123722"}],"wp:attachment":[{"href":"https:\/\/laurbedigital.com.ar\/noticias\/wp-json\/wp\/v2\/media?parent=123721"}],"wp:term":[{"taxonomy":"category","embeddable":true,"href":"https:\/\/laurbedigital.com.ar\/noticias\/wp-json\/wp\/v2\/categories?post=123721"},{"taxonomy":"post_tag","embeddable":true,"href":"https:\/\/laurbedigital.com.ar\/noticias\/wp-json\/wp\/v2\/tags?post=123721"}],"curies":[{"name":"wp","href":"https:\/\/api.w.org\/{rel}","templated":true}]}}