{"id":123716,"date":"2026-01-29T01:58:22","date_gmt":"2026-01-29T04:58:22","guid":{"rendered":"https:\/\/laurbedigital.com.ar\/noticias\/?p=123716"},"modified":"2026-01-29T01:58:22","modified_gmt":"2026-01-29T04:58:22","slug":"el-retorno-de-los-fantasmas-de-los-90-corrupcion-y-desempleo-lideran-la-preocupacion-social","status":"publish","type":"post","link":"https:\/\/laurbedigital.com.ar\/noticias\/2026\/01\/29\/el-retorno-de-los-fantasmas-de-los-90-corrupcion-y-desempleo-lideran-la-preocupacion-social\/","title":{"rendered":"El retorno de los fantasmas de los 90: corrupci\u00f3n y desempleo lideran la preocupaci\u00f3n social"},"content":{"rendered":"<p data-path-to-node=\"3\">El escenario social de principios de 2026 en Argentina comienza a exhibir rasgos de una memoria colectiva que parec\u00eda lejana: la de la d\u00e9cada de los 90. A pesar de que la administraci\u00f3n de Javier Milei muestra se\u00f1ales de alivio en ciertos indicadores macroecon\u00f3micos, las preocupaciones de la ciudadan\u00eda han mutado. Seg\u00fan la \u00faltima encuesta nacional de la consultora Opina Argentina, la <b data-path-to-node=\"3\" data-index-in-node=\"387\">corrupci\u00f3n<\/b> y la desocupaci\u00f3n se han consolidado como los grandes problemas a resolver, evocando el clima de \u00e9poca del ciclo menemista.<\/p>\n<h4 data-path-to-node=\"4\">El fin de la hegemon\u00eda inflacionaria<\/h4>\n<p data-path-to-node=\"5\">Por primera vez en a\u00f1os, la suba de precios ha dejado de ser la angustia absoluta de los argentinos. El estudio indica que la <b data-path-to-node=\"5\" data-index-in-node=\"126\">corrupci\u00f3n<\/b> escal\u00f3 al primer puesto con un 34% de las menciones, seguida de cerca por la desocupaci\u00f3n, que alcanza el 28%. Esta transici\u00f3n ocurre en un contexto donde el porcentaje de personas que declaran no llegar a fin de mes cay\u00f3 por debajo del 30%, el nivel m\u00e1s bajo desde inicios del a\u00f1o pasado.<\/p>\n<p data-path-to-node=\"6\">Sin embargo, esta mejora en el consumo inmediato no ha logrado disipar la incertidumbre estructural. La sociedad percibe que, aunque los precios se han estabilizado, el costo social del ajuste y la transparencia institucional son los nuevos focos de conflicto.<\/p>\n<h4 data-path-to-node=\"7\">El fantasma del desempleo y la grieta social<\/h4>\n<p data-path-to-node=\"8\">Uno de los datos m\u00e1s alarmantes que ratifica el paralelismo con los a\u00f1os 90 es el miedo a perder el trabajo. El 56% de los encuestados admiti\u00f3 temer que ellos o alg\u00fan integrante de su familia queden desempleados pr\u00f3ximamente. Esta cifra desnuda la fragilidad del bienestar social, incluso cuando la macroeconom\u00eda intenta estabilizarse.<\/p>\n<p data-path-to-node=\"9\">La encuesta tambi\u00e9n refleja una profunda fragmentaci\u00f3n seg\u00fan la afinidad pol\u00edtica:<\/p>\n<ul data-path-to-node=\"10\">\n<li>\n<p data-path-to-node=\"10,0,0\"><b data-path-to-node=\"10,0,0\" data-index-in-node=\"0\">Votantes libertarios:<\/b> Su mayor preocupaci\u00f3n es la inseguridad (27%).<\/p>\n<\/li>\n<li>\n<p data-path-to-node=\"10,1,0\"><b data-path-to-node=\"10,1,0\" data-index-in-node=\"0\">Sectores opositores:<\/b> La desocupaci\u00f3n lidera con amplitud, alcanzando el 37%.<\/p>\n<\/li>\n<\/ul>\n<p data-path-to-node=\"11\">Esta divisi\u00f3n muestra que la percepci\u00f3n de la crisis depende, en gran medida, del prisma ideol\u00f3gico y de la posici\u00f3n en la escala de ingresos. Entre aquellos que atraviesan una situaci\u00f3n econ\u00f3mica cr\u00edtica y no logran cubrir sus necesidades mensuales, el 75% responsabiliza directamente al gobierno de Milei por la coyuntura actual.<\/p>\n<h4 data-path-to-node=\"12\">Desconfianza cambiaria en un clima de mejora<\/h4>\n<p data-path-to-node=\"13\">A pesar de los indicadores que el oficialismo exhibe como triunfos, persiste una desconfianza arraigada en la psicolog\u00eda econ\u00f3mica del argentino. M\u00e1s de la mitad de los consultados cree que el valor del d\u00f3lar aumentar\u00e1 en los pr\u00f3ximos meses. Este escepticismo, sumado a la centralidad de la <b data-path-to-node=\"13\" data-index-in-node=\"291\">corrupci\u00f3n<\/b> en la agenda p\u00fablica, configura un desaf\u00edo pol\u00edtico may\u00fasculo para la Casa Rosada: transformar la mejora estad\u00edstica en una sensaci\u00f3n de estabilidad y justicia institucional.<\/p>\n<h4 data-path-to-node=\"14\">Una estabilidad que no derrama seguridad<\/h4>\n<p data-path-to-node=\"15\">El retorno de la <b data-path-to-node=\"15\" data-index-in-node=\"17\">corrupci\u00f3n<\/b> y el empleo como ejes del debate p\u00fablico marca un fin de etapa para el \u00abmonotema\u00bb inflacionario. La gesti\u00f3n libertaria enfrenta ahora el reto de responder a demandas que no se resuelven solo con equilibrio fiscal. Al igual que en los 90, la sociedad argentina parece advertir que la estabilidad monetaria es una condici\u00f3n necesaria, pero insuficiente, si el horizonte laboral es incierto y la transparencia gubernamental est\u00e1 bajo sospecha.<\/p>\n","protected":false},"excerpt":{"rendered":"<p>El escenario social de principios de 2026 en Argentina comienza a exhibir rasgos de una memoria colectiva que parec\u00eda lejana:<\/p>\n","protected":false},"author":1,"featured_media":118478,"comment_status":"closed","ping_status":"closed","sticky":false,"template":"","format":"standard","meta":{"kia_subtitle":"Un informe de Opina Argentina revela que, a dos a\u00f1os de gesti\u00f3n libertaria, el temor a la desocupaci\u00f3n y el rechazo a la corrupci\u00f3n desplazan a la inflaci\u00f3n como principales inquietudes ciudadanas.","footnotes":"","jetpack_publicize_message":"","jetpack_publicize_feature_enabled":true,"jetpack_social_post_already_shared":true,"jetpack_social_options":{"image_generator_settings":{"template":"highway","default_image_id":0,"font":"","enabled":false},"version":2}},"categories":[3,41],"tags":[],"class_list":["post-123716","post","type-post","status-publish","format-standard","has-post-thumbnail","hentry","category-actualidad","category-nacionales"],"jetpack_publicize_connections":[],"jetpack_featured_media_url":"https:\/\/laurbedigital.com.ar\/noticias\/wp-content\/uploads\/2025\/08\/20260806-desempleo.jpg","_links":{"self":[{"href":"https:\/\/laurbedigital.com.ar\/noticias\/wp-json\/wp\/v2\/posts\/123716","targetHints":{"allow":["GET"]}}],"collection":[{"href":"https:\/\/laurbedigital.com.ar\/noticias\/wp-json\/wp\/v2\/posts"}],"about":[{"href":"https:\/\/laurbedigital.com.ar\/noticias\/wp-json\/wp\/v2\/types\/post"}],"author":[{"embeddable":true,"href":"https:\/\/laurbedigital.com.ar\/noticias\/wp-json\/wp\/v2\/users\/1"}],"replies":[{"embeddable":true,"href":"https:\/\/laurbedigital.com.ar\/noticias\/wp-json\/wp\/v2\/comments?post=123716"}],"version-history":[{"count":1,"href":"https:\/\/laurbedigital.com.ar\/noticias\/wp-json\/wp\/v2\/posts\/123716\/revisions"}],"predecessor-version":[{"id":123717,"href":"https:\/\/laurbedigital.com.ar\/noticias\/wp-json\/wp\/v2\/posts\/123716\/revisions\/123717"}],"wp:featuredmedia":[{"embeddable":true,"href":"https:\/\/laurbedigital.com.ar\/noticias\/wp-json\/wp\/v2\/media\/118478"}],"wp:attachment":[{"href":"https:\/\/laurbedigital.com.ar\/noticias\/wp-json\/wp\/v2\/media?parent=123716"}],"wp:term":[{"taxonomy":"category","embeddable":true,"href":"https:\/\/laurbedigital.com.ar\/noticias\/wp-json\/wp\/v2\/categories?post=123716"},{"taxonomy":"post_tag","embeddable":true,"href":"https:\/\/laurbedigital.com.ar\/noticias\/wp-json\/wp\/v2\/tags?post=123716"}],"curies":[{"name":"wp","href":"https:\/\/api.w.org\/{rel}","templated":true}]}}