{"id":123713,"date":"2026-01-29T01:54:58","date_gmt":"2026-01-29T04:54:58","guid":{"rendered":"https:\/\/laurbedigital.com.ar\/noticias\/?p=123713"},"modified":"2026-01-29T01:54:58","modified_gmt":"2026-01-29T04:54:58","slug":"crisis-en-el-turismo-bonaerense-kicillof-advierte-una-caida-del-consumo-y-apunta-contra-nacion","status":"publish","type":"post","link":"https:\/\/laurbedigital.com.ar\/noticias\/2026\/01\/29\/crisis-en-el-turismo-bonaerense-kicillof-advierte-una-caida-del-consumo-y-apunta-contra-nacion\/","title":{"rendered":"Crisis en el turismo bonaerense: Kicillof advierte una ca\u00edda del consumo y apunta contra Naci\u00f3n"},"content":{"rendered":"<p data-path-to-node=\"3\">El panorama de la temporada estival en la provincia de Buenos Aires refleja la profundidad de la recesi\u00f3n econ\u00f3mica. Durante la segunda Conferencia de Verano 2026 celebrada en San Pedro, el gobernador <b data-path-to-node=\"3\" data-index-in-node=\"201\">Axel Kicillof<\/b> atribuy\u00f3 directamente la ca\u00edda del <b data-path-to-node=\"3\" data-index-in-node=\"250\">turismo bonaerense<\/b> y del consumo a las pol\u00edticas implementadas por el Gobierno nacional, asegurando que estas solo benefician a una \u00abpeque\u00f1a minor\u00eda\u00bb mientras perjudican el derecho al descanso de los trabajadores.<\/p>\n<h4 data-path-to-node=\"4\">Estad\u00edsticas que confirman el desplome<\/h4>\n<p data-path-to-node=\"5\">Los indicadores presentados por el Ministerio de Producci\u00f3n, Ciencia e Innovaci\u00f3n Tecnol\u00f3gica son contundentes. Desde el inicio de la temporada el 1\u00b0 de diciembre, la provincia recibi\u00f3 a 5,2 millones de turistas, lo que representa una baja del 3,1% respecto al a\u00f1o anterior. Sin embargo, la preocupaci\u00f3n crece al observar que la tendencia se agudiz\u00f3 en enero, con un descenso del 5,2%.<\/p>\n<p data-path-to-node=\"6\">Augusto Costa, titular de la cartera productiva, detall\u00f3 que se est\u00e1 consolidando una \u00abecuaci\u00f3n perjudicial\u00bb para el sector: menos visitantes, estad\u00edas m\u00e1s cortas y un gasto significativamente menor. Los datos del Banco Provincia respaldan este diagn\u00f3stico, mostrando una ca\u00edda del consumo general del 24,6% en comparaci\u00f3n con 2024, mientras que las transacciones a trav\u00e9s de <b data-path-to-node=\"6\" data-index-in-node=\"376\">Cuenta DNI<\/b> se retrajeron un alarmante 40,1%.<\/p>\n<h4 data-path-to-node=\"7\">Inversi\u00f3n estructural frente a la crisis<\/h4>\n<p data-path-to-node=\"8\"><span class=\"citation-4 citation-end-4\">Pese al contexto de ajuste, Kicillof ratific\u00f3 el compromiso de la gesti\u00f3n provincial con la infraestructura.<\/span> El anuncio central fue la construcci\u00f3n de una nueva <b data-path-to-node=\"8\" data-index-in-node=\"161\">Estaci\u00f3n Transformadora<\/b> en San Pedro, con una inversi\u00f3n superior a los $28.000 millones. Esta obra permitir\u00e1 duplicar la capacidad energ\u00e9tica local, facilitando la instalaci\u00f3n de nuevas firmas en el Parque Agroindustrial y garantizando el servicio para los residentes.<\/p>\n<p data-path-to-node=\"9\">Adem\u00e1s de la inversi\u00f3n energ\u00e9tica, el mandatario recorri\u00f3 obras clave en el municipio:<\/p>\n<ul data-path-to-node=\"10\">\n<li>\n<p data-path-to-node=\"10,0,0\"><b data-path-to-node=\"10,0,0\" data-index-in-node=\"0\">Vivienda:<\/b> Inspecci\u00f3n de 55 casas en el barrio G\u00fcemes, con un avance del 90%.<\/p>\n<\/li>\n<li>\n<p data-path-to-node=\"10,1,0\"><b data-path-to-node=\"10,1,0\" data-index-in-node=\"0\">Vialidad:<\/b> Repavimentaci\u00f3n de la Ruta Provincial N\u00ba 1001.<\/p>\n<\/li>\n<li>\n<p data-path-to-node=\"10,2,0\"><b data-path-to-node=\"10,2,0\" data-index-in-node=\"0\">Social:<\/b> Visita a programas para j\u00f3venes (Envi\u00f3n) y actividades recreativas para adultos mayores.<\/p>\n<\/li>\n<\/ul>\n<h4 data-path-to-node=\"11\">La \u00abausencia\u00bb del Gobierno nacional<\/h4>\n<p data-path-to-node=\"12\">El intendente local, Cecilio Salazar, acompa\u00f1\u00f3 el discurso cr\u00edtico del Gobernador, se\u00f1alando que los municipios bonaerenses se sienten \u00abtotalmente abandonados\u00bb por la administraci\u00f3n central desde hace dos a\u00f1os. Seg\u00fan Salazar, el sostenimiento de la actividad tur\u00edstica y el empleo en el sector depende exclusivamente del esfuerzo coordinado entre el Gobierno provincial y el sector privado.<\/p>\n<p data-path-to-node=\"13\">Para Kicillof, el cambio en los h\u00e1bitos de consumo \u2014como el aumento de viajes a destinos de cercan\u00eda de menos de 80 kil\u00f3metros\u2014 es un s\u00edntoma de la p\u00e9rdida de poder adquisitivo. \u00abNecesitamos volver a promover el trabajo y el turismo local\u00bb, sentenci\u00f3 el mandatario, quien estuvo acompa\u00f1ado por gran parte de su gabinete, incluidos los ministros Gabriel Katopodis (Infraestructura) y Walter Correa (Trabajo).<\/p>\n<h4 data-path-to-node=\"14\">Una temporada de resistencia<\/h4>\n<p data-path-to-node=\"15\">La temporada 2026 se perfila como un periodo de resistencia para los destinos bonaerenses. Mientras el consumo por medios digitales como <b data-path-to-node=\"15\" data-index-in-node=\"137\">Cuenta DNI<\/b> muestra una de las peores caras de la crisis, la Provincia apuesta a la obra p\u00fablica y al acompa\u00f1amiento financiero como herramientas para mitigar el impacto del ajuste nacional. El desaf\u00edo ser\u00e1 revertir la tendencia negativa de enero para cerrar un ciclo estival que, por ahora, queda lejos de las cifras r\u00e9cord de a\u00f1os anteriores.<\/p>\n","protected":false},"excerpt":{"rendered":"<p>El panorama de la temporada estival en la provincia de Buenos Aires refleja la profundidad de la recesi\u00f3n econ\u00f3mica. Durante<\/p>\n","protected":false},"author":1,"featured_media":123704,"comment_status":"closed","ping_status":"closed","sticky":false,"template":"","format":"standard","meta":{"kia_subtitle":"En el marco de la segunda Conferencia de Verano 2026, el gobernador Axel Kicillof alert\u00f3 sobre el desplome de la actividad tur\u00edstica y anunci\u00f3 inversiones energ\u00e9ticas millonarias para el sector productivo en San Pedro.","footnotes":"","jetpack_publicize_message":"","jetpack_publicize_feature_enabled":true,"jetpack_social_post_already_shared":true,"jetpack_social_options":{"image_generator_settings":{"template":"highway","default_image_id":0,"font":"","enabled":false},"version":2}},"categories":[3,56],"tags":[],"class_list":["post-123713","post","type-post","status-publish","format-standard","has-post-thumbnail","hentry","category-actualidad","category-buenos-aires"],"jetpack_publicize_connections":[],"jetpack_featured_media_url":"https:\/\/laurbedigital.com.ar\/noticias\/wp-content\/uploads\/2026\/01\/20260129-kicillof.jpg","_links":{"self":[{"href":"https:\/\/laurbedigital.com.ar\/noticias\/wp-json\/wp\/v2\/posts\/123713","targetHints":{"allow":["GET"]}}],"collection":[{"href":"https:\/\/laurbedigital.com.ar\/noticias\/wp-json\/wp\/v2\/posts"}],"about":[{"href":"https:\/\/laurbedigital.com.ar\/noticias\/wp-json\/wp\/v2\/types\/post"}],"author":[{"embeddable":true,"href":"https:\/\/laurbedigital.com.ar\/noticias\/wp-json\/wp\/v2\/users\/1"}],"replies":[{"embeddable":true,"href":"https:\/\/laurbedigital.com.ar\/noticias\/wp-json\/wp\/v2\/comments?post=123713"}],"version-history":[{"count":2,"href":"https:\/\/laurbedigital.com.ar\/noticias\/wp-json\/wp\/v2\/posts\/123713\/revisions"}],"predecessor-version":[{"id":123715,"href":"https:\/\/laurbedigital.com.ar\/noticias\/wp-json\/wp\/v2\/posts\/123713\/revisions\/123715"}],"wp:featuredmedia":[{"embeddable":true,"href":"https:\/\/laurbedigital.com.ar\/noticias\/wp-json\/wp\/v2\/media\/123704"}],"wp:attachment":[{"href":"https:\/\/laurbedigital.com.ar\/noticias\/wp-json\/wp\/v2\/media?parent=123713"}],"wp:term":[{"taxonomy":"category","embeddable":true,"href":"https:\/\/laurbedigital.com.ar\/noticias\/wp-json\/wp\/v2\/categories?post=123713"},{"taxonomy":"post_tag","embeddable":true,"href":"https:\/\/laurbedigital.com.ar\/noticias\/wp-json\/wp\/v2\/tags?post=123713"}],"curies":[{"name":"wp","href":"https:\/\/api.w.org\/{rel}","templated":true}]}}