{"id":123711,"date":"2026-01-29T01:53:15","date_gmt":"2026-01-29T04:53:15","guid":{"rendered":"https:\/\/laurbedigital.com.ar\/noticias\/?p=123711"},"modified":"2026-01-29T01:53:15","modified_gmt":"2026-01-29T04:53:15","slug":"la-proteina-imposible-el-precio-de-la-carne-vacuna-subio-un-70-en-el-ultimo-ano","status":"publish","type":"post","link":"https:\/\/laurbedigital.com.ar\/noticias\/2026\/01\/29\/la-proteina-imposible-el-precio-de-la-carne-vacuna-subio-un-70-en-el-ultimo-ano\/","title":{"rendered":"La prote\u00edna imposible: el precio de la carne vacuna subi\u00f3 un 70% en el \u00faltimo a\u00f1o"},"content":{"rendered":"<p data-path-to-node=\"3\">La mesa de los argentinos enfrenta un desaf\u00edo sin precedentes ante el encarecimiento de su alimento m\u00e1s emblem\u00e1tico. En diciembre de 2025, el <b data-path-to-node=\"3\" data-index-in-node=\"142\">precio de la carne<\/b> vacuna registr\u00f3 un salto del 69,8% en comparaci\u00f3n con el mismo mes del a\u00f1o anterior. Este incremento no solo marca una aceleraci\u00f3n preocupante en el cierre del a\u00f1o, sino que evidencia una brecha abismal respecto al resto de los indicadores econ\u00f3micos: el aumento de la carne duplic\u00f3 con creces la inflaci\u00f3n anual del INDEC, que se ubic\u00f3 en el 31,5%.<\/p>\n<h4 data-path-to-node=\"4\">Un golpe directo al poder adquisitivo<\/h4>\n<p data-path-to-node=\"5\">La disparidad entre la evoluci\u00f3n de los precios c\u00e1rnicos y los ingresos de los trabajadores es alarmante. Mientras que el <b data-path-to-node=\"5\" data-index-in-node=\"122\">precio de la carne<\/b> subi\u00f3 casi un 70%, los salarios del sector privado y p\u00fablico apenas alcanzaron variaciones del 29,1% y 29,8% respectivamente hasta noviembre. Esta din\u00e1mica traduce una p\u00e9rdida directa de consumo, desplazando a la prote\u00edna vacuna de la dieta cotidiana de amplios sectores de la poblaci\u00f3n.<\/p>\n<p data-path-to-node=\"6\">El informe del Instituto de Promoci\u00f3n de la Carne Vacuna de la Argentina (IPCVA), basado en relevamientos en el AMBA, C\u00f3rdoba y Rosario, destaca que solo en el mes de diciembre la suba fue del 11%. El asado, corte ic\u00f3nico de las fiestas y reuniones familiares, fue el producto que m\u00e1s aument\u00f3, con un salto del 14,4%, alcanzando un precio promedio de $15.340 por kilo.<\/p>\n<h4 data-path-to-node=\"7\">Desigualdad en el mostrador: el impacto en barrios populares<\/h4>\n<p data-path-to-node=\"8\">Uno de los datos m\u00e1s cr\u00edticos del informe revela que la inflaci\u00f3n c\u00e1rnica fue regresiva. Los precios no subieron de manera uniforme en toda la geograf\u00eda urbana:<\/p>\n<ul data-path-to-node=\"9\">\n<li>\n<p data-path-to-node=\"9,0,0\"><b data-path-to-node=\"9,0,0\" data-index-in-node=\"0\">Barrios de nivel socioecon\u00f3mico bajo:<\/b> Registraron las mayores subas, con un 12,5% mensual.<\/p>\n<\/li>\n<li>\n<p data-path-to-node=\"9,1,0\"><b data-path-to-node=\"9,1,0\" data-index-in-node=\"0\">Barrios de clase media:<\/b> El incremento fue del 10,5%.<\/p>\n<\/li>\n<li>\n<p data-path-to-node=\"9,2,0\"><b data-path-to-node=\"9,2,0\" data-index-in-node=\"0\">Barrios de alto poder adquisitivo:<\/b> La variaci\u00f3n fue la m\u00e1s baja, situ\u00e1ndose en un 9,5%.<\/p>\n<\/li>\n<\/ul>\n<p data-path-to-node=\"10\">Esta segmentaci\u00f3n indica que quienes tienen menos recursos enfrentaron los ajustes m\u00e1s agresivos, lo que agrava la situaci\u00f3n de seguridad alimentaria en las zonas m\u00e1s vulnerables de los grandes centros urbanos.<\/p>\n<h4 data-path-to-node=\"11\">Sustitutos: el pollo y el cerdo como refugio<\/h4>\n<p data-path-to-node=\"12\">Ante la inaccesibilidad de la vaca, otras prote\u00ednas animales mostraron comportamientos mucho m\u00e1s estables, convirti\u00e9ndose en el refugio de los consumidores. El precio del pollo, por ejemplo, subi\u00f3 apenas un 1,2% en diciembre y acumul\u00f3 un 24,6% anual, manteni\u00e9ndose por debajo de la inflaci\u00f3n general. Por su parte, el pechito de cerdo aument\u00f3 un 5,2% mensual y cerr\u00f3 el a\u00f1o con un alza acumulada del 21,6%.<\/p>\n<p data-path-to-node=\"13\">La brecha de precios entre la carne vacuna y sus sustitutos nunca fue tan amplia, forzando un cambio cultural en los h\u00e1bitos de consumo hacia carnes blancas o porcinas para intentar equilibrar el presupuesto familiar.<\/p>\n<h4 data-path-to-node=\"14\">La carne como bien de lujo<\/h4>\n<p data-path-to-node=\"15\">El cierre de 2025 consolida una tendencia peligrosa: la transformaci\u00f3n de la carne vacuna en un bien de lujo. Con cortes como el vac\u00edo superando los $18.300 por kilo y subas que castigan con m\u00e1s fuerza a los barrios humildes, el acceso a la prote\u00edna roja se vuelve cada vez m\u00e1s restrictivo. Sin una recuperaci\u00f3n real de los salarios o una estabilizaci\u00f3n de los costos de la cadena ganadera, el tradicional asado argentino corre el riesgo de quedar fuera del alcance de la mayor\u00eda trabajadora.<\/p>\n","protected":false},"excerpt":{"rendered":"<p>La mesa de los argentinos enfrenta un desaf\u00edo sin precedentes ante el encarecimiento de su alimento m\u00e1s emblem\u00e1tico. En diciembre<\/p>\n","protected":false},"author":1,"featured_media":116720,"comment_status":"closed","ping_status":"closed","sticky":false,"template":"","format":"standard","meta":{"kia_subtitle":"Seg\u00fan el \u00faltimo informe del IPCVA, el incremento del producto estrella de la mesa argentina duplic\u00f3 la inflaci\u00f3n general de 2025. Los mayores aumentos se registraron en los barrios de menores ingresos.","footnotes":"","jetpack_publicize_message":"","jetpack_publicize_feature_enabled":true,"jetpack_social_post_already_shared":true,"jetpack_social_options":{"image_generator_settings":{"template":"highway","default_image_id":0,"font":"","enabled":false},"version":2}},"categories":[3,41],"tags":[87],"class_list":["post-123711","post","type-post","status-publish","format-standard","has-post-thumbnail","hentry","category-actualidad","category-nacionales","tag-inflacion"],"jetpack_publicize_connections":[],"jetpack_featured_media_url":"https:\/\/laurbedigital.com.ar\/noticias\/wp-content\/uploads\/2025\/06\/20250610-Carne.jpg","_links":{"self":[{"href":"https:\/\/laurbedigital.com.ar\/noticias\/wp-json\/wp\/v2\/posts\/123711","targetHints":{"allow":["GET"]}}],"collection":[{"href":"https:\/\/laurbedigital.com.ar\/noticias\/wp-json\/wp\/v2\/posts"}],"about":[{"href":"https:\/\/laurbedigital.com.ar\/noticias\/wp-json\/wp\/v2\/types\/post"}],"author":[{"embeddable":true,"href":"https:\/\/laurbedigital.com.ar\/noticias\/wp-json\/wp\/v2\/users\/1"}],"replies":[{"embeddable":true,"href":"https:\/\/laurbedigital.com.ar\/noticias\/wp-json\/wp\/v2\/comments?post=123711"}],"version-history":[{"count":1,"href":"https:\/\/laurbedigital.com.ar\/noticias\/wp-json\/wp\/v2\/posts\/123711\/revisions"}],"predecessor-version":[{"id":123712,"href":"https:\/\/laurbedigital.com.ar\/noticias\/wp-json\/wp\/v2\/posts\/123711\/revisions\/123712"}],"wp:featuredmedia":[{"embeddable":true,"href":"https:\/\/laurbedigital.com.ar\/noticias\/wp-json\/wp\/v2\/media\/116720"}],"wp:attachment":[{"href":"https:\/\/laurbedigital.com.ar\/noticias\/wp-json\/wp\/v2\/media?parent=123711"}],"wp:term":[{"taxonomy":"category","embeddable":true,"href":"https:\/\/laurbedigital.com.ar\/noticias\/wp-json\/wp\/v2\/categories?post=123711"},{"taxonomy":"post_tag","embeddable":true,"href":"https:\/\/laurbedigital.com.ar\/noticias\/wp-json\/wp\/v2\/tags?post=123711"}],"curies":[{"name":"wp","href":"https:\/\/api.w.org\/{rel}","templated":true}]}}