{"id":123701,"date":"2026-01-29T01:46:57","date_gmt":"2026-01-29T04:46:57","guid":{"rendered":"https:\/\/laurbedigital.com.ar\/noticias\/?p=123701"},"modified":"2026-01-29T01:46:57","modified_gmt":"2026-01-29T04:46:57","slug":"harvard-revela-el-misterio-de-la-memoria-el-declive-cognitivo-responde-a-una-red-cerebral-global","status":"publish","type":"post","link":"https:\/\/laurbedigital.com.ar\/noticias\/2026\/01\/29\/harvard-revela-el-misterio-de-la-memoria-el-declive-cognitivo-responde-a-una-red-cerebral-global\/","title":{"rendered":"Harvard revela el misterio de la memoria: el declive cognitivo responde a una red cerebral global"},"content":{"rendered":"<p data-path-to-node=\"3\">Olvidar un nombre, una cita o tardar m\u00e1s tiempo en procesar informaci\u00f3n nueva suelen descartarse como simples \u00abgajes del oficio\u00bb de envejecer. Sin embargo, un estudio internacional de escala sin precedentes liderado por la <b data-path-to-node=\"3\" data-index-in-node=\"223\">Harvard Medical School<\/b> y publicado en <i data-path-to-node=\"3\" data-index-in-node=\"261\">Nature Communications<\/i>, ha descubierto que la clave del declive cognitivo no reside en una \u00fanica zona del cerebro, sino en una p\u00e9rdida de integridad en una red distribuida.<\/p>\n<p data-path-to-node=\"4\">El equipo de investigadores analiz\u00f3 m\u00e1s de 10.300 resonancias magn\u00e9ticas (MRI) y 13.400 pruebas de memoria, concluyendo que el cerebro funciona como un sistema interconectado donde las fallas estructurales se acumulan de manera silenciosa durante d\u00e9cadas.<\/p>\n<h4 data-path-to-node=\"5\">M\u00e1s all\u00e1 del hipocampo: una vulnerabilidad sist\u00e9mica<\/h4>\n<p data-path-to-node=\"6\">Tradicionalmente, la ciencia se\u00f1alaba al hipocampo como el \u00fanico gran responsable de la memoria epis\u00f3dica (aquella que nos permite recordar experiencias personales). Si bien esta regi\u00f3n sigue siendo crucial y altamente sensible, el nuevo estudio de <b data-path-to-node=\"6\" data-index-in-node=\"249\">Harvard<\/b> demuestra que el deterioro involucra a m\u00faltiples regiones corticales y subcorticales.<\/p>\n<p data-path-to-node=\"7\">\u00abEl declive cognitivo y la p\u00e9rdida de memoria no son simplemente consecuencia del envejecimiento, sino manifestaciones de vulnerabilidades biol\u00f3gicas amplias\u00bb, explica Alvaro Pascual-Leone, coautor del estudio. Esta perspectiva cambia el foco: ya no buscamos un \u00abculpable \u00fanico\u00bb, sino que entendemos que la memoria depende de la salud global de la arquitectura cerebral.<\/p>\n<h4 data-path-to-node=\"8\">El efecto umbral: por qu\u00e9 el olvido se acelera<\/h4>\n<p data-path-to-node=\"9\">Uno de los hallazgos m\u00e1s reveladores es que la p\u00e9rdida de memoria no es una pendiente suave y constante. Los cient\u00edficos detectaron un \u00abefecto umbral\u00bb: el cerebro puede compensar el encogimiento de tejido hasta cierto punto, pero una vez que la p\u00e9rdida supera determinados niveles, el deterioro de la memoria se acelera dr\u00e1sticamente. Esto explica por qu\u00e9 muchas personas mayores experimentan una ca\u00edda repentina en sus capacidades cognitivas tras a\u00f1os de estabilidad relativa.<\/p>\n<p data-path-to-node=\"10\">Adem\u00e1s, el estudio abord\u00f3 el factor gen\u00e9tico analizando el alelo <b data-path-to-node=\"10\" data-index-in-node=\"65\">APOE \u03b54<\/b>, vinculado al riesgo de Alzheimer. Aunque los portadores de este gen muestran una p\u00e9rdida de volumen m\u00e1s r\u00e1pida, el proceso de deterioro de la red de memoria result\u00f3 ser similar al de quienes no lo poseen, sugiriendo que el envejecimiento estructural es un camino compartido por todos los seres humanos.<\/p>\n<h4 data-path-to-node=\"11\">La importancia de la salud cerebral global<\/h4>\n<p data-path-to-node=\"12\">Este cambio de paradigma \u2014de un centro de memoria a una red distribuida\u2014 abre puertas a nuevas formas de prevenci\u00f3n. Si la memoria falla porque la red pierde integridad, las intervenciones no deben ser aisladas.<\/p>\n<ul data-path-to-node=\"13\">\n<li>\n<p data-path-to-node=\"13,0,0\"><b data-path-to-node=\"13,0,0\" data-index-in-node=\"0\">Reserva cognitiva:<\/b> Mantener el cerebro activo crea nuevas conexiones que fortalecen la red.<\/p>\n<\/li>\n<li>\n<p data-path-to-node=\"13,1,0\"><b data-path-to-node=\"13,1,0\" data-index-in-node=\"0\">Salud f\u00edsica:<\/b> El ejercicio regular mejora la vascularizaci\u00f3n cerebral, protegiendo el tejido de la atrofia.<\/p>\n<\/li>\n<li>\n<p data-path-to-node=\"13,2,0\"><b data-path-to-node=\"13,2,0\" data-index-in-node=\"0\">Intervenci\u00f3n temprana:<\/b> Detectar cambios estructurales antes de llegar al \u00abumbral\u00bb de ca\u00edda acelerada podr\u00eda ser la clave de futuras terapias.<\/p>\n<\/li>\n<\/ul>\n<h4 data-path-to-node=\"14\">Una red que cuidar durante d\u00e9cadas<\/h4>\n<p data-path-to-node=\"15\">El descubrimiento de <b data-path-to-node=\"15\" data-index-in-node=\"21\">Harvard<\/b> nos recuerda que el cerebro es un campo de batalla biol\u00f3gico donde la resistencia se construye d\u00eda a d\u00eda. La memoria no se pierde un lunes por la ma\u00f1ana al cumplir 70 a\u00f1os; se erosiona o se protege a trav\u00e9s de h\u00e1bitos que afectan a toda la estructura cerebral durante d\u00e9cadas. Entender el cerebro como una red integrada permite ser m\u00e1s optimistas: cuidar la salud general es, en \u00faltima instancia, proteger nuestros recuerdos m\u00e1s preciados.<\/p>\n","protected":false},"excerpt":{"rendered":"<p>Olvidar un nombre, una cita o tardar m\u00e1s tiempo en procesar informaci\u00f3n nueva suelen descartarse como simples \u00abgajes del oficio\u00bb<\/p>\n","protected":false},"author":1,"featured_media":123702,"comment_status":"closed","ping_status":"closed","sticky":false,"template":"","format":"standard","meta":{"kia_subtitle":"Un mega-an\u00e1lisis de 10.000 esc\u00e1neres cerebrales redefine la p\u00e9rdida de memoria no como un proceso lineal del envejecimiento, sino como una acumulaci\u00f3n de vulnerabilidades estructurales en todo el cerebro.","footnotes":"","jetpack_publicize_message":"","jetpack_publicize_feature_enabled":true,"jetpack_social_post_already_shared":true,"jetpack_social_options":{"image_generator_settings":{"template":"highway","default_image_id":0,"font":"","enabled":false},"version":2}},"categories":[15,70],"tags":[],"class_list":["post-123701","post","type-post","status-publish","format-standard","has-post-thumbnail","hentry","category-tendencias","category-salud"],"jetpack_publicize_connections":[],"jetpack_featured_media_url":"https:\/\/laurbedigital.com.ar\/noticias\/wp-content\/uploads\/2026\/01\/20260129-abuela-memoria.jpg","_links":{"self":[{"href":"https:\/\/laurbedigital.com.ar\/noticias\/wp-json\/wp\/v2\/posts\/123701","targetHints":{"allow":["GET"]}}],"collection":[{"href":"https:\/\/laurbedigital.com.ar\/noticias\/wp-json\/wp\/v2\/posts"}],"about":[{"href":"https:\/\/laurbedigital.com.ar\/noticias\/wp-json\/wp\/v2\/types\/post"}],"author":[{"embeddable":true,"href":"https:\/\/laurbedigital.com.ar\/noticias\/wp-json\/wp\/v2\/users\/1"}],"replies":[{"embeddable":true,"href":"https:\/\/laurbedigital.com.ar\/noticias\/wp-json\/wp\/v2\/comments?post=123701"}],"version-history":[{"count":1,"href":"https:\/\/laurbedigital.com.ar\/noticias\/wp-json\/wp\/v2\/posts\/123701\/revisions"}],"predecessor-version":[{"id":123705,"href":"https:\/\/laurbedigital.com.ar\/noticias\/wp-json\/wp\/v2\/posts\/123701\/revisions\/123705"}],"wp:featuredmedia":[{"embeddable":true,"href":"https:\/\/laurbedigital.com.ar\/noticias\/wp-json\/wp\/v2\/media\/123702"}],"wp:attachment":[{"href":"https:\/\/laurbedigital.com.ar\/noticias\/wp-json\/wp\/v2\/media?parent=123701"}],"wp:term":[{"taxonomy":"category","embeddable":true,"href":"https:\/\/laurbedigital.com.ar\/noticias\/wp-json\/wp\/v2\/categories?post=123701"},{"taxonomy":"post_tag","embeddable":true,"href":"https:\/\/laurbedigital.com.ar\/noticias\/wp-json\/wp\/v2\/tags?post=123701"}],"curies":[{"name":"wp","href":"https:\/\/api.w.org\/{rel}","templated":true}]}}