{"id":123698,"date":"2026-01-29T01:44:25","date_gmt":"2026-01-29T04:44:25","guid":{"rendered":"https:\/\/laurbedigital.com.ar\/noticias\/?p=123698"},"modified":"2026-01-29T02:05:02","modified_gmt":"2026-01-29T05:05:02","slug":"dia-internacional-del-trabajador-social","status":"publish","type":"post","link":"https:\/\/laurbedigital.com.ar\/noticias\/2026\/01\/29\/dia-internacional-del-trabajador-social\/","title":{"rendered":"Celebrando el compromiso y la empat\u00eda: D\u00eda Internacional del Trabajador Social"},"content":{"rendered":"<p>Los trabajadores sociales desempe\u00f1an un papel crucial en las comunidades, abordando desaf\u00edos sociales, promoviendo la igualdad y brindando apoyo a aquellos que m\u00e1s lo necesitan. Su labor va m\u00e1s all\u00e1 de las estad\u00edsticas, sumergi\u00e9ndose en las historias humanas con el objetivo de crear un cambio significativo.<\/p>\n<p>En medio de desaf\u00edos globales, desde crisis de salud hasta tensiones socioecon\u00f3micas, estos h\u00e9roes an\u00f3nimos trabajan incansablemente para construir puentes de esperanza y resiliencia. Su enfoque integral no solo aborda las necesidades inmediatas, sino que tambi\u00e9n busca soluciones a largo plazo para construir sociedades m\u00e1s justas.<\/p>\n<p>Hoy, saludamos a los trabajadores sociales de todo el mundo, cuya dedicaci\u00f3n y pasi\u00f3n sirven como faros de luz en la oscuridad. En un d\u00eda que reconoce su contribuci\u00f3n invaluable, recordamos la importancia de apoyar y fortalecer estos pilares esenciales de la comunidad.<\/p>\n<p>Que este D\u00eda Internacional del Trabajador Social inspire a todos a reconocer y valorar el impacto positivo que estos profesionales generan en nuestra sociedad cada d\u00eda.<\/p>\n","protected":false},"excerpt":{"rendered":"<p>Los trabajadores sociales desempe\u00f1an un papel crucial en las comunidades, abordando desaf\u00edos sociales, promoviendo la igualdad y brindando apoyo a<\/p>\n","protected":false},"author":1,"featured_media":101547,"comment_status":"closed","ping_status":"closed","sticky":false,"template":"","format":"standard","meta":{"kia_subtitle":"En este 29 de enero, el mundo conmemora el D\u00eda Internacional del Trabajador Social, rindiendo homenaje a aquellos profesionales cuya dedicaci\u00f3n y empat\u00eda impactan positivamente las vidas de innumerables personas.","footnotes":"","jetpack_publicize_message":"","jetpack_publicize_feature_enabled":true,"jetpack_social_post_already_shared":true,"jetpack_social_options":{"image_generator_settings":{"template":"highway","default_image_id":0,"font":"","enabled":false},"version":2}},"categories":[5,2594],"tags":[],"class_list":["post-123698","post","type-post","status-publish","format-standard","has-post-thumbnail","hentry","category-cultura","category-efemerides"],"jetpack_publicize_connections":[],"jetpack_featured_media_url":"https:\/\/laurbedigital.com.ar\/noticias\/wp-content\/uploads\/2024\/01\/20240129-Trabajador-social.jpg","_links":{"self":[{"href":"https:\/\/laurbedigital.com.ar\/noticias\/wp-json\/wp\/v2\/posts\/123698","targetHints":{"allow":["GET"]}}],"collection":[{"href":"https:\/\/laurbedigital.com.ar\/noticias\/wp-json\/wp\/v2\/posts"}],"about":[{"href":"https:\/\/laurbedigital.com.ar\/noticias\/wp-json\/wp\/v2\/types\/post"}],"author":[{"embeddable":true,"href":"https:\/\/laurbedigital.com.ar\/noticias\/wp-json\/wp\/v2\/users\/1"}],"replies":[{"embeddable":true,"href":"https:\/\/laurbedigital.com.ar\/noticias\/wp-json\/wp\/v2\/comments?post=123698"}],"version-history":[{"count":2,"href":"https:\/\/laurbedigital.com.ar\/noticias\/wp-json\/wp\/v2\/posts\/123698\/revisions"}],"predecessor-version":[{"id":123700,"href":"https:\/\/laurbedigital.com.ar\/noticias\/wp-json\/wp\/v2\/posts\/123698\/revisions\/123700"}],"wp:featuredmedia":[{"embeddable":true,"href":"https:\/\/laurbedigital.com.ar\/noticias\/wp-json\/wp\/v2\/media\/101547"}],"wp:attachment":[{"href":"https:\/\/laurbedigital.com.ar\/noticias\/wp-json\/wp\/v2\/media?parent=123698"}],"wp:term":[{"taxonomy":"category","embeddable":true,"href":"https:\/\/laurbedigital.com.ar\/noticias\/wp-json\/wp\/v2\/categories?post=123698"},{"taxonomy":"post_tag","embeddable":true,"href":"https:\/\/laurbedigital.com.ar\/noticias\/wp-json\/wp\/v2\/tags?post=123698"}],"curies":[{"name":"wp","href":"https:\/\/api.w.org\/{rel}","templated":true}]}}