{"id":123694,"date":"2026-01-28T12:57:49","date_gmt":"2026-01-28T15:57:49","guid":{"rendered":"https:\/\/laurbedigital.com.ar\/noticias\/?p=123694"},"modified":"2026-01-28T12:57:49","modified_gmt":"2026-01-28T15:57:49","slug":"cientos-de-vecinos-disfrutaron-de-una-nueva-jornada-de-cine-de-verano-en-alte-brown","status":"publish","type":"post","link":"https:\/\/laurbedigital.com.ar\/noticias\/2026\/01\/28\/cientos-de-vecinos-disfrutaron-de-una-nueva-jornada-de-cine-de-verano-en-alte-brown\/","title":{"rendered":"Cientos de vecinos disfrutaron de una nueva jornada de \u00abCine de Verano\u00bb en Alte Brown"},"content":{"rendered":"<p>La convocatoria fue en la Plaza Eva Per\u00f3n y fue libre y gratuita, todo con la premisa de disfrutar de esta pel\u00edcula argentina dirigida por Sebasti\u00e1n Borensztein y protagonizada por Ricardo Dar\u00edn, Luis Brandoni y Ver\u00f3nica Llinas, entre otros destacados actores argentinos.<\/p>\n<p>En la jornada se aprovech\u00f3 el buen clima y desde las 20 horas las familias brownianas se pusieron comodas con mantas y reposeras para disfrutar de este filme nacional estrenado en el a\u00f1o 2019.<\/p>\n<h5><strong><em>\u201cEstamos muy contentos con la repercusi\u00f3n y participaci\u00f3n de nuestros vecinos en el ciclo de Cine de Verano al aire libre, una excusa ideal para compartir tiempo en familia o con amigos y disfrutar del gran cine argentino\u201d, sostuvo Mariano Cascallares.<\/em><\/strong><\/h5>\n<p>Mientras tanto desde el Instituto Municipal de las Culturas browniano adelantaron que ya est\u00e1n preparando una serie de nuevas jornadas para el pr\u00f3ximo mes de febrero con la proyecci\u00f3n de pel\u00edculas en los espacios p\u00fablicos de nuestro distrito.<\/p>\n","protected":false},"excerpt":{"rendered":"<p>La convocatoria fue en la Plaza Eva Per\u00f3n y fue libre y gratuita, todo con la premisa de disfrutar de<\/p>\n","protected":false},"author":1,"featured_media":123695,"comment_status":"closed","ping_status":"closed","sticky":false,"template":"","format":"standard","meta":{"kia_subtitle":"El Municipio de Almirante Brown destac\u00f3 que cientos de vecinos dijeron presente en el Ciclo Cine de Verano en la localidad de Ministro Rivadavia y disfrutaron de la pel\u00edcula \u201cLa Odisea de los Giles\u201d al aire libre.","footnotes":"","jetpack_publicize_message":"","jetpack_publicize_feature_enabled":true,"jetpack_social_post_already_shared":true,"jetpack_social_options":{"image_generator_settings":{"template":"highway","default_image_id":0,"font":"","enabled":false},"version":2}},"categories":[2,33],"tags":[],"class_list":["post-123694","post","type-post","status-publish","format-standard","has-post-thumbnail","hentry","category-alte-brown","category-alte-brown-alte-brown"],"jetpack_publicize_connections":[],"jetpack_featured_media_url":"https:\/\/laurbedigital.com.ar\/noticias\/wp-content\/uploads\/2026\/01\/20260128-Brown-Cine-de-Verano.jpg","_links":{"self":[{"href":"https:\/\/laurbedigital.com.ar\/noticias\/wp-json\/wp\/v2\/posts\/123694","targetHints":{"allow":["GET"]}}],"collection":[{"href":"https:\/\/laurbedigital.com.ar\/noticias\/wp-json\/wp\/v2\/posts"}],"about":[{"href":"https:\/\/laurbedigital.com.ar\/noticias\/wp-json\/wp\/v2\/types\/post"}],"author":[{"embeddable":true,"href":"https:\/\/laurbedigital.com.ar\/noticias\/wp-json\/wp\/v2\/users\/1"}],"replies":[{"embeddable":true,"href":"https:\/\/laurbedigital.com.ar\/noticias\/wp-json\/wp\/v2\/comments?post=123694"}],"version-history":[{"count":1,"href":"https:\/\/laurbedigital.com.ar\/noticias\/wp-json\/wp\/v2\/posts\/123694\/revisions"}],"predecessor-version":[{"id":123696,"href":"https:\/\/laurbedigital.com.ar\/noticias\/wp-json\/wp\/v2\/posts\/123694\/revisions\/123696"}],"wp:featuredmedia":[{"embeddable":true,"href":"https:\/\/laurbedigital.com.ar\/noticias\/wp-json\/wp\/v2\/media\/123695"}],"wp:attachment":[{"href":"https:\/\/laurbedigital.com.ar\/noticias\/wp-json\/wp\/v2\/media?parent=123694"}],"wp:term":[{"taxonomy":"category","embeddable":true,"href":"https:\/\/laurbedigital.com.ar\/noticias\/wp-json\/wp\/v2\/categories?post=123694"},{"taxonomy":"post_tag","embeddable":true,"href":"https:\/\/laurbedigital.com.ar\/noticias\/wp-json\/wp\/v2\/tags?post=123694"}],"curies":[{"name":"wp","href":"https:\/\/api.w.org\/{rel}","templated":true}]}}