{"id":123691,"date":"2026-01-28T02:45:25","date_gmt":"2026-01-28T05:45:25","guid":{"rendered":"https:\/\/laurbedigital.com.ar\/noticias\/?p=123691"},"modified":"2026-01-28T02:46:02","modified_gmt":"2026-01-28T05:46:02","slug":"lola-chomnalez","status":"publish","type":"post","link":"https:\/\/laurbedigital.com.ar\/noticias\/2026\/01\/28\/lola-chomnalez\/","title":{"rendered":"A 12 a\u00f1os del crimen de Lola Chomnalez: el caso que marc\u00f3 un antes y un despu\u00e9s en la seguridad tur\u00edstica"},"content":{"rendered":"<p data-path-to-node=\"5\">El calendario marca hoy una fecha que evoca dolor y un largo reclamo de justicia en ambas orillas del R\u00edo de la Plata. Se cumplen doce a\u00f1os desde aquel fat\u00eddico verano de 2014, cuando la noticia de la desaparici\u00f3n y posterior asesinato de <b data-path-to-node=\"5\" data-index-in-node=\"239\">Lola Chomnalez<\/b>, de apenas 15 a\u00f1os, conmocion\u00f3 a la opini\u00f3n p\u00fablica. El caso, ocurrido en el balneario uruguayo de Valizas, se convirti\u00f3 en un emblema de la complejidad de las investigaciones criminales transfronterizas y en un recordatorio permanente de la vulnerabilidad en espacios de ocio.<\/p>\n<h3 data-path-to-node=\"7\">Cr\u00f3nica de una tragedia de verano<\/h3>\n<p data-path-to-node=\"8\">Lola hab\u00eda viajado a Uruguay para pasar unos d\u00edas de vacaciones en la casa de su madrina. El 28 de diciembre de 2014 sali\u00f3 a caminar sola por la playa hacia el balneario vecino de Aguas Dulces y nunca regres\u00f3. Tras dos d\u00edas de b\u00fasqueda desesperada que moviliz\u00f3 a voluntarios y fuerzas de seguridad, su cuerpo fue hallado enterrado en una zona de dunas, en un sector de dif\u00edcil acceso entre la vegetaci\u00f3n.<\/p>\n<p data-path-to-node=\"9\">La autopsia determin\u00f3 que la joven muri\u00f3 por asfixia y presentaba heridas de arma blanca. Lo que sigui\u00f3 fue una investigaci\u00f3n sinuosa, marcada por la falta de pruebas directas iniciales, el desfile de decenas de sospechosos y una presi\u00f3n medi\u00e1tica constante que puso bajo la lupa los procedimientos de la justicia uruguaya de aquel entonces.<\/p>\n<h3 data-path-to-node=\"10\">El ADN: la llave que destrab\u00f3 el silencio<\/h3>\n<p data-path-to-node=\"11\">Durante a\u00f1os, el expediente de Lola pareci\u00f3 destinado al archivo sin culpables. Sin embargo, la persistencia de la familia Chomnalez y el avance de las t\u00e9cnicas forenses permitieron un giro fundamental en 2022. La justicia logr\u00f3 procesar a Leonardo David Sena tras un hallazgo gen\u00e9tico clave: su ADN coincid\u00eda con las manchas de sangre encontradas en la mochila y las pertenencias de Lola.<\/p>\n<p data-path-to-node=\"12\">Sena, que ten\u00eda antecedentes por otros delitos, fue finalmente condenado en 2024 a la pena m\u00e1xima permitida en Uruguay por \u00abhomicidio muy especialmente agravado\u00bb. El fallo judicial no solo trajo un cierre legal para los padres de Lola, Adriana Belmonte y Diego Chomnalez, sino que valid\u00f3 la importancia de las bases de datos gen\u00e9ticos en la resoluci\u00f3n de cr\u00edmenes \u00abfr\u00edos\u00bb o de larga data.<\/p>\n<h3 data-path-to-node=\"13\">Un legado de lucha y memoria<\/h3>\n<p data-path-to-node=\"14\">A m\u00e1s de una d\u00e9cada del <b data-path-to-node=\"14\" data-index-in-node=\"24\">crimen de Lola Chomnalez<\/b>, su nombre sigue siendo bandera en los reclamos por mayor seguridad para las mujeres y adolescentes. El caso impuls\u00f3 cambios en los protocolos de b\u00fasqueda de personas en Uruguay y gener\u00f3 una mayor conciencia sobre la necesidad de cooperaci\u00f3n judicial internacional inmediata.<\/p>\n<p data-path-to-node=\"15\">Hoy, las playas de Valizas lucen iguales, pero la memoria de Lola permanece presente en cada homenaje y en la jurisprudencia que su caso dej\u00f3 establecida. Para sus padres, la justicia lleg\u00f3 tarde, pero lleg\u00f3, transformando un duelo privado en una causa p\u00fablica que record\u00f3 la importancia de no claudicar ante la impunidad.<\/p>\n","protected":false},"excerpt":{"rendered":"<p>El calendario marca hoy una fecha que evoca dolor y un largo reclamo de justicia en ambas orillas del R\u00edo<\/p>\n","protected":false},"author":1,"featured_media":43462,"comment_status":"closed","ping_status":"closed","sticky":false,"template":"","format":"standard","meta":{"kia_subtitle":"Este 28 de enero se cumple un nuevo aniversario del hallazgo del cuerpo de la adolescente argentina en las playas de Uruguay. Un proceso judicial que demand\u00f3 una d\u00e9cada para alcanzar una sentencia definitiva.","footnotes":"","jetpack_publicize_message":"","jetpack_publicize_feature_enabled":true,"jetpack_social_post_already_shared":true,"jetpack_social_options":{"image_generator_settings":{"template":"highway","default_image_id":0,"font":"","enabled":false},"version":2}},"categories":[8],"tags":[165],"class_list":["post-123691","post","type-post","status-publish","format-standard","has-post-thumbnail","hentry","category-policiales","tag-policiales"],"jetpack_publicize_connections":[],"jetpack_featured_media_url":"https:\/\/laurbedigital.com.ar\/noticias\/wp-content\/uploads\/2020\/12\/20201227-Lola-Chomnalez.jpg","_links":{"self":[{"href":"https:\/\/laurbedigital.com.ar\/noticias\/wp-json\/wp\/v2\/posts\/123691","targetHints":{"allow":["GET"]}}],"collection":[{"href":"https:\/\/laurbedigital.com.ar\/noticias\/wp-json\/wp\/v2\/posts"}],"about":[{"href":"https:\/\/laurbedigital.com.ar\/noticias\/wp-json\/wp\/v2\/types\/post"}],"author":[{"embeddable":true,"href":"https:\/\/laurbedigital.com.ar\/noticias\/wp-json\/wp\/v2\/users\/1"}],"replies":[{"embeddable":true,"href":"https:\/\/laurbedigital.com.ar\/noticias\/wp-json\/wp\/v2\/comments?post=123691"}],"version-history":[{"count":1,"href":"https:\/\/laurbedigital.com.ar\/noticias\/wp-json\/wp\/v2\/posts\/123691\/revisions"}],"predecessor-version":[{"id":123692,"href":"https:\/\/laurbedigital.com.ar\/noticias\/wp-json\/wp\/v2\/posts\/123691\/revisions\/123692"}],"wp:featuredmedia":[{"embeddable":true,"href":"https:\/\/laurbedigital.com.ar\/noticias\/wp-json\/wp\/v2\/media\/43462"}],"wp:attachment":[{"href":"https:\/\/laurbedigital.com.ar\/noticias\/wp-json\/wp\/v2\/media?parent=123691"}],"wp:term":[{"taxonomy":"category","embeddable":true,"href":"https:\/\/laurbedigital.com.ar\/noticias\/wp-json\/wp\/v2\/categories?post=123691"},{"taxonomy":"post_tag","embeddable":true,"href":"https:\/\/laurbedigital.com.ar\/noticias\/wp-json\/wp\/v2\/tags?post=123691"}],"curies":[{"name":"wp","href":"https:\/\/api.w.org\/{rel}","templated":true}]}}