{"id":123686,"date":"2026-01-28T02:40:02","date_gmt":"2026-01-28T05:40:02","guid":{"rendered":"https:\/\/laurbedigital.com.ar\/noticias\/?p=123686"},"modified":"2026-01-28T02:40:02","modified_gmt":"2026-01-28T05:40:02","slug":"whatsapp-planea-volver-a-cobrar-por-el-uso-de-la-aplicacion-tras-una-decada-de-gratuidad","status":"publish","type":"post","link":"https:\/\/laurbedigital.com.ar\/noticias\/2026\/01\/28\/whatsapp-planea-volver-a-cobrar-por-el-uso-de-la-aplicacion-tras-una-decada-de-gratuidad\/","title":{"rendered":"WhatsApp planea volver a cobrar por el uso de la aplicaci\u00f3n tras una d\u00e9cada de gratuidad"},"content":{"rendered":"<p data-path-to-node=\"5\">WhatsApp, la aplicaci\u00f3n de mensajer\u00eda m\u00e1s utilizada del mundo, se encuentra en las puertas de un cambio hist\u00f3rico que redefine su relaci\u00f3n con los usuarios. Tras m\u00e1s de diez a\u00f1os de servicio gratuito, Meta \u2014la empresa matriz liderada por Mark Zuckerberg\u2014 planea reintroducir un esquema de pago. Seg\u00fan revelaron l\u00edneas de c\u00f3digo detectadas en la versi\u00f3n beta 2.26.3.9, la compa\u00f1\u00eda trabaja en una modalidad de suscripci\u00f3n dise\u00f1ada para aquellos usuarios que deseen utilizar la herramienta sin publicidad.<\/p>\n<h3 data-path-to-node=\"7\">Un giro hacia el pasado para asegurar el futuro<\/h3>\n<p data-path-to-node=\"8\">Este movimiento representa, en esencia, un regreso a los or\u00edgenes de la aplicaci\u00f3n. En 2013, antes de ser adquirida por Facebook (hoy Meta) por casi 19.000 millones de d\u00f3lares, WhatsApp cobraba una membres\u00eda anual de 0,99 d\u00f3lares. Tras la compra en 2014, el servicio se volvi\u00f3 gratuito, centrando su valor en el crecimiento de la base de usuarios y, m\u00e1s tarde, en herramientas para empresas como WhatsApp Business.<\/p>\n<p data-path-to-node=\"9\">Sin embargo, casi una d\u00e9cada despu\u00e9s, Meta a\u00fan busca optimizar la monetizaci\u00f3n de una plataforma que ha recuperado solo una fracci\u00f3n de su inversi\u00f3n inicial. La estrategia actual no implica cobrar por el env\u00edo de mensajes, sino ofrecer una experiencia \u00ablimpia\u00bb frente a la inminente llegada de anuncios a secciones espec\u00edficas.<\/p>\n<h3 data-path-to-node=\"10\">D\u00f3nde aparecer\u00e1 la publicidad<\/h3>\n<p data-path-to-node=\"11\">De acuerdo con las filtraciones analizadas por especialistas en tecnolog\u00eda, los anuncios no interrumpir\u00e1n los chats privados ni los grupos, manteniendo la privacidad y la agilidad de la comunicaci\u00f3n directa. La publicidad se concentrar\u00e1 en:<\/p>\n<ul data-path-to-node=\"12\">\n<li>\n<p data-path-to-node=\"12,0,0\"><b data-path-to-node=\"12,0,0\" data-index-in-node=\"0\">Estados:<\/b> El formato vertical de fotos y videos que desaparecen en 24 horas.<\/p>\n<\/li>\n<li>\n<p data-path-to-node=\"12,1,0\"><b data-path-to-node=\"12,1,0\" data-index-in-node=\"0\">Canales:<\/b> Los espacios de difusi\u00f3n unidireccional que han ganado terreno en el \u00faltimo a\u00f1o.<\/p>\n<\/li>\n<\/ul>\n<p data-path-to-node=\"13\">Para quienes prefieran evitar estas interrupciones, la suscripci\u00f3n premium se presentar\u00e1 como la soluci\u00f3n. Este modelo h\u00edbrido ya ha sido implementado por Meta en Facebook e Instagram desde 2023, especialmente en mercados europeos donde las regulaciones de privacidad limitan el uso de datos personales para anuncios segmentados.<\/p>\n<h3 data-path-to-node=\"14\">El impacto en el usuario de 2026<\/h3>\n<p data-path-to-node=\"15\">Aunque todav\u00eda no se han anunciado precios oficiales ni una fecha de lanzamiento definitiva para la versi\u00f3n estable, la aparici\u00f3n de estas funciones en el c\u00f3digo de la versi\u00f3n beta suele ser el paso previo a su despliegue masivo.<\/p>\n<p data-path-to-node=\"16\">La decisi\u00f3n de Meta pone sobre la mesa el debate sobre la gratuidad en internet. Con el aumento de los costos de infraestructura y la presi\u00f3n de los accionistas por obtener mayores dividendos, 2026 se perfila como el a\u00f1o en que los usuarios deber\u00e1n elegir entre \u00abpagar con su atenci\u00f3n\u00bb viendo anuncios o abonar una cuota mensual para conservar la est\u00e9tica minimalista de la aplicaci\u00f3n. Por ahora, el silencio de la compa\u00f1\u00eda mantiene a los millones de usuarios en vilo, mientras el c\u00f3digo de la app ya cuenta una historia diferente.<\/p>\n","protected":false},"excerpt":{"rendered":"<p>WhatsApp, la aplicaci\u00f3n de mensajer\u00eda m\u00e1s utilizada del mundo, se encuentra en las puertas de un cambio hist\u00f3rico que redefine<\/p>\n","protected":false},"author":1,"featured_media":99187,"comment_status":"closed","ping_status":"closed","sticky":false,"template":"","format":"standard","meta":{"kia_subtitle":"La plataforma de Meta implementar\u00eda un modelo de suscripci\u00f3n para eliminar anuncios en Estados y Canales. El cambio responde a la necesidad de rentabilizar el servicio.","footnotes":"","jetpack_publicize_message":"","jetpack_publicize_feature_enabled":true,"jetpack_social_post_already_shared":true,"jetpack_social_options":{"image_generator_settings":{"template":"highway","default_image_id":0,"font":"","enabled":false},"version":2}},"categories":[15],"tags":[667],"class_list":["post-123686","post","type-post","status-publish","format-standard","has-post-thumbnail","hentry","category-tendencias","tag-whatsapp"],"jetpack_publicize_connections":[],"jetpack_featured_media_url":"https:\/\/laurbedigital.com.ar\/noticias\/wp-content\/uploads\/2023\/12\/20231207-WhatsApp.jpg","_links":{"self":[{"href":"https:\/\/laurbedigital.com.ar\/noticias\/wp-json\/wp\/v2\/posts\/123686","targetHints":{"allow":["GET"]}}],"collection":[{"href":"https:\/\/laurbedigital.com.ar\/noticias\/wp-json\/wp\/v2\/posts"}],"about":[{"href":"https:\/\/laurbedigital.com.ar\/noticias\/wp-json\/wp\/v2\/types\/post"}],"author":[{"embeddable":true,"href":"https:\/\/laurbedigital.com.ar\/noticias\/wp-json\/wp\/v2\/users\/1"}],"replies":[{"embeddable":true,"href":"https:\/\/laurbedigital.com.ar\/noticias\/wp-json\/wp\/v2\/comments?post=123686"}],"version-history":[{"count":1,"href":"https:\/\/laurbedigital.com.ar\/noticias\/wp-json\/wp\/v2\/posts\/123686\/revisions"}],"predecessor-version":[{"id":123687,"href":"https:\/\/laurbedigital.com.ar\/noticias\/wp-json\/wp\/v2\/posts\/123686\/revisions\/123687"}],"wp:featuredmedia":[{"embeddable":true,"href":"https:\/\/laurbedigital.com.ar\/noticias\/wp-json\/wp\/v2\/media\/99187"}],"wp:attachment":[{"href":"https:\/\/laurbedigital.com.ar\/noticias\/wp-json\/wp\/v2\/media?parent=123686"}],"wp:term":[{"taxonomy":"category","embeddable":true,"href":"https:\/\/laurbedigital.com.ar\/noticias\/wp-json\/wp\/v2\/categories?post=123686"},{"taxonomy":"post_tag","embeddable":true,"href":"https:\/\/laurbedigital.com.ar\/noticias\/wp-json\/wp\/v2\/tags?post=123686"}],"curies":[{"name":"wp","href":"https:\/\/api.w.org\/{rel}","templated":true}]}}