{"id":123680,"date":"2026-01-28T02:28:55","date_gmt":"2026-01-28T05:28:55","guid":{"rendered":"https:\/\/laurbedigital.com.ar\/noticias\/?p=123680"},"modified":"2026-01-28T02:28:55","modified_gmt":"2026-01-28T05:28:55","slug":"monotributo-2026-arca-fijo-el-plazo-para-la-recategorizacion-y-actualizo-los-valores","status":"publish","type":"post","link":"https:\/\/laurbedigital.com.ar\/noticias\/2026\/01\/28\/monotributo-2026-arca-fijo-el-plazo-para-la-recategorizacion-y-actualizo-los-valores\/","title":{"rendered":"Monotributo 2026: ARCA fij\u00f3 el plazo para la recategorizaci\u00f3n y actualiz\u00f3 los valores"},"content":{"rendered":"<p data-path-to-node=\"5\">La Agencia de Recaudaci\u00f3n y Control Aduanero (ARCA) \u2014ex AFIP\u2014 oficializ\u00f3 el cronograma para el primer per\u00edodo de recategorizaci\u00f3n del <b data-path-to-node=\"5\" data-index-in-node=\"134\">Monotributo<\/b> en 2026. Los contribuyentes tienen tiempo hasta el pr\u00f3ximo <b data-path-to-node=\"5\" data-index-in-node=\"205\">5 de febrero<\/b> para evaluar su situaci\u00f3n fiscal y determinar si deben modificar su escala en el r\u00e9gimen simplificado. El ajuste, que surge de la variaci\u00f3n del \u00cdndice de Precios al Consumidor (IPC) del segundo semestre de 2025, contempla una actualizaci\u00f3n estimada del 14,3% en los topes de facturaci\u00f3n y en los montos de las cuotas mensuales.<\/p>\n<h3 data-path-to-node=\"7\">Qui\u00e9nes deben realizar el tr\u00e1mite<\/h3>\n<p data-path-to-node=\"8\">La recategorizaci\u00f3n es un procedimiento obligatorio para aquellos trabajadores independientes y peque\u00f1os comercios que hayan registrado cambios en sus niveles de actividad durante el \u00faltimo a\u00f1o. \u00abPara determinar si corresponde el cambio, el contribuyente debe analizar sus ingresos brutos devengados en el a\u00f1o calendario anterior\u00bb, explica la contadora Valeria D\u00edaz, especialista en tributaci\u00f3n.<\/p>\n<p data-path-to-node=\"9\">Sin embargo, los ingresos no son el \u00fanico factor. Tambi\u00e9n se deben verificar los siguientes par\u00e1metros:<\/p>\n<ul data-path-to-node=\"10\">\n<li>\n<p data-path-to-node=\"10,0,0\"><b data-path-to-node=\"10,0,0\" data-index-in-node=\"0\">Superficie afectada:<\/b> Metros cuadrados del local u oficina.<\/p>\n<\/li>\n<li>\n<p data-path-to-node=\"10,1,0\"><b data-path-to-node=\"10,1,0\" data-index-in-node=\"0\">Energ\u00eda el\u00e9ctrica consumida:<\/b> Kilovatios utilizados en la actividad.<\/p>\n<\/li>\n<li>\n<p data-path-to-node=\"10,2,0\"><b data-path-to-node=\"10,2,0\" data-index-in-node=\"0\">Alquileres devengados:<\/b> Monto anual pagado por el espacio de trabajo.<\/p>\n<\/li>\n<li>\n<p data-path-to-node=\"10,3,0\"><b data-path-to-node=\"10,3,0\" data-index-in-node=\"0\">Precio unitario de venta:<\/b> Para quienes venden bienes muebles, el tope por art\u00edculo se fij\u00f3 en $613.492.<\/p>\n<\/li>\n<\/ul>\n<p data-path-to-node=\"11\">Si el contribuyente lleva menos de seis meses en el r\u00e9gimen, no est\u00e1 obligado a recategorizarse. Si tiene entre seis y doce meses, deber\u00e1 anualizar sus valores para realizar el c\u00e1lculo correcto frente a la nueva tabla de febrero 2026.<\/p>\n<h3 data-path-to-node=\"12\">Escalas y nuevos valores de las cuotas<\/h3>\n<p data-path-to-node=\"13\">A partir de febrero, las cuotas mensuales sufrir\u00e1n un incremento que impactar\u00e1 en el bolsillo de los monotributistas. A continuaci\u00f3n, se detallan los montos totales (incluyendo impuesto, jubilaci\u00f3n y obra social):<\/p>\n<table data-path-to-node=\"14\">\n<thead>\n<tr>\n<td><strong>Categor\u00eda<\/strong><\/td>\n<td><strong>Servicios<\/strong><\/td>\n<td><strong>Bienes Muebles<\/strong><\/td>\n<\/tr>\n<\/thead>\n<tbody>\n<tr>\n<td><span data-path-to-node=\"14,1,0,0\"><b data-path-to-node=\"14,1,0,0\" data-index-in-node=\"0\">A<\/b><\/span><\/td>\n<td><span data-path-to-node=\"14,1,1,0\">$42.386,74<\/span><\/td>\n<td><span data-path-to-node=\"14,1,2,0\">$42.386,74<\/span><\/td>\n<\/tr>\n<tr>\n<td><span data-path-to-node=\"14,2,0,0\"><b data-path-to-node=\"14,2,0,0\" data-index-in-node=\"0\">B<\/b><\/span><\/td>\n<td><span data-path-to-node=\"14,2,1,0\">$48.250,78<\/span><\/td>\n<td><span data-path-to-node=\"14,2,2,0\">$48.250,78<\/span><\/td>\n<\/tr>\n<tr>\n<td><span data-path-to-node=\"14,3,0,0\"><b data-path-to-node=\"14,3,0,0\" data-index-in-node=\"0\">C<\/b><\/span><\/td>\n<td><span data-path-to-node=\"14,3,1,0\">$56.501,85<\/span><\/td>\n<td><span data-path-to-node=\"14,3,2,0\">$55.227,06<\/span><\/td>\n<\/tr>\n<tr>\n<td><span data-path-to-node=\"14,4,0,0\"><b data-path-to-node=\"14,4,0,0\" data-index-in-node=\"0\">D<\/b><\/span><\/td>\n<td><span data-path-to-node=\"14,4,1,0\">$72.414,10<\/span><\/td>\n<td><span data-path-to-node=\"14,4,2,0\">$70.661,26<\/span><\/td>\n<\/tr>\n<tr>\n<td><span data-path-to-node=\"14,5,0,0\"><b data-path-to-node=\"14,5,0,0\" data-index-in-node=\"0\">H<\/b><\/span><\/td>\n<td><span data-path-to-node=\"14,5,1,0\">$447.346,93<\/span><\/td>\n<td><span data-path-to-node=\"14,5,2,0\">$272.063,40<\/span><\/td>\n<\/tr>\n<tr>\n<td><span data-path-to-node=\"14,6,0,0\"><b data-path-to-node=\"14,6,0,0\" data-index-in-node=\"0\">K<\/b><\/span><\/td>\n<td><span data-path-to-node=\"14,6,1,0\">$1.381.687,90<\/span><\/td>\n<td><span data-path-to-node=\"14,6,2,0\">$600.879,51<\/span><\/td>\n<\/tr>\n<\/tbody>\n<\/table>\n<p data-path-to-node=\"15\"><i data-path-to-node=\"15\" data-index-in-node=\"0\">Nota: Los montos pueden variar seg\u00fan el componente provincial (Monotributo Unificado) de cada jurisdicci\u00f3n.<\/i><\/p>\n<h3 data-path-to-node=\"16\">El riesgo de la omisi\u00f3n y las multas de ARCA<\/h3>\n<p data-path-to-node=\"17\">Ignorar el vencimiento del 5 de febrero puede acarrear severas complicaciones. En caso de no realizar el tr\u00e1mite, el organismo asume que el contribuyente se mantiene en la categor\u00eda actual. No obstante, si ARCA detecta inconsistencias mediante cruces de datos (gastos con tarjeta de cr\u00e9dito, movimientos bancarios o facturaci\u00f3n emitida), proceder\u00e1 a la <b data-path-to-node=\"17\" data-index-in-node=\"353\">recategorizaci\u00f3n de oficio<\/b>.<\/p>\n<p data-path-to-node=\"18\">\u00abSi el organismo act\u00faa de oficio, puede aplicar sanciones de hasta el 50% del impuesto integrado y de la cotizaci\u00f3n previsional omitida\u00bb, advierte D\u00edaz. Estas multas tienen efecto retroactivo al momento en que debi\u00f3 producirse el cambio, generando una deuda acumulada con intereses punitorios. El tr\u00e1mite puede gestionarse a trav\u00e9s de la web oficial con clave fiscal o mediante la aplicaci\u00f3n ARCA M\u00f3vil, simplificando el cumplimiento antes de la fecha l\u00edmite.<\/p>\n","protected":false},"excerpt":{"rendered":"<p>La Agencia de Recaudaci\u00f3n y Control Aduanero (ARCA) \u2014ex AFIP\u2014 oficializ\u00f3 el cronograma para el primer per\u00edodo de recategorizaci\u00f3n del<\/p>\n","protected":false},"author":1,"featured_media":113031,"comment_status":"closed","ping_status":"closed","sticky":false,"template":"","format":"standard","meta":{"kia_subtitle":"El organismo estableci\u00f3 el 5 de febrero como fecha l\u00edmite para el tr\u00e1mite obligatorio. Los par\u00e1metros del r\u00e9gimen aumentan un 14,3% y se renovaron las cuotas mensuales.","footnotes":"","jetpack_publicize_message":"","jetpack_publicize_feature_enabled":true,"jetpack_social_post_already_shared":true,"jetpack_social_options":{"image_generator_settings":{"template":"highway","default_image_id":0,"font":"","enabled":false},"version":2}},"categories":[3,41],"tags":[2576],"class_list":["post-123680","post","type-post","status-publish","format-standard","has-post-thumbnail","hentry","category-actualidad","category-nacionales","tag-monotributo"],"jetpack_publicize_connections":[],"jetpack_featured_media_url":"https:\/\/laurbedigital.com.ar\/noticias\/wp-content\/uploads\/2025\/02\/20250203-arca-monotributo.jpg","_links":{"self":[{"href":"https:\/\/laurbedigital.com.ar\/noticias\/wp-json\/wp\/v2\/posts\/123680","targetHints":{"allow":["GET"]}}],"collection":[{"href":"https:\/\/laurbedigital.com.ar\/noticias\/wp-json\/wp\/v2\/posts"}],"about":[{"href":"https:\/\/laurbedigital.com.ar\/noticias\/wp-json\/wp\/v2\/types\/post"}],"author":[{"embeddable":true,"href":"https:\/\/laurbedigital.com.ar\/noticias\/wp-json\/wp\/v2\/users\/1"}],"replies":[{"embeddable":true,"href":"https:\/\/laurbedigital.com.ar\/noticias\/wp-json\/wp\/v2\/comments?post=123680"}],"version-history":[{"count":1,"href":"https:\/\/laurbedigital.com.ar\/noticias\/wp-json\/wp\/v2\/posts\/123680\/revisions"}],"predecessor-version":[{"id":123681,"href":"https:\/\/laurbedigital.com.ar\/noticias\/wp-json\/wp\/v2\/posts\/123680\/revisions\/123681"}],"wp:featuredmedia":[{"embeddable":true,"href":"https:\/\/laurbedigital.com.ar\/noticias\/wp-json\/wp\/v2\/media\/113031"}],"wp:attachment":[{"href":"https:\/\/laurbedigital.com.ar\/noticias\/wp-json\/wp\/v2\/media?parent=123680"}],"wp:term":[{"taxonomy":"category","embeddable":true,"href":"https:\/\/laurbedigital.com.ar\/noticias\/wp-json\/wp\/v2\/categories?post=123680"},{"taxonomy":"post_tag","embeddable":true,"href":"https:\/\/laurbedigital.com.ar\/noticias\/wp-json\/wp\/v2\/tags?post=123680"}],"curies":[{"name":"wp","href":"https:\/\/api.w.org\/{rel}","templated":true}]}}