{"id":123678,"date":"2026-01-28T02:25:11","date_gmt":"2026-01-28T05:25:11","guid":{"rendered":"https:\/\/laurbedigital.com.ar\/noticias\/?p=123678"},"modified":"2026-01-28T02:25:11","modified_gmt":"2026-01-28T05:25:11","slug":"el-indicador-mas-sensible-la-mortalidad-infantil-vuelve-a-subir-tras-anos-de-descenso","status":"publish","type":"post","link":"https:\/\/laurbedigital.com.ar\/noticias\/2026\/01\/28\/el-indicador-mas-sensible-la-mortalidad-infantil-vuelve-a-subir-tras-anos-de-descenso\/","title":{"rendered":"El indicador m\u00e1s sensible: la mortalidad infantil vuelve a subir tras a\u00f1os de descenso"},"content":{"rendered":"<p data-path-to-node=\"5\">La salud p\u00fablica argentina enfrenta un retroceso cr\u00edtico en uno de sus indicadores m\u00e1s determinantes. Seg\u00fan el \u00faltimo bolet\u00edn de la Direcci\u00f3n de Estad\u00edsticas e Informaci\u00f3n de Salud (DEIS), la <b data-path-to-node=\"5\" data-index-in-node=\"192\">tasa de mortalidad infantil<\/b> (TMI) sufri\u00f3 un incremento de 0,5 puntos, pasando del 8 por mil registrado en 2023 \u2014la cifra m\u00e1s baja de la historia\u2014 a un 8,5 por mil en 2024. Este indicador, que mide las defunciones de menores de un a\u00f1o por cada mil nacidos vivos, es considerado por especialistas como el term\u00f3metro m\u00e1s fiel del bienestar social, la nutrici\u00f3n y el acceso real al sistema sanitario de un pa\u00eds.<\/p>\n<h3 data-path-to-node=\"7\">Cifras que exponen la crisis<\/h3>\n<p data-path-to-node=\"8\">El an\u00e1lisis del anuario de Estad\u00edsticas Vitales revela una paradoja preocupante: a pesar de que el n\u00famero total de nacimientos cay\u00f3 significativamente (hubo 47.767 nacidos vivos menos en 2024 respecto al a\u00f1o anterior), la proporci\u00f3n de muertes aument\u00f3. Durante 2024, se registraron 3.513 fallecimientos sobre un total de 413.135 nacimientos.<\/p>\n<p data-path-to-node=\"9\">Los expertos advierten que, de haberse mantenido el nivel de natalidad de 2023, la cifra de decesos infantiles habr\u00eda escalado con 220 muertes adicionales. Este salto estad\u00edstico refleja una ruptura en las barreras de protecci\u00f3n primaria que el Estado debe garantizar: vacunaci\u00f3n, acceso a agua potable y control nutricional.<\/p>\n<h3 data-path-to-node=\"10\">Causas evitables y falta de intervenci\u00f3n<\/h3>\n<p data-path-to-node=\"11\">La mortalidad infantil no es un fen\u00f3meno homog\u00e9neo; se divide en causas inevitables y reducibles. Es en este \u00faltimo grupo donde se observa el mayor impacto de la crisis actual. La epidemi\u00f3loga Alicia Stolkiner se\u00f1ala que gran parte de estos fallecimientos se deben a factores \u00abreducibles en mortalidad perinatal\u00bb y \u00abreducibles en el parto\u00bb, lo que traduce directamente una falla en la calidad de la atenci\u00f3n m\u00e9dica y el seguimiento del embarazo.<\/p>\n<p data-path-to-node=\"12\">En el caso de la mortalidad post-neonatal (desde los 28 d\u00edas hasta el a\u00f1o de vida), las causas prevenibles mediante cuidados primarios y medidas secundarias ocupan los primeros lugares. El deterioro de las condiciones de vida, sumado a la fragmentaci\u00f3n de los servicios de salud, ha creado un escenario donde enfermedades antes controladas o complicaciones manejables vuelven a ser fatales.<\/p>\n<h3 data-path-to-node=\"13\">Un sistema bajo presi\u00f3n<\/h3>\n<p data-path-to-node=\"14\">El incremento de la <b data-path-to-node=\"14\" data-index-in-node=\"20\">tasa de mortalidad infantil<\/b> no puede disociarse del contexto macroecon\u00f3mico. El ajuste en las partidas presupuestarias destinadas a la salud primaria y la desarticulaci\u00f3n de programas de asistencia directa en barrios vulnerables han dejado a miles de familias fuera del radar sanitario.<\/p>\n<p data-path-to-node=\"15\">La nutrici\u00f3n insuficiente y las deficiencias en el saneamiento ambiental act\u00faan como multiplicadores de riesgo. Cuando las intervenciones de alta complejidad fallan o no llegan a tiempo, y cuando el primer nivel de atenci\u00f3n se ve desbordado, el indicador m\u00e1s sensible de la sociedad es el primero en sangrar. Este aumento del 0,5 por mil no es solo una cifra estad\u00edstica; es una se\u00f1al de alerta sobre el debilitamiento del tejido social argentino.<\/p>\n","protected":false},"excerpt":{"rendered":"<p>La salud p\u00fablica argentina enfrenta un retroceso cr\u00edtico en uno de sus indicadores m\u00e1s determinantes. Seg\u00fan el \u00faltimo bolet\u00edn de<\/p>\n","protected":false},"author":1,"featured_media":123674,"comment_status":"closed","ping_status":"closed","sticky":false,"template":"","format":"standard","meta":{"kia_subtitle":"La tasa de mortalidad infantil en Argentina escal\u00f3 al 8,5 por mil en 2024, revirtiendo la tendencia hist\u00f3rica a la baja y encendiendo alarmas sobre el deterioro en las condiciones de vida.","footnotes":"","jetpack_publicize_message":"","jetpack_publicize_feature_enabled":true,"jetpack_social_post_already_shared":true,"jetpack_social_options":{"image_generator_settings":{"template":"highway","default_image_id":0,"font":"","enabled":false},"version":2}},"categories":[3,41],"tags":[],"class_list":["post-123678","post","type-post","status-publish","format-standard","has-post-thumbnail","hentry","category-actualidad","category-nacionales"],"jetpack_publicize_connections":[],"jetpack_featured_media_url":"https:\/\/laurbedigital.com.ar\/noticias\/wp-content\/uploads\/2026\/01\/20260128-BEBE.jpg","_links":{"self":[{"href":"https:\/\/laurbedigital.com.ar\/noticias\/wp-json\/wp\/v2\/posts\/123678","targetHints":{"allow":["GET"]}}],"collection":[{"href":"https:\/\/laurbedigital.com.ar\/noticias\/wp-json\/wp\/v2\/posts"}],"about":[{"href":"https:\/\/laurbedigital.com.ar\/noticias\/wp-json\/wp\/v2\/types\/post"}],"author":[{"embeddable":true,"href":"https:\/\/laurbedigital.com.ar\/noticias\/wp-json\/wp\/v2\/users\/1"}],"replies":[{"embeddable":true,"href":"https:\/\/laurbedigital.com.ar\/noticias\/wp-json\/wp\/v2\/comments?post=123678"}],"version-history":[{"count":1,"href":"https:\/\/laurbedigital.com.ar\/noticias\/wp-json\/wp\/v2\/posts\/123678\/revisions"}],"predecessor-version":[{"id":123679,"href":"https:\/\/laurbedigital.com.ar\/noticias\/wp-json\/wp\/v2\/posts\/123678\/revisions\/123679"}],"wp:featuredmedia":[{"embeddable":true,"href":"https:\/\/laurbedigital.com.ar\/noticias\/wp-json\/wp\/v2\/media\/123674"}],"wp:attachment":[{"href":"https:\/\/laurbedigital.com.ar\/noticias\/wp-json\/wp\/v2\/media?parent=123678"}],"wp:term":[{"taxonomy":"category","embeddable":true,"href":"https:\/\/laurbedigital.com.ar\/noticias\/wp-json\/wp\/v2\/categories?post=123678"},{"taxonomy":"post_tag","embeddable":true,"href":"https:\/\/laurbedigital.com.ar\/noticias\/wp-json\/wp\/v2\/tags?post=123678"}],"curies":[{"name":"wp","href":"https:\/\/api.w.org\/{rel}","templated":true}]}}