{"id":123671,"date":"2026-01-28T02:22:56","date_gmt":"2026-01-28T05:22:56","guid":{"rendered":"https:\/\/laurbedigital.com.ar\/noticias\/?p=123671"},"modified":"2026-01-28T02:22:56","modified_gmt":"2026-01-28T05:22:56","slug":"la-recaudacion-cayo-25-billones-en-2025-el-peor-periodo-fiscal-en-siete-anos","status":"publish","type":"post","link":"https:\/\/laurbedigital.com.ar\/noticias\/2026\/01\/28\/la-recaudacion-cayo-25-billones-en-2025-el-peor-periodo-fiscal-en-siete-anos\/","title":{"rendered":"La recaudaci\u00f3n cay\u00f3 2,5 billones en 2025: el peor periodo fiscal en siete a\u00f1os"},"content":{"rendered":"<p data-path-to-node=\"5\">La econom\u00eda argentina atraviesa una de las crisis fiscales m\u00e1s profundas de la \u00faltima d\u00e9cada. Seg\u00fan el \u00faltimo informe del Instituto Argentino de An\u00e1lisis Fiscal (Iaraf), la <b data-path-to-node=\"5\" data-index-in-node=\"173\">recaudaci\u00f3n<\/b> tributaria nacional de 2025 registr\u00f3 una ca\u00edda de 2,5 billones de pesos en t\u00e9rminos reales respecto al a\u00f1o anterior. Este retroceso no solo marca el peor desempe\u00f1o fiscal en siete a\u00f1os, sino que consolida un proceso de desfinanciamiento estatal que acumula 12 billones de pesos desde el inicio de la gesti\u00f3n de Javier Milei en diciembre de 2023. El modelo, basado en la reducci\u00f3n de grav\u00e1menes a sectores concentrados, ha forzado recortes dr\u00e1sticos en salud, educaci\u00f3n y previsi\u00f3n social para sostener el equilibrio financiero.<\/p>\n<h3 data-path-to-node=\"7\">Un desbalance estructural en las arcas p\u00fablicas<\/h3>\n<p data-path-to-node=\"8\">El informe del Iaraf desglosa una din\u00e1mica preocupante: la p\u00e9rdida de recursos no ha sido accidental, sino el resultado de una pol\u00edtica deliberada de desgravaci\u00f3n. Durante el \u00faltimo bienio, la eliminaci\u00f3n o reducci\u00f3n de m\u00e1s de 19 impuestos \u2014que benefician primordialmente a corporaciones y grandes contribuyentes\u2014 gener\u00f3 un bache fiscal que los tributos vinculados al consumo no lograron compensar.<\/p>\n<p data-path-to-node=\"9\">El principal factor de esta sangr\u00eda fue la eliminaci\u00f3n del impuesto PAIS, que represent\u00f3 una p\u00e9rdida de 10,5 billones de pesos. A esto se sumaron las ca\u00eddas en los derechos de exportaci\u00f3n (1,5 billones) y en Bienes Personales (1,1 billones). En contraste, el IVA, un impuesto que recae de manera desproporcionada sobre los hogares de menores ingresos, se mantuvo como uno de los pilares de la estructura tributaria, evidenciando una regresividad creciente en el sistema.<\/p>\n<h3 data-path-to-node=\"10\">El impacto federal y la recaudaci\u00f3n per c\u00e1pita<\/h3>\n<p data-path-to-node=\"11\">Uno de los datos m\u00e1s reveladores del an\u00e1lisis es la distribuci\u00f3n de la p\u00e9rdida de ingresos. Aunque la presi\u00f3n tributaria total descendi\u00f3 del 22,4% del PIB en 2023 al 21,4% en 2025, el Estado Nacional no absorbi\u00f3 el impacto principal. El 92% de esta baja fue trasladado a las provincias y a la Ciudad Aut\u00f3noma de Buenos Aires a trav\u00e9s de la reducci\u00f3n de la masa coparticipable.<\/p>\n<p data-path-to-node=\"12\">Esto ha dejado a los gobernadores en una situaci\u00f3n l\u00edmite, oblig\u00e1ndolos a replicar el ajuste nacional en sus jurisdicciones. \u00abLa recaudaci\u00f3n real por habitante de 2025 fue la menor de los \u00faltimos siete a\u00f1os\u00bb, sentencia el Iaraf. En t\u00e9rminos pr\u00e1cticos, la recaudaci\u00f3n por habitante se ubic\u00f3 un 13,7% por debajo del m\u00e1ximo alcanzado en 2022, lo que reduce la capacidad de respuesta del Estado en servicios b\u00e1sicos esenciales.<\/p>\n<h3 data-path-to-node=\"13\">El ajuste social como variable de ajuste<\/h3>\n<p data-path-to-node=\"14\">Para compensar la ca\u00edda de ingresos y mantener el super\u00e1vit fiscal, el Gobierno ha profundizado el recorte en partidas de alta sensibilidad social. El presupuesto de 2025 reflej\u00f3 esta realidad:<\/p>\n<ul data-path-to-node=\"15\">\n<li>\n<p data-path-to-node=\"15,0,0\"><b data-path-to-node=\"15,0,0\" data-index-in-node=\"0\">Salud:<\/b> Se registraron disminuciones reales en programas de financiamiento hospitalario y en el presupuesto del Instituto Nacional del C\u00e1ncer.<\/p>\n<\/li>\n<li>\n<p data-path-to-node=\"15,1,0\"><b data-path-to-node=\"15,1,0\" data-index-in-node=\"0\">Educaci\u00f3n:<\/b> El sector sufri\u00f3 una ca\u00edda del 44% respecto a los niveles de 2023. A pesar de las leyes de financiamiento universitario logradas tras la presi\u00f3n legislativa, la ejecuci\u00f3n real sigue por debajo de las necesidades inflacionarias.<\/p>\n<\/li>\n<li>\n<p data-path-to-node=\"15,2,0\"><b data-path-to-node=\"15,2,0\" data-index-in-node=\"0\">Ciencia y Tecnolog\u00eda:<\/b> Pese a los anuncios oficiales, las partidas se han licuado en t\u00e9rminos reales, comprometiendo proyectos de investigaci\u00f3n a largo plazo.<\/p>\n<\/li>\n<\/ul>\n<h3 data-path-to-node=\"16\">El c\u00edrculo vicioso de la recesi\u00f3n<\/h3>\n<p data-path-to-node=\"17\">El esquema econ\u00f3mico actual parece haber entrado en un callej\u00f3n sin salida. La reducci\u00f3n de impuestos a los sectores exportadores y concentrados no se tradujo en un shock de inversi\u00f3n que reactivara la econom\u00eda. Por el contrario, el atraso cambiario y la ca\u00edda del consumo interno han deprimido la actividad, lo que a su vez genera una menor <b data-path-to-node=\"17\" data-index-in-node=\"342\">recaudaci\u00f3n<\/b> por IVA y Ganancias, forzando una nueva ronda de ajustes para cumplir con las metas fiscales.<\/p>\n<p data-path-to-node=\"18\">Hacia el futuro, el panorama no ofrece se\u00f1ales de alivio. Las proyecciones para 2026 incluyen nuevas reformas tributarias que prev\u00e9n reducciones en contribuciones patronales y al\u00edcuotas de Ganancias corporativas, con una p\u00e9rdida estimada adicional del 0,8% del PIB. Sin una recuperaci\u00f3n genuina del consumo y la actividad productiva, el equilibrio fiscal seguir\u00e1 dependiendo exclusivamente de la poda sobre la seguridad social y los servicios p\u00fablicos, un modelo que muestra signos evidentes de agotamiento social y econ\u00f3mico.<\/p>\n","protected":false},"excerpt":{"rendered":"<p>La econom\u00eda argentina atraviesa una de las crisis fiscales m\u00e1s profundas de la \u00faltima d\u00e9cada. Seg\u00fan el \u00faltimo informe del<\/p>\n","protected":false},"author":1,"featured_media":123673,"comment_status":"closed","ping_status":"closed","sticky":false,"template":"","format":"standard","meta":{"kia_subtitle":"La recaudaci\u00f3n tributaria argentina sufri\u00f3 una ca\u00edda real de 2,5 billones de pesos en 2025, impulsada por la eliminaci\u00f3n de impuestos clave y una recesi\u00f3n que desfinancia \u00e1reas sensibles del Estado.","footnotes":"","jetpack_publicize_message":"","jetpack_publicize_feature_enabled":true,"jetpack_social_post_already_shared":true,"jetpack_social_options":{"image_generator_settings":{"template":"highway","default_image_id":0,"font":"","enabled":false},"version":2}},"categories":[3,41],"tags":[2606],"class_list":["post-123671","post","type-post","status-publish","format-standard","has-post-thumbnail","hentry","category-actualidad","category-nacionales","tag-arca"],"jetpack_publicize_connections":[],"jetpack_featured_media_url":"https:\/\/laurbedigital.com.ar\/noticias\/wp-content\/uploads\/2026\/01\/20260128-ARCA.jpg","_links":{"self":[{"href":"https:\/\/laurbedigital.com.ar\/noticias\/wp-json\/wp\/v2\/posts\/123671","targetHints":{"allow":["GET"]}}],"collection":[{"href":"https:\/\/laurbedigital.com.ar\/noticias\/wp-json\/wp\/v2\/posts"}],"about":[{"href":"https:\/\/laurbedigital.com.ar\/noticias\/wp-json\/wp\/v2\/types\/post"}],"author":[{"embeddable":true,"href":"https:\/\/laurbedigital.com.ar\/noticias\/wp-json\/wp\/v2\/users\/1"}],"replies":[{"embeddable":true,"href":"https:\/\/laurbedigital.com.ar\/noticias\/wp-json\/wp\/v2\/comments?post=123671"}],"version-history":[{"count":1,"href":"https:\/\/laurbedigital.com.ar\/noticias\/wp-json\/wp\/v2\/posts\/123671\/revisions"}],"predecessor-version":[{"id":123677,"href":"https:\/\/laurbedigital.com.ar\/noticias\/wp-json\/wp\/v2\/posts\/123671\/revisions\/123677"}],"wp:featuredmedia":[{"embeddable":true,"href":"https:\/\/laurbedigital.com.ar\/noticias\/wp-json\/wp\/v2\/media\/123673"}],"wp:attachment":[{"href":"https:\/\/laurbedigital.com.ar\/noticias\/wp-json\/wp\/v2\/media?parent=123671"}],"wp:term":[{"taxonomy":"category","embeddable":true,"href":"https:\/\/laurbedigital.com.ar\/noticias\/wp-json\/wp\/v2\/categories?post=123671"},{"taxonomy":"post_tag","embeddable":true,"href":"https:\/\/laurbedigital.com.ar\/noticias\/wp-json\/wp\/v2\/tags?post=123671"}],"curies":[{"name":"wp","href":"https:\/\/api.w.org\/{rel}","templated":true}]}}