{"id":12367,"date":"2018-03-28T16:48:58","date_gmt":"2018-03-28T19:48:58","guid":{"rendered":"http:\/\/laurbedigital.com.ar\/noticias\/?p=12367"},"modified":"2018-03-28T16:48:58","modified_gmt":"2018-03-28T19:48:58","slug":"aumento-la-canasta-basica-total-3-febrero","status":"publish","type":"post","link":"https:\/\/laurbedigital.com.ar\/noticias\/2018\/03\/28\/aumento-la-canasta-basica-total-3-febrero\/","title":{"rendered":"Aument\u00f3 la canasta b\u00e1sica total un 3% durante febrero"},"content":{"rendered":"<p>Se trata de la canasta que contempla el precio de los alimentos, as\u00ed como las tarifas de los servicios p\u00fablicos<\/p>\n<p>En esa l\u00ednea, tambi\u00e9n se registr\u00f3 una suba significativa en la canasta b\u00e1sica alimentaria. Una pareja con dos hijos necesit\u00f3 en febrero contar con ingresos por $ 17.537,88 para no caer debajo de la l\u00ednea de pobreza.<\/p>\n<p>El costo de la canasta b\u00e1sica alimentaria (CBA) aument\u00f3 en febrero 2,9%, en medio de los ajustes y tarifazos varios que ya prepara el Gobierno de Macri para el invierno. Los n\u00fameros corresponden al informe realizado por el Instituto Nacional de Estad\u00edstica y Censos (Indec).<\/p>\n<p>En este sentido, una familia tipo (una pareja con dos hijos) necesit\u00f3 en febrero $ 6.987,20 para comprar la cantidad m\u00ednima de alimentos y no caer en situaci\u00f3n de indigencia.<\/p>\n<p>En tanto, la canasta b\u00e1sica total, que adem\u00e1s de los precios de los alimentos incluye a tarifas de servicios p\u00fablicos, registr\u00f3 en febrero un aumento del 3,3%, por lo que la misma familia tipo necesit\u00f3 contar con ingresos por $ 17.537,88 para no caer debajo de la l\u00ednea de pobreza.<\/p>\n","protected":false},"excerpt":{"rendered":"<p>Se trata de la canasta que contempla el precio de los alimentos, as\u00ed como las tarifas de los servicios p\u00fablicos<\/p>\n","protected":false},"author":1,"featured_media":12368,"comment_status":"closed","ping_status":"closed","sticky":false,"template":"","format":"standard","meta":{"kia_subtitle":"","footnotes":"","jetpack_publicize_message":"","jetpack_publicize_feature_enabled":true,"jetpack_social_post_already_shared":true,"jetpack_social_options":{"image_generator_settings":{"template":"highway","default_image_id":0,"font":"","enabled":false},"version":2}},"categories":[3,41],"tags":[],"class_list":["post-12367","post","type-post","status-publish","format-standard","has-post-thumbnail","hentry","category-actualidad","category-nacionales"],"jetpack_publicize_connections":[],"jetpack_featured_media_url":"https:\/\/laurbedigital.com.ar\/noticias\/wp-content\/uploads\/2018\/03\/20180328-nac.jpg","_links":{"self":[{"href":"https:\/\/laurbedigital.com.ar\/noticias\/wp-json\/wp\/v2\/posts\/12367","targetHints":{"allow":["GET"]}}],"collection":[{"href":"https:\/\/laurbedigital.com.ar\/noticias\/wp-json\/wp\/v2\/posts"}],"about":[{"href":"https:\/\/laurbedigital.com.ar\/noticias\/wp-json\/wp\/v2\/types\/post"}],"author":[{"embeddable":true,"href":"https:\/\/laurbedigital.com.ar\/noticias\/wp-json\/wp\/v2\/users\/1"}],"replies":[{"embeddable":true,"href":"https:\/\/laurbedigital.com.ar\/noticias\/wp-json\/wp\/v2\/comments?post=12367"}],"version-history":[{"count":1,"href":"https:\/\/laurbedigital.com.ar\/noticias\/wp-json\/wp\/v2\/posts\/12367\/revisions"}],"predecessor-version":[{"id":12369,"href":"https:\/\/laurbedigital.com.ar\/noticias\/wp-json\/wp\/v2\/posts\/12367\/revisions\/12369"}],"wp:featuredmedia":[{"embeddable":true,"href":"https:\/\/laurbedigital.com.ar\/noticias\/wp-json\/wp\/v2\/media\/12368"}],"wp:attachment":[{"href":"https:\/\/laurbedigital.com.ar\/noticias\/wp-json\/wp\/v2\/media?parent=12367"}],"wp:term":[{"taxonomy":"category","embeddable":true,"href":"https:\/\/laurbedigital.com.ar\/noticias\/wp-json\/wp\/v2\/categories?post=12367"},{"taxonomy":"post_tag","embeddable":true,"href":"https:\/\/laurbedigital.com.ar\/noticias\/wp-json\/wp\/v2\/tags?post=12367"}],"curies":[{"name":"wp","href":"https:\/\/api.w.org\/{rel}","templated":true}]}}