{"id":123668,"date":"2026-01-28T02:20:04","date_gmt":"2026-01-28T05:20:04","guid":{"rendered":"https:\/\/laurbedigital.com.ar\/noticias\/?p=123668"},"modified":"2026-01-28T02:20:04","modified_gmt":"2026-01-28T05:20:04","slug":"dia-internacional-de-la-proteccion-de-datos","status":"publish","type":"post","link":"https:\/\/laurbedigital.com.ar\/noticias\/2026\/01\/28\/dia-internacional-de-la-proteccion-de-datos\/","title":{"rendered":"D\u00eda Internacional de la Protecci\u00f3n de Datos: la privacidad como el activo m\u00e1s valioso de 2026"},"content":{"rendered":"<p>Hoy, mi\u00e9rcoles 28 de enero de 2026, el mundo celebra el <b data-path-to-node=\"5\" data-index-in-node=\"56\">D\u00eda Internacional de la Protecci\u00f3n de Datos Personales<\/b>. La fecha, establecida originalmente en 1981 por el Consejo de Europa con la firma del Convenio 108, adquiere hoy una relevancia cr\u00edtica. En una era donde la Inteligencia Artificial y la recolecci\u00f3n masiva de informaci\u00f3n moldean el consumo y la opini\u00f3n p\u00fablica, proteger la privacidad ha dejado de ser una opci\u00f3n t\u00e9cnica para convertirse en un derecho humano fundamental y una herramienta de defensa ante el cibercrimen.<\/p>\n<h3 data-path-to-node=\"7\">Por qu\u00e9 tus datos son el nuevo \u00aboro\u00bb<\/h3>\n<p data-path-to-node=\"8\">La informaci\u00f3n personal \u2014desde el historial de compras hasta los datos biom\u00e9tricos o de ubicaci\u00f3n\u2014 posee un valor inmenso para las corporaciones y los actores malintencionados. De acuerdo con informes recientes de ciberseguridad para 2026, los incidentes de robo de identidad y fraudes financieros han escalado debido a la sofisticaci\u00f3n de los ataques de <i data-path-to-node=\"8\" data-index-in-node=\"355\">phishing<\/i> asistidos por IA.<\/p>\n<p data-path-to-node=\"9\">El objetivo de esta efem\u00e9ride es recordar a la ciudadan\u00eda que sus datos \u00abson solo suyos\u00bb. En Argentina, la Agencia de Acceso a la Informaci\u00f3n P\u00fablica (AAIP) ha intensificado las campa\u00f1as para que los usuarios conozcan sus derechos, especialmente el de acceso, rectificaci\u00f3n y supresi\u00f3n de informaci\u00f3n, amparados por la Ley 25.326.<\/p>\n<h3 data-path-to-node=\"10\">Gu\u00eda de supervivencia digital: 5 pasos clave para 2026<\/h3>\n<p data-path-to-node=\"11\">Expertos en seguridad inform\u00e1tica coinciden en que la prevenci\u00f3n es la barrera m\u00e1s efectiva. Para mantener tu privacidad a salvo este a\u00f1o, se recomiendan estas pr\u00e1cticas esenciales:<\/p>\n<ol start=\"1\" data-path-to-node=\"12\">\n<li>\n<p data-path-to-node=\"12,0,0\"><b data-path-to-node=\"12,0,0\" data-index-in-node=\"0\">Limpieza de huella digital:<\/b> Revisa y cancela suscripciones o servicios que ya no utilizas. Cada cuenta activa es una puerta potencial para una filtraci\u00f3n de datos.<\/p>\n<\/li>\n<li>\n<p data-path-to-node=\"12,1,0\"><b data-path-to-node=\"12,1,0\" data-index-in-node=\"0\">Autenticaci\u00f3n de Dos Pasos (2FA):<\/b> No basta con una contrase\u00f1a robusta. Activar el segundo factor en correos, redes sociales y billeteras virtuales es la medida de seguridad m\u00e1s eficiente hoy en d\u00eda.<\/p>\n<\/li>\n<li>\n<p data-path-to-node=\"12,2,0\"><b data-path-to-node=\"12,2,0\" data-index-in-node=\"0\">Gesti\u00f3n de contrase\u00f1as:<\/b> Evita reutilizar claves. El uso de gestores de contrase\u00f1as permite tener claves \u00fanicas y complejas (may\u00fasculas, n\u00fameros y s\u00edmbolos) para cada sitio sin necesidad de memorizarlas.<\/p>\n<\/li>\n<li>\n<p data-path-to-node=\"12,3,0\"><b data-path-to-node=\"12,3,0\" data-index-in-node=\"0\">Desconfianza proactiva:<\/b> Ante correos o mensajes que soliciten datos sensibles o prometan premios urgentes, nunca hagas clic en los enlaces. Verifica siempre a trav\u00e9s de los canales oficiales.<\/p>\n<\/li>\n<li>\n<p data-path-to-node=\"12,4,0\"><b data-path-to-node=\"12,4,0\" data-index-in-node=\"0\">Copia de seguridad cifrada:<\/b> Realiza respaldos peri\u00f3dicos de tu informaci\u00f3n importante, preferentemente en dos soportes distintos (uno f\u00edsico y uno en la nube con cifrado).<\/p>\n<\/li>\n<\/ol>\n<h3 data-path-to-node=\"13\">El desaf\u00edo de la legislaci\u00f3n argentina<\/h3>\n<p data-path-to-node=\"14\">Argentina se encuentra en un proceso de actualizaci\u00f3n normativa para alinearse con est\u00e1ndares internacionales como el Reglamento General de Protecci\u00f3n de Datos (GDPR) de Europa. El proyecto de reforma busca incorporar el principio de \u00abresponsabilidad proactiva\u00bb y fortalecer las sanciones para empresas que no garanticen la seguridad de las bases de datos de sus clientes.<\/p>\n<p data-path-to-node=\"15\">En definitiva, la <b data-path-to-node=\"15\" data-index-in-node=\"18\">protecci\u00f3n de datos<\/b> no es solo una tarea del Estado o de las empresas; comienza con la toma de conciencia individual. Como usuarios, el primer paso para proteger nuestra libertad en el mundo digital es entender qu\u00e9 compartimos, con qui\u00e9n y para qu\u00e9.<\/p>\n","protected":false},"excerpt":{"rendered":"<p>Hoy, mi\u00e9rcoles 28 de enero de 2026, el mundo celebra el D\u00eda Internacional de la Protecci\u00f3n de Datos Personales. La<\/p>\n","protected":false},"author":1,"featured_media":69632,"comment_status":"closed","ping_status":"closed","sticky":false,"template":"","format":"standard","meta":{"kia_subtitle":"Este 28 de enero se conmemora la jornada mundial para concienciar sobre el derecho a la privacidad. En un contexto de hiperconectividad, los expertos advierten sobre los riesgos de la identidad digital.","footnotes":"","jetpack_publicize_message":"","jetpack_publicize_feature_enabled":true,"jetpack_social_post_already_shared":true,"jetpack_social_options":{"image_generator_settings":{"template":"highway","default_image_id":0,"font":"","enabled":false},"version":2}},"categories":[5,2594],"tags":[],"class_list":["post-123668","post","type-post","status-publish","format-standard","has-post-thumbnail","hentry","category-cultura","category-efemerides"],"jetpack_publicize_connections":[],"jetpack_featured_media_url":"https:\/\/laurbedigital.com.ar\/noticias\/wp-content\/uploads\/2022\/01\/20220129-Proteccion-de-datos.jpg","_links":{"self":[{"href":"https:\/\/laurbedigital.com.ar\/noticias\/wp-json\/wp\/v2\/posts\/123668","targetHints":{"allow":["GET"]}}],"collection":[{"href":"https:\/\/laurbedigital.com.ar\/noticias\/wp-json\/wp\/v2\/posts"}],"about":[{"href":"https:\/\/laurbedigital.com.ar\/noticias\/wp-json\/wp\/v2\/types\/post"}],"author":[{"embeddable":true,"href":"https:\/\/laurbedigital.com.ar\/noticias\/wp-json\/wp\/v2\/users\/1"}],"replies":[{"embeddable":true,"href":"https:\/\/laurbedigital.com.ar\/noticias\/wp-json\/wp\/v2\/comments?post=123668"}],"version-history":[{"count":2,"href":"https:\/\/laurbedigital.com.ar\/noticias\/wp-json\/wp\/v2\/posts\/123668\/revisions"}],"predecessor-version":[{"id":123670,"href":"https:\/\/laurbedigital.com.ar\/noticias\/wp-json\/wp\/v2\/posts\/123668\/revisions\/123670"}],"wp:featuredmedia":[{"embeddable":true,"href":"https:\/\/laurbedigital.com.ar\/noticias\/wp-json\/wp\/v2\/media\/69632"}],"wp:attachment":[{"href":"https:\/\/laurbedigital.com.ar\/noticias\/wp-json\/wp\/v2\/media?parent=123668"}],"wp:term":[{"taxonomy":"category","embeddable":true,"href":"https:\/\/laurbedigital.com.ar\/noticias\/wp-json\/wp\/v2\/categories?post=123668"},{"taxonomy":"post_tag","embeddable":true,"href":"https:\/\/laurbedigital.com.ar\/noticias\/wp-json\/wp\/v2\/tags?post=123668"}],"curies":[{"name":"wp","href":"https:\/\/api.w.org\/{rel}","templated":true}]}}