{"id":123660,"date":"2026-01-27T00:56:52","date_gmt":"2026-01-27T03:56:52","guid":{"rendered":"https:\/\/laurbedigital.com.ar\/noticias\/?p=123660"},"modified":"2026-01-27T00:56:52","modified_gmt":"2026-01-27T03:56:52","slug":"crisis-en-la-industria-carnica-el-fabricante-de-paty-al-borde-del-cierre","status":"publish","type":"post","link":"https:\/\/laurbedigital.com.ar\/noticias\/2026\/01\/27\/crisis-en-la-industria-carnica-el-fabricante-de-paty-al-borde-del-cierre\/","title":{"rendered":"Crisis en la industria c\u00e1rnica: el fabricante de Paty al borde del cierre"},"content":{"rendered":"<p data-path-to-node=\"3\">La industria c\u00e1rnica argentina atraviesa uno de sus momentos m\u00e1s cr\u00edticos, marcado por una combinaci\u00f3n letal de ca\u00edda en el consumo interno y asfixia financiera. El <b data-path-to-node=\"3\" data-index-in-node=\"165\">Frigor\u00edfico Pico<\/b>, emblem\u00e1tico establecimiento ubicado en la localidad de Trenel, La Pampa, y responsable de la producci\u00f3n de las famosas hamburguesas <b data-path-to-node=\"3\" data-index-in-node=\"315\">Paty<\/b>, se encuentra actualmente al borde del cese definitivo de sus operaciones. La firma, propiedad de la familia Lowenstein, ha decidido suspender a la totalidad de su plantilla durante el mes de enero, dejando en vilo a 450 familias y encendiendo las alarmas en toda la regi\u00f3n pampeana.<\/p>\n<h4 data-path-to-node=\"4\">El impacto de la crisis en Trenel y la regi\u00f3n<\/h4>\n<p data-path-to-node=\"5\">La paralizaci\u00f3n de la planta del <b data-path-to-node=\"5\" data-index-in-node=\"33\">Frigor\u00edfico Pico<\/b> no es solo un problema corporativo; representa un golpe devastador para la econom\u00eda de Trenel y las localidades circundantes. Tras haber abonado el medio aguinaldo en cuotas y forzado vacaciones obligatorias a finales de diciembre, la empresa notific\u00f3 que durante enero los operarios percibir\u00e1n una suma fija de $500.000 y una entrega de mercader\u00eda c\u00e1rnica.<\/p>\n<p data-path-to-node=\"6\">Esta medida de emergencia responde a una realidad productiva insostenible: la faena diaria del establecimiento se desplom\u00f3 de 600 animales a apenas 50. Aunque la empresa no ha emitido un comunicado t\u00e9cnico detallado sobre las causas espec\u00edficas de este derrumbe, el escenario macroecon\u00f3mico ofrece respuestas claras. El consumo de carne en Argentina se mantiene en m\u00ednimos hist\u00f3ricos, mientras que los precios en mostrador han escalado al doble del \u00edndice de inflaci\u00f3n general, alejando el producto de la mesa de los ciudadanos.<\/p>\n<h4 data-path-to-node=\"7\">Un gigante con pies de barro: deudas y cheques rechazados<\/h4>\n<p data-path-to-node=\"8\">Detr\u00e1s de la marca <b data-path-to-node=\"8\" data-index-in-node=\"19\">Paty<\/b> y del apellido Lowenstein \u2014fundadores tambi\u00e9n del complejo Las Le\u00f1as y referentes de s\u00e9ptima generaci\u00f3n en el rubro\u2014 se esconde un descalabro financiero de magnitudes sist\u00e9micas. Seg\u00fan registros del Banco Central de la Rep\u00fablica Argentina, la firma acumula una deuda que ronda los $30.000 millones con diversas entidades bancarias.<\/p>\n<p data-path-to-node=\"9\">El pasivo m\u00e1s significativo se mantiene con el Banco de La Pampa, con compromisos que superan los $9.000 millones. A esto se suma una alarmante cadena de pagos rota, evidenciada en m\u00e1s de mil cheques rechazados. Esta situaci\u00f3n coloca al frigor\u00edfico en una posici\u00f3n de vulnerabilidad extrema, donde la posibilidad de una quiebra o un cierre definitivo parece ser el desenlace m\u00e1s probable si no media un rescate financiero o una reestructuraci\u00f3n profunda de la deuda.<\/p>\n<h4 data-path-to-node=\"10\">El efecto domin\u00f3: el caso del Frigor\u00edfico Euro en Santa Fe<\/h4>\n<p data-path-to-node=\"11\">La crisis del <b data-path-to-node=\"11\" data-index-in-node=\"14\">Frigor\u00edfico Pico<\/b> no es un hecho aislado, sino el s\u00edntoma de una enfermedad que afecta a toda la cadena de valor de la carne. En la provincia de Santa Fe, el <b data-path-to-node=\"11\" data-index-in-node=\"171\">Frigor\u00edfico Euro<\/b>, situado en Villa Gobernador G\u00e1lvez, atraviesa una situaci\u00f3n a\u00fan m\u00e1s dram\u00e1tica. All\u00ed, la desidia empresarial y el contexto econ\u00f3mico han llevado a los trabajadores a extremos desesperantes.<\/p>\n<p data-path-to-node=\"12\">Walter Navarro, delegado de la planta santafesina, denunci\u00f3 que la firma ha reducido su personal de 750 operarios a tan solo 150 mediante despidos y retiros voluntarios forzosos. Lo m\u00e1s grave es que los trabajadores no perciben sus haberes desde septiembre de 2024, incluyendo el aguinaldo. La precariedad es tal que varios empleados, tras ser desalojados de sus viviendas por falta de pago, se han visto obligados a pernoctar dentro de las instalaciones de la f\u00e1brica.<\/p>\n<blockquote data-path-to-node=\"13\">\n<p data-path-to-node=\"13,0\">\u00abLos due\u00f1os desaparecieron\u00bb, sentenci\u00f3 Navarro, quien adem\u00e1s se\u00f1al\u00f3 que las negociaciones con potenciales compradores se encuentran estancadas debido a que los propietarios actuales exigen sumas que superan ampliamente las deudas salariales acumuladas, bloqueando cualquier salida viable para el conflicto.<\/p>\n<\/blockquote>\n<h4 data-path-to-node=\"14\">Un sector entre el estancamiento y la incertidumbre<\/h4>\n<p data-path-to-node=\"15\">El panorama para la industria c\u00e1rnica en 2026 se presenta sombr\u00edo. La capacidad instalada de los frigor\u00edficos, especialmente aquellos orientados al consumo interno, est\u00e1 subutilizada. Mientras las empresas de exportaci\u00f3n intentan surfear la ola de la demanda internacional, el mercado dom\u00e9stico sufre el impacto del ajuste y la p\u00e9rdida del poder adquisitivo.<\/p>\n<p data-path-to-node=\"16\">La crisis del <b data-path-to-node=\"16\" data-index-in-node=\"14\">Frigor\u00edfico Pico<\/b> y el fabricante de <b data-path-to-node=\"16\" data-index-in-node=\"50\">Paty<\/b> pone de manifiesto que ni siquiera las marcas con mayor arraigo y trayectoria est\u00e1n a salvo de la tormenta financiera. La acumulaci\u00f3n de deuda, el costo de los insumos y la ca\u00edda vertical de las ventas configuran un \u00abtormenta perfecta\u00bb que amenaza con desmantelar una de las industrias pilares de la identidad econ\u00f3mica argentina.<\/p>\n<h4 data-path-to-node=\"17\">Conclusi\u00f3n y perspectivas<\/h4>\n<p data-path-to-node=\"18\">El futuro de los 450 trabajadores pampeanos y de los operarios santafesinos depende de decisiones pol\u00edticas y financieras que a\u00fan no asoman en el horizonte. La ca\u00edda del <b data-path-to-node=\"18\" data-index-in-node=\"170\">Frigor\u00edfico Pico<\/b> no solo significar\u00eda la desaparici\u00f3n de un actor clave en la producci\u00f3n de alimentos, sino tambi\u00e9n un precedente peligroso para otros establecimientos que enfrentan condiciones crediticias similares. La pregunta que queda en el aire es si el sector podr\u00e1 resistir un a\u00f1o m\u00e1s de estancamiento o si asistiremos a una reconfiguraci\u00f3n forzada de la industria c\u00e1rnica nacional, donde solo los m\u00e1s grandes o los m\u00e1s internacionalizados logren sobrevivir.<\/p>\n","protected":false},"excerpt":{"rendered":"<p>La industria c\u00e1rnica argentina atraviesa uno de sus momentos m\u00e1s cr\u00edticos, marcado por una combinaci\u00f3n letal de ca\u00edda en el<\/p>\n","protected":false},"author":1,"featured_media":123661,"comment_status":"closed","ping_status":"closed","sticky":false,"template":"","format":"standard","meta":{"kia_subtitle":"El Frigor\u00edfico Pico suspendi\u00f3 a 450 empleados en La Pampa debido a una deuda millonaria y la ca\u00edda del consumo de carne, reflejando una crisis que afecta a todo el sector.","footnotes":"","jetpack_publicize_message":"","jetpack_publicize_feature_enabled":true,"jetpack_social_post_already_shared":true,"jetpack_social_options":{"image_generator_settings":{"template":"highway","default_image_id":0,"font":"","enabled":false},"version":2}},"categories":[3,41],"tags":[],"class_list":["post-123660","post","type-post","status-publish","format-standard","has-post-thumbnail","hentry","category-actualidad","category-nacionales"],"jetpack_publicize_connections":[],"jetpack_featured_media_url":"https:\/\/laurbedigital.com.ar\/noticias\/wp-content\/uploads\/2026\/01\/20260127-hamburguesas.jpg","_links":{"self":[{"href":"https:\/\/laurbedigital.com.ar\/noticias\/wp-json\/wp\/v2\/posts\/123660","targetHints":{"allow":["GET"]}}],"collection":[{"href":"https:\/\/laurbedigital.com.ar\/noticias\/wp-json\/wp\/v2\/posts"}],"about":[{"href":"https:\/\/laurbedigital.com.ar\/noticias\/wp-json\/wp\/v2\/types\/post"}],"author":[{"embeddable":true,"href":"https:\/\/laurbedigital.com.ar\/noticias\/wp-json\/wp\/v2\/users\/1"}],"replies":[{"embeddable":true,"href":"https:\/\/laurbedigital.com.ar\/noticias\/wp-json\/wp\/v2\/comments?post=123660"}],"version-history":[{"count":1,"href":"https:\/\/laurbedigital.com.ar\/noticias\/wp-json\/wp\/v2\/posts\/123660\/revisions"}],"predecessor-version":[{"id":123662,"href":"https:\/\/laurbedigital.com.ar\/noticias\/wp-json\/wp\/v2\/posts\/123660\/revisions\/123662"}],"wp:featuredmedia":[{"embeddable":true,"href":"https:\/\/laurbedigital.com.ar\/noticias\/wp-json\/wp\/v2\/media\/123661"}],"wp:attachment":[{"href":"https:\/\/laurbedigital.com.ar\/noticias\/wp-json\/wp\/v2\/media?parent=123660"}],"wp:term":[{"taxonomy":"category","embeddable":true,"href":"https:\/\/laurbedigital.com.ar\/noticias\/wp-json\/wp\/v2\/categories?post=123660"},{"taxonomy":"post_tag","embeddable":true,"href":"https:\/\/laurbedigital.com.ar\/noticias\/wp-json\/wp\/v2\/tags?post=123660"}],"curies":[{"name":"wp","href":"https:\/\/api.w.org\/{rel}","templated":true}]}}